{"id":58139,"date":"2021-10-20T14:51:54","date_gmt":"2021-10-20T11:51:54","guid":{"rendered":"http:\/\/infois.ro\/?p=58139"},"modified":"2021-10-21T08:53:20","modified_gmt":"2021-10-21T05:53:20","slug":"cepoi-dsp-ritmul-de-testare-a-elevilor-in-scoala-este-departe-de-a-fi-incurajator","status":"publish","type":"post","link":"http:\/\/infois.ro\/?p=58139","title":{"rendered":"Cepoi (DSP): Ritmul de testare a elevilor \u00een \u015fcoal\u0103 este departe de a fi \u00eencurajator"},"content":{"rendered":"<p><a href=\"http:\/\/infois.ro\/wp-content\/uploads\/2021\/02\/elevi-cu-masca.jpg\"><img loading=\"lazy\" decoding=\"async\" class=\"alignleft  wp-image-52866\" src=\"http:\/\/infois.ro\/wp-content\/uploads\/2021\/02\/elevi-cu-masca.jpg\" alt=\"\" width=\"323\" height=\"215\" srcset=\"http:\/\/infois.ro\/wp-content\/uploads\/2021\/02\/elevi-cu-masca.jpg 640w, http:\/\/infois.ro\/wp-content\/uploads\/2021\/02\/elevi-cu-masca-300x200.jpg 300w\" sizes=\"(max-width: 323px) 100vw, 323px\" \/><\/a><\/p>\n<p style=\"text-align: justify;\">Directorul Direc\u0163iei de S\u0103n\u0103tate Public\u0103 (DSP) Ia\u015fi, medicul Vasile Cepoi, este nemul\u0163umit de ritmul \u00een care are loc testarea elevilor \u00een \u015fcoli pentru depistarea infec\u0163iilor cu virusul SARS-CoV-2.\u00a0 Potrivit acestuia, rezultatele sunt departe de a fi \u00eencurajatoare, \u00een condi\u0163iile \u00een care p\u00e2n\u0103 acum au fost efectuate doar 3.700 de teste din totalul celor 25.000 repartizate de DSP unit\u0103\u0163ilor de \u00eenv\u0103\u0163\u0103m\u00e2nt din jude\u0163.<\/p>\n<p style=\"text-align: justify;\">\u201cP\u0103rin\u0163ii refuz\u0103, \u00een continuare, s\u0103-\u015fi dea acordul pentru testarea copiilor. Frecvent constat\u0103m c\u0103 la \u00eentoarcerea \u00een \u015fcoal\u0103, dup\u0103 cele opt zile de la suspendarea orelor, o mare parte dintre copii sunt pozitivi. Faptul c\u0103 infec\u0163ia la copii se manifest\u0103 cel mai frecvent asimptomatic face din ei un vector extrem de puternic \u00een diseminarea bolii. De aceea, va trebui s\u0103 fie luate m\u0103suri care s\u0103 limiteze aceast\u0103 mobilitate \u015fi cred c\u0103 solu\u0163ia este la nivelul consiliilor de administra\u0163ie a \u015fcolilor, pentru c\u0103 legisla\u0163ia nu prevede posibilitatea \u00eentreruperii cursurilor, dar acolo unde inciden\u0163a cazurilor pozitive este mare ar trebui ca membrii consiliilor de administra\u0163ie s\u0103 decid\u0103 suspendarea orelor\u201d, a declarat medicul.<\/p>\n","protected":false},"excerpt":{"rendered":"<p>Directorul Direc\u0163iei de S\u0103n\u0103tate Public\u0103 (DSP) Ia\u015fi, medicul Vasile Cepoi, este nemul\u0163umit de ritmul \u00een&#8230; <a class=\"meta-more\" href=\"http:\/\/infois.ro\/?p=58139\">more <span class=\"meta-nav\">&raquo;<\/span><\/a><\/p>\n","protected":false},"author":2,"featured_media":52866,"comment_status":"closed","ping_status":"closed","sticky":false,"template":"","format":"standard","meta":{"footnotes":""},"categories":[12,41],"tags":[74,13025,89,40,6133],"aioseo_notices":[],"_links":{"self":[{"href":"http:\/\/infois.ro\/index.php?rest_route=\/wp\/v2\/posts\/58139"}],"collection":[{"href":"http:\/\/infois.ro\/index.php?rest_route=\/wp\/v2\/posts"}],"about":[{"href":"http:\/\/infois.ro\/index.php?rest_route=\/wp\/v2\/types\/post"}],"author":[{"embeddable":true,"href":"http:\/\/infois.ro\/index.php?rest_route=\/wp\/v2\/users\/2"}],"replies":[{"embeddable":true,"href":"http:\/\/infois.ro\/index.php?rest_route=%2Fwp%2Fv2%2Fcomments&post=58139"}],"version-history":[{"count":1,"href":"http:\/\/infois.ro\/index.php?rest_route=\/wp\/v2\/posts\/58139\/revisions"}],"predecessor-version":[{"id":58140,"href":"http:\/\/infois.ro\/index.php?rest_route=\/wp\/v2\/posts\/58139\/revisions\/58140"}],"wp:featuredmedia":[{"embeddable":true,"href":"http:\/\/infois.ro\/index.php?rest_route=\/wp\/v2\/media\/52866"}],"wp:attachment":[{"href":"http:\/\/infois.ro\/index.php?rest_route=%2Fwp%2Fv2%2Fmedia&parent=58139"}],"wp:term":[{"taxonomy":"category","embeddable":true,"href":"http:\/\/infois.ro\/index.php?rest_route=%2Fwp%2Fv2%2Fcategories&post=58139"},{"taxonomy":"post_tag","embeddable":true,"href":"http:\/\/infois.ro\/index.php?rest_route=%2Fwp%2Fv2%2Ftags&post=58139"}],"curies":[{"name":"wp","href":"https:\/\/api.w.org\/{rel}","templated":true}]}}