{"id":60727,"date":"2022-02-27T19:13:35","date_gmt":"2022-02-27T17:13:35","guid":{"rendered":"http:\/\/infois.ro\/?p=60727"},"modified":"2022-02-28T09:15:10","modified_gmt":"2022-02-28T07:15:10","slug":"universitatea-alexandru-ioan-cuza-continua-actiunile-de-sprijinire-a-refugiatilor-din-ucraina","status":"publish","type":"post","link":"http:\/\/infois.ro\/?p=60727","title":{"rendered":"Universitatea \u201cAlexandru Ioan Cuza\u201d continu\u0103 ac\u021biunile de sprijinire a refugia\u021bilor din Ucraina"},"content":{"rendered":"<p><a href=\"http:\/\/infois.ro\/wp-content\/uploads\/2022\/02\/refugiati-ucraina.jpg\"><img loading=\"lazy\" decoding=\"async\" class=\"alignleft  wp-image-60667\" src=\"http:\/\/infois.ro\/wp-content\/uploads\/2022\/02\/refugiati-ucraina.jpg\" alt=\"\" width=\"414\" height=\"233\" srcset=\"http:\/\/infois.ro\/wp-content\/uploads\/2022\/02\/refugiati-ucraina.jpg 640w, http:\/\/infois.ro\/wp-content\/uploads\/2022\/02\/refugiati-ucraina-300x169.jpg 300w, http:\/\/infois.ro\/wp-content\/uploads\/2022\/02\/refugiati-ucraina-140x80.jpg 140w\" sizes=\"(max-width: 414px) 100vw, 414px\" \/><\/a><\/p>\n<p style=\"text-align: justify;\">Universitatea \u201eAlexandru Ioan Cuza\u201d din Ia\u0219i (UAIC) a decis s\u0103 asigure cazarea pentru un num\u0103r de 45 de refugia\u021bi din Ucraina \u00een cadrul Sta\u0163iunii Biologice Marine \u201eProf. Dr. Ioan Borcea\u201d de la Agigea, jude\u021bul Constan\u021ba. De asemenea, la solicitarea Ambasadei Tunisiei \u00een Rom\u00e2nia, UAIC asigur\u0103 cazarea, iar Mitropolia Moldovei \u0219i Bucovinei (MMB) masa pentru un num\u0103r de 80 de studen\u021bi tunisieni care studiaz\u0103 la universit\u0103\u021bile din Ucraina \u0219i care vor tranzita Rom\u00e2nia \u00een drum spre Tunisia. Studen\u021bii tunisieni vor fi caza\u021bi \u00een c\u0103minul \u201eBuna vestire\u201d \u0219i \u00een complexul studen\u021besc \u201eAkademos\u201d al UAIC. \u00centr-un comunicat de pres\u0103, reprezentan\u021bii Universit\u0103\u021bii \u201eAlexandru Ioan Cuza\u201d afirm\u0103 c\u0103 institu\u021bia de \u00eenv\u0103\u021b\u0103m\u00e2nt superior va continua s\u0103 mobilizeze toate resursele de care dispune pentru a fi puse la dispozi\u021bia persoanelor afectate de conflictul din Ucraina, care au nevoie de ajutor.<\/p>\n","protected":false},"excerpt":{"rendered":"<p>Universitatea \u201eAlexandru Ioan Cuza\u201d din Ia\u0219i (UAIC) a decis s\u0103 asigure cazarea pentru un num\u0103r&#8230; <a class=\"meta-more\" href=\"http:\/\/infois.ro\/?p=60727\">more <span class=\"meta-nav\">&raquo;<\/span><\/a><\/p>\n","protected":false},"author":2,"featured_media":60667,"comment_status":"closed","ping_status":"closed","sticky":false,"template":"","format":"standard","meta":{"footnotes":""},"categories":[12,41],"tags":[74,3555,40,2071,1437,6648],"aioseo_notices":[],"_links":{"self":[{"href":"http:\/\/infois.ro\/index.php?rest_route=\/wp\/v2\/posts\/60727"}],"collection":[{"href":"http:\/\/infois.ro\/index.php?rest_route=\/wp\/v2\/posts"}],"about":[{"href":"http:\/\/infois.ro\/index.php?rest_route=\/wp\/v2\/types\/post"}],"author":[{"embeddable":true,"href":"http:\/\/infois.ro\/index.php?rest_route=\/wp\/v2\/users\/2"}],"replies":[{"embeddable":true,"href":"http:\/\/infois.ro\/index.php?rest_route=%2Fwp%2Fv2%2Fcomments&post=60727"}],"version-history":[{"count":1,"href":"http:\/\/infois.ro\/index.php?rest_route=\/wp\/v2\/posts\/60727\/revisions"}],"predecessor-version":[{"id":60728,"href":"http:\/\/infois.ro\/index.php?rest_route=\/wp\/v2\/posts\/60727\/revisions\/60728"}],"wp:featuredmedia":[{"embeddable":true,"href":"http:\/\/infois.ro\/index.php?rest_route=\/wp\/v2\/media\/60667"}],"wp:attachment":[{"href":"http:\/\/infois.ro\/index.php?rest_route=%2Fwp%2Fv2%2Fmedia&parent=60727"}],"wp:term":[{"taxonomy":"category","embeddable":true,"href":"http:\/\/infois.ro\/index.php?rest_route=%2Fwp%2Fv2%2Fcategories&post=60727"},{"taxonomy":"post_tag","embeddable":true,"href":"http:\/\/infois.ro\/index.php?rest_route=%2Fwp%2Fv2%2Ftags&post=60727"}],"curies":[{"name":"wp","href":"https:\/\/api.w.org\/{rel}","templated":true}]}}