{"id":60785,"date":"2022-03-01T18:11:39","date_gmt":"2022-03-01T16:11:39","guid":{"rendered":"http:\/\/infois.ro\/?p=60785"},"modified":"2022-03-02T10:13:36","modified_gmt":"2022-03-02T08:13:36","slug":"actiuni-de-sprijin-pentru-refugiatii-din-ucraina-organizate-de-inspectoratul-scolar-judetean","status":"publish","type":"post","link":"http:\/\/infois.ro\/?p=60785","title":{"rendered":"Ac\u021biuni de sprijin pentru refugia\u021bii din Ucraina, organizate de Inspectoratul \u0218colar Jude\u021bean"},"content":{"rendered":"<p><a href=\"http:\/\/infois.ro\/wp-content\/uploads\/2022\/03\/sprijin-isj.jpg\"><img loading=\"lazy\" decoding=\"async\" class=\"alignleft  wp-image-60786\" src=\"http:\/\/infois.ro\/wp-content\/uploads\/2022\/03\/sprijin-isj.jpg\" alt=\"\" width=\"400\" height=\"225\" srcset=\"http:\/\/infois.ro\/wp-content\/uploads\/2022\/03\/sprijin-isj.jpg 640w, http:\/\/infois.ro\/wp-content\/uploads\/2022\/03\/sprijin-isj-300x169.jpg 300w, http:\/\/infois.ro\/wp-content\/uploads\/2022\/03\/sprijin-isj-140x80.jpg 140w\" sizes=\"(max-width: 400px) 100vw, 400px\" \/><\/a><\/p>\n<p style=\"text-align: justify;\">R\u0103spunz\u00e2nd nevoilor timpului pe care \u00eel parcurgem, precum \u0219i dorin\u021bei \u0219colilor ie\u0219ene de a oferi ajutor persoanelor, copii \u0219i adul\u021bi, care sunt nevoite s\u0103 se refugieze din calea r\u0103zboiului din Ucraina, Inspectoratul \u0218colar Jude\u021bean Ia\u0219i a \u00eenceput demersurile de organizare a ac\u021biunilor de \u00eentrajutorare plasate sub semnul solidarit\u0103\u021bii, al compasiunii \u0219i, \u00een mod special, al grijii fa\u021b\u0103 de copii \u0219i de educa\u021bia acestora. O prim\u0103 etap\u0103, din acest ansamblu de m\u0103suri, denumit generic \u201e\u00cempreun\u0103 pentru speran\u021b\u0103. \u0218coala ie\u0219ean\u0103 al\u0103turi de refugia\u021bii r\u0103zboiului din Ucraina\u201d, este identificarea, la solicitarea Institu\u021biei Prefectului Ia\u0219i, a unor spa\u021bii de cazare care vor putea fi folosite de persoanele refugiate sosite \u00een jude\u021bul Ia\u0219i. O alt\u0103 ac\u021biune, aflat\u0103 \u00een derulare \u00een acest moment \u0219i care vine ca r\u0103spuns la dorin\u021ba profesorilor, elevilor \u0219i p\u0103rin\u021bilor unit\u0103\u021bilor \u0219colare ie\u0219ene de a se implica, este organizarea campaniei de colectare a dona\u021biilor prin care vor fi sprijinite persoanele refugiate. \u00cen perioada 02.03. \u2013 07.03.2022, unit\u0103\u021bile \u0219colare vor colecta produsele donate: alimente neperisabile, ap\u0103, medicamente (adul\u021bi\/ copii), lapte praf, produse de igien\u0103 (adul\u021bi\/ copii), p\u0103turi etc. Pentru eficien\u021b\u0103 \u00een distribu\u021bie, dona\u021biile colectate \u00een unit\u0103\u021bile de \u00eenv\u0103\u021b\u0103m\u00e2nt vor fi ambalate \u00een cutii care s\u0103 con\u021bin\u0103 acela\u0219i tip de produs, consemn\u00e2ndu-se pe cutie categoria de produse con\u021binute. Dona\u021biile vor fi, ulterior, predate c\u0103tre Depozitul de carte al I.S.J. Ia\u0219i pentru a fi distribuite celor afla\u021bi \u00een nevoie. Totodat\u0103, Inspectoratul \u0218colar Jude\u021bean Ia\u0219i preg\u0103te\u0219te un program educativ-formativ, cu accent asupra activit\u0103\u021bilor nonformale, \u00een care s\u0103 fie incluse ateliere de lucru cu tematici diferite, adaptate nevoilor copiilor care vor sosi \u00een jude\u021bul Ia\u0219i, precum \u0219i v\u00e2rstei acestora. Comunitatea educa\u021bional\u0103 ie\u0219ean\u0103, prin elevi \u0219i p\u0103rin\u021bii acestora, prin profesori, \u00eenv\u0103\u021b\u0103tori\u00a0 \u0219i educatori a \u00eenv\u0103\u021bat, \u00een ace\u0219ti ani dificili, c\u0103 solidaritatea, cooperarea \u0219i colaborarea sunt valori universale care transgreseaz\u0103 orice barier\u0103 cultural\u0103 sau lingvistic\u0103 \u0219i au darul de a alina suferin\u021be.<\/p>\n","protected":false},"excerpt":{"rendered":"<p>R\u0103spunz\u00e2nd nevoilor timpului pe care \u00eel parcurgem, precum \u0219i dorin\u021bei \u0219colilor ie\u0219ene de a oferi&#8230; <a class=\"meta-more\" href=\"http:\/\/infois.ro\/?p=60785\">more <span class=\"meta-nav\">&raquo;<\/span><\/a><\/p>\n","protected":false},"author":2,"featured_media":60786,"comment_status":"closed","ping_status":"closed","sticky":false,"template":"","format":"standard","meta":{"footnotes":""},"categories":[12,41],"tags":[74,3390,271,40,1637,2071,1437],"aioseo_notices":[],"_links":{"self":[{"href":"http:\/\/infois.ro\/index.php?rest_route=\/wp\/v2\/posts\/60785"}],"collection":[{"href":"http:\/\/infois.ro\/index.php?rest_route=\/wp\/v2\/posts"}],"about":[{"href":"http:\/\/infois.ro\/index.php?rest_route=\/wp\/v2\/types\/post"}],"author":[{"embeddable":true,"href":"http:\/\/infois.ro\/index.php?rest_route=\/wp\/v2\/users\/2"}],"replies":[{"embeddable":true,"href":"http:\/\/infois.ro\/index.php?rest_route=%2Fwp%2Fv2%2Fcomments&post=60785"}],"version-history":[{"count":1,"href":"http:\/\/infois.ro\/index.php?rest_route=\/wp\/v2\/posts\/60785\/revisions"}],"predecessor-version":[{"id":60787,"href":"http:\/\/infois.ro\/index.php?rest_route=\/wp\/v2\/posts\/60785\/revisions\/60787"}],"wp:featuredmedia":[{"embeddable":true,"href":"http:\/\/infois.ro\/index.php?rest_route=\/wp\/v2\/media\/60786"}],"wp:attachment":[{"href":"http:\/\/infois.ro\/index.php?rest_route=%2Fwp%2Fv2%2Fmedia&parent=60785"}],"wp:term":[{"taxonomy":"category","embeddable":true,"href":"http:\/\/infois.ro\/index.php?rest_route=%2Fwp%2Fv2%2Fcategories&post=60785"},{"taxonomy":"post_tag","embeddable":true,"href":"http:\/\/infois.ro\/index.php?rest_route=%2Fwp%2Fv2%2Ftags&post=60785"}],"curies":[{"name":"wp","href":"https:\/\/api.w.org\/{rel}","templated":true}]}}