{"id":61873,"date":"2022-04-20T15:33:30","date_gmt":"2022-04-20T12:33:30","guid":{"rendered":"http:\/\/infois.ro\/?p=61873"},"modified":"2022-04-21T08:35:23","modified_gmt":"2022-04-21T05:35:23","slug":"salariatii-afectati-de-conflictul-din-ucraina-pot-primi-ajutorul-de-somaj-pana-la-data-de-31-decembrie-2022","status":"publish","type":"post","link":"http:\/\/infois.ro\/?p=61873","title":{"rendered":"Salaria\u021bii afecta\u021bi de conflictul din Ucraina pot primi ajutorul de \u0219omaj p\u00e2n\u0103 la data de 31 decembrie 2022"},"content":{"rendered":"<p><a href=\"http:\/\/infois.ro\/wp-content\/uploads\/2022\/04\/gabriela-vasilache.jpg\"><img loading=\"lazy\" decoding=\"async\" class=\"alignleft  wp-image-61874\" src=\"http:\/\/infois.ro\/wp-content\/uploads\/2022\/04\/gabriela-vasilache.jpg\" alt=\"\" width=\"428\" height=\"267\" srcset=\"http:\/\/infois.ro\/wp-content\/uploads\/2022\/04\/gabriela-vasilache.jpg 640w, http:\/\/infois.ro\/wp-content\/uploads\/2022\/04\/gabriela-vasilache-300x187.jpg 300w\" sizes=\"(max-width: 428px) 100vw, 428px\" \/><\/a><\/p>\n<p style=\"text-align: justify;\">Agen\u021bia Jude\u021bean\u0103 pentru Ocuparea For\u021bei de Munc\u0103 (AJOFM) Ia\u015fi informeaz\u0103 agen\u021bii economici cu privire la faptul c\u0103 prin pachetul de m\u0103suri \u201eSprijin pentru Rom\u00e2nia\u201d Guvernul a prev\u0103zut acordarea \u0219omajului tehnic p\u00e2n\u0103 la data de 31.12.2022 \u00een baza OUG nr. 36\/2022 salaria\u021bilor angajatorilor afecta\u021bi de conflictul armat din Ucraina sau ca urmare a sanc\u021biunilor interna\u021bionale aplicate Federa\u021biei Ruse \u0219i Belarusului. \u201cM\u0103sura privind reducerea timpului de munc\u0103 a salaria\u021bilor (Kurzarbeit) se acord\u0103 \u00eenc\u0103 trei luni de la data \u00eencet\u0103rii st\u0103rii de alert\u0103, respectiv p\u00e2n\u0103 la data de 08.06.2022, Guvernul Rom\u00e2niei av\u00e2nd \u00een lucru un proiect de prelungire a acestei m\u0103suri\u201d, a precizat Gabriela Vasilache, directorul executiv al AJOFM Ia\u0219i.<\/p>\n","protected":false},"excerpt":{"rendered":"<p>Agen\u021bia Jude\u021bean\u0103 pentru Ocuparea For\u021bei de Munc\u0103 (AJOFM) Ia\u015fi informeaz\u0103 agen\u021bii economici cu privire la&#8230; <a class=\"meta-more\" href=\"http:\/\/infois.ro\/?p=61873\">more <span class=\"meta-nav\">&raquo;<\/span><\/a><\/p>\n","protected":false},"author":2,"featured_media":61874,"comment_status":"closed","ping_status":"closed","sticky":false,"template":"","format":"standard","meta":{"footnotes":""},"categories":[6,41],"tags":[74,13217,40,559,1437],"aioseo_notices":[],"_links":{"self":[{"href":"http:\/\/infois.ro\/index.php?rest_route=\/wp\/v2\/posts\/61873"}],"collection":[{"href":"http:\/\/infois.ro\/index.php?rest_route=\/wp\/v2\/posts"}],"about":[{"href":"http:\/\/infois.ro\/index.php?rest_route=\/wp\/v2\/types\/post"}],"author":[{"embeddable":true,"href":"http:\/\/infois.ro\/index.php?rest_route=\/wp\/v2\/users\/2"}],"replies":[{"embeddable":true,"href":"http:\/\/infois.ro\/index.php?rest_route=%2Fwp%2Fv2%2Fcomments&post=61873"}],"version-history":[{"count":1,"href":"http:\/\/infois.ro\/index.php?rest_route=\/wp\/v2\/posts\/61873\/revisions"}],"predecessor-version":[{"id":61875,"href":"http:\/\/infois.ro\/index.php?rest_route=\/wp\/v2\/posts\/61873\/revisions\/61875"}],"wp:featuredmedia":[{"embeddable":true,"href":"http:\/\/infois.ro\/index.php?rest_route=\/wp\/v2\/media\/61874"}],"wp:attachment":[{"href":"http:\/\/infois.ro\/index.php?rest_route=%2Fwp%2Fv2%2Fmedia&parent=61873"}],"wp:term":[{"taxonomy":"category","embeddable":true,"href":"http:\/\/infois.ro\/index.php?rest_route=%2Fwp%2Fv2%2Fcategories&post=61873"},{"taxonomy":"post_tag","embeddable":true,"href":"http:\/\/infois.ro\/index.php?rest_route=%2Fwp%2Fv2%2Ftags&post=61873"}],"curies":[{"name":"wp","href":"https:\/\/api.w.org\/{rel}","templated":true}]}}