{"id":62075,"date":"2022-05-03T13:27:30","date_gmt":"2022-05-03T10:27:30","guid":{"rendered":"http:\/\/infois.ro\/?p=62075"},"modified":"2022-05-03T13:27:30","modified_gmt":"2022-05-03T10:27:30","slug":"brandul-congress-hall-inaugureaza-o-noua-sala-premium-de-evenimente-la-family-market-miroslava-cel-mai-nou-proiect-de-retail-al-companiei-iulius","status":"publish","type":"post","link":"http:\/\/infois.ro\/?p=62075","title":{"rendered":"Brandul Congress Hall inaugureaz\u0103 o nou\u0103 sal\u0103 premium de evenimente la Family Market Miroslava, cel mai nou proiect de retail al companiei IULIUS"},"content":{"rendered":"<p><a href=\"http:\/\/infois.ro\/wp-content\/uploads\/2022\/05\/evenimente1.jpg\"><img loading=\"lazy\" decoding=\"async\" class=\"alignleft  wp-image-62076\" src=\"http:\/\/infois.ro\/wp-content\/uploads\/2022\/05\/evenimente1.jpg\" alt=\"\" width=\"390\" height=\"260\" srcset=\"http:\/\/infois.ro\/wp-content\/uploads\/2022\/05\/evenimente1.jpg 640w, http:\/\/infois.ro\/wp-content\/uploads\/2022\/05\/evenimente1-300x200.jpg 300w\" sizes=\"(max-width: 390px) 100vw, 390px\" \/><\/a><\/p>\n<p class=\"yiv2281209290MsoNormal\" style=\"text-align: justify;\"><b><i>Evenimentele speciale merit\u0103 un loc inedit, unde amintirile s\u0103 se creioneze armonios, iar brandul Congress Hall a reu\u0219it, \u00een cei 10 ani de prezen\u0163\u0103, s\u0103 \u00eendeplineasc\u0103 toate dorin\u021bele, prin serviciile de \u00eenalt\u0103 clas\u0103, detaliile fine \u0219i atmosfera elegant\u0103. Serviciile premium ale Congress Hall se vor reg\u0103si \u0219i \u00een noua sal\u0103 de evenimente inclus\u0103 \u00een proiectul Family Market din Miroslava, care va fi inaugurat \u00een al doilea trimestru al acestui an.<\/i><\/b><\/p>\n<p class=\"yiv2281209290MsoNormal\" style=\"text-align: justify;\"><b><i>\u00a0<\/i><\/b><\/p>\n<p class=\"yiv2281209290MsoNormal\" style=\"text-align: justify;\">Centrat pe oameni \u015fi pe calitatea vie\u0163ii lor, Family Market, cel mai nou proiect de retail al companiei IULIUS, dezvoltat \u00een comuna Miroslava \u015fi \u00een cartierul Bucium, \u00eenseamn\u0103 un loc \u00een care ai acces la toate serviciile necesare, aproape de cas\u0103, pun\u00e2nd accent pe eficien\u021b\u0103, sustenabilitate \u0219i valorificarea timpului. Proiectat din dorin\u0163a de a sus\u0163ine dezvoltarea urban\u0103 \u00een afara grani\u0163elor ora\u015fului \u015fi de a r\u0103spunde cerin\u0163elor locuitorilor pentru servicii imediate, conceputul Family Market integreaz\u0103 un supermarket, zone de servicii \u0219i produse locale, dar \u015fi spa\u0163ii verzi \u015fi de relaxare.<\/p>\n<p class=\"yiv2281209290MsoNormal\" style=\"text-align: justify;\"><a href=\"http:\/\/infois.ro\/wp-content\/uploads\/2022\/05\/evenimente2.jpg\"><img loading=\"lazy\" decoding=\"async\" class=\"wp-image-62077 alignright\" src=\"http:\/\/infois.ro\/wp-content\/uploads\/2022\/05\/evenimente2.jpg\" alt=\"\" width=\"391\" height=\"262\" srcset=\"http:\/\/infois.ro\/wp-content\/uploads\/2022\/05\/evenimente2.jpg 640w, http:\/\/infois.ro\/wp-content\/uploads\/2022\/05\/evenimente2-300x201.jpg 300w\" sizes=\"(max-width: 391px) 100vw, 391px\" \/><\/a><\/p>\n<p class=\"yiv2281209290MsoNormal\" style=\"text-align: justify;\">Un alt exemplu de facilitate solicitat\u0103 de comunitatea local\u0103 \u00eel reprezint\u0103 sala de evenimente dezvoltat\u0103 sub brandul Congress Hall \u00een proiectul Family Market din Miroslava. Fie c\u0103 v\u0103 preg\u0103ti\u021bi s\u0103 spune\u021bi cel mai important \u201eDa!\u201d, urmeaz\u0103 s\u0103 organiza\u021bi prima petrecere din via\u021ba copilului vostru ori ave\u021bi \u00een plan un eveniment corporate,\u00a0<b>sala Verdi va r\u0103spunde tuturor exigen\u0163elor<\/b>.<\/p>\n<p class=\"yiv2281209290MsoNormal\" style=\"text-align: justify;\"><b>\u00a0<\/b><\/p>\n<p class=\"yiv2281209290MsoNormal\" style=\"text-align: justify;\"><b>Situat\u0103 la etajul 1 al Family Market Miroslava<\/b>, sala Verdi poate s\u0103 g\u0103zduiasc\u0103 petreceri personale cu p\u00e2n\u0103 la 220 de invita\u021bi, dar \u015fi evenimente corporate de p\u00e2n\u0103 la 300 de persoane, \u00een func\u021bie de configurare \u2013 \u00een sistem cinema, ballroom, classroom, tree-shape, reception.<\/p>\n<p class=\"yiv2281209290MsoNormal\" style=\"text-align: justify;\">\n<p class=\"yiv2281209290MsoNormal\" style=\"text-align: justify;\"><b>Sala Verdi<\/b>\u00a0a fost g\u00e2ndit\u0103 echipa de speciali\u0219ti italieni care a amenajat s\u0103lile Congress Hall Palas \u0219i Iulius Congress Hall Timi\u0219oara. Loca\u021bia impresioneaz\u0103 prin cascade de\u00a0<b>candelabre delicate din sticl\u0103 de Murano<\/b>,\u00a0<b>detalii cromatice calde<\/b>,<b>\u00a0de tip pastel<\/b>,\u00a0<b>o configura\u021bie versatil\u0103<\/b>\u00a0\u0219i\u00a0<b>infuzia de elemente decorative<\/b>. Brandul Congress Hall este recunoscut pentru serviciile sale premium, dar \u0219i pentru\u00a0<b>echipa format\u0103 din profesioni\u0219ti cu experien\u021b\u0103 de peste 10 ani<\/b>.<\/p>\n<p class=\"yiv2281209290MsoNormal\" style=\"text-align: justify;\">\n<p class=\"yiv2281209290MsoNormal\" style=\"text-align: justify;\" align=\"center\"><b>Despre Family Market<\/b><\/p>\n<p class=\"yiv2281209290MsoNormal\" style=\"text-align: justify;\" align=\"center\"><b>\u00a0<a href=\"http:\/\/infois.ro\/wp-content\/uploads\/2022\/05\/evenimente3.jpg\"><img loading=\"lazy\" decoding=\"async\" class=\"alignleft  wp-image-62078\" src=\"http:\/\/infois.ro\/wp-content\/uploads\/2022\/05\/evenimente3.jpg\" alt=\"\" width=\"389\" height=\"261\" srcset=\"http:\/\/infois.ro\/wp-content\/uploads\/2022\/05\/evenimente3.jpg 640w, http:\/\/infois.ro\/wp-content\/uploads\/2022\/05\/evenimente3-300x201.jpg 300w\" sizes=\"(max-width: 389px) 100vw, 389px\" \/><\/a><\/b><\/p>\n<p class=\"yiv2281209290MsoNormal\" style=\"text-align: justify;\">Family Market este un format de retail de proximitate, calibrat pe cerin\u0163ele de consum a dou\u0103 zone satelit din jurul Ia\u015fului, cu densitate foarte mare \u2013 cartierul Bucium \u015fi comuna Miroslava. Ambele proiecte, aflate \u00een faza de construc\u0163ie, includ un supermarket Auchan \u0219i un mix personalizat de servicii, asigurat de produc\u0103tori \u0219i antreprenori locali, care include: b\u0103c\u0103nie, carmangerie, brut\u0103rie, cofet\u0103rie, coffee shop, produse naturiste, farmacie, libr\u0103rie, croitorie \u0219i cur\u0103\u021b\u0103torie, mobile service, flor\u0103rie, pet shop, coafor, agen\u021bie bancar\u0103, produse pentru cas\u0103 \u0219i fashion.<\/p>\n<p class=\"yiv2281209290MsoNormal\" style=\"text-align: justify;\">\n<p class=\"yiv2281209290MsoNormal\" style=\"text-align: justify;\">Proiectele Family Market vor deveni \u0219i puncte de atrac\u021bie social\u0103, fiind amenajate zone verzi \u0219i de recreere, cu arbori maturi \u0219i alei de promenad\u0103. \u00cen acela\u0219i timp, vor fi create locuri de parcare, noi conexiuni \u0219i accese pietonale, prin investi\u021bii de remodelare a infrastructurii din zon\u0103.<\/p>\n<p class=\"yiv2281209290MsoNormal\" style=\"text-align: justify;\">\n<p class=\"yiv2281209290MsoNormal\" style=\"text-align: justify;\">Cele dou\u0103 proiecte Family Market reprezint\u0103 o investi\u021bie de 17 milioane de euro, iar CEC Bank, unul dintre principalii sus\u021bin\u0103tori ai antreprenorilor locali, este partenerul IULIUS \u00een finan\u021barea acestora.<\/p>\n<p class=\"yiv2281209290MsoNormal\" style=\"text-align: justify;\"><b>\u00a0<\/b><\/p>\n","protected":false},"excerpt":{"rendered":"<p>Evenimentele speciale merit\u0103 un loc inedit, unde amintirile s\u0103 se creioneze armonios, iar brandul Congress&#8230; <a class=\"meta-more\" href=\"http:\/\/infois.ro\/?p=62075\">more <span class=\"meta-nav\">&raquo;<\/span><\/a><\/p>\n","protected":false},"author":2,"featured_media":62078,"comment_status":"closed","ping_status":"closed","sticky":false,"template":"","format":"standard","meta":{"footnotes":""},"categories":[6,41],"tags":[74,963,13522,40,8269,4891,15280],"aioseo_notices":[],"_links":{"self":[{"href":"http:\/\/infois.ro\/index.php?rest_route=\/wp\/v2\/posts\/62075"}],"collection":[{"href":"http:\/\/infois.ro\/index.php?rest_route=\/wp\/v2\/posts"}],"about":[{"href":"http:\/\/infois.ro\/index.php?rest_route=\/wp\/v2\/types\/post"}],"author":[{"embeddable":true,"href":"http:\/\/infois.ro\/index.php?rest_route=\/wp\/v2\/users\/2"}],"replies":[{"embeddable":true,"href":"http:\/\/infois.ro\/index.php?rest_route=%2Fwp%2Fv2%2Fcomments&post=62075"}],"version-history":[{"count":1,"href":"http:\/\/infois.ro\/index.php?rest_route=\/wp\/v2\/posts\/62075\/revisions"}],"predecessor-version":[{"id":62079,"href":"http:\/\/infois.ro\/index.php?rest_route=\/wp\/v2\/posts\/62075\/revisions\/62079"}],"wp:featuredmedia":[{"embeddable":true,"href":"http:\/\/infois.ro\/index.php?rest_route=\/wp\/v2\/media\/62078"}],"wp:attachment":[{"href":"http:\/\/infois.ro\/index.php?rest_route=%2Fwp%2Fv2%2Fmedia&parent=62075"}],"wp:term":[{"taxonomy":"category","embeddable":true,"href":"http:\/\/infois.ro\/index.php?rest_route=%2Fwp%2Fv2%2Fcategories&post=62075"},{"taxonomy":"post_tag","embeddable":true,"href":"http:\/\/infois.ro\/index.php?rest_route=%2Fwp%2Fv2%2Ftags&post=62075"}],"curies":[{"name":"wp","href":"https:\/\/api.w.org\/{rel}","templated":true}]}}