{"id":62157,"date":"2022-05-06T10:02:25","date_gmt":"2022-05-06T07:02:25","guid":{"rendered":"http:\/\/infois.ro\/?p=62157"},"modified":"2022-05-06T10:02:25","modified_gmt":"2022-05-06T07:02:25","slug":"performante-deosebite-ale-elevilor-ieseni-la-olimpiadele-nationale-de-limbi-moderne","status":"publish","type":"post","link":"http:\/\/infois.ro\/?p=62157","title":{"rendered":"Performan\u021be deosebite ale elevilor ie\u0219eni la olimpiadele na\u021bionale de limbi moderne"},"content":{"rendered":"<p><a href=\"http:\/\/infois.ro\/wp-content\/uploads\/2022\/05\/olimpici-1.jpg\"><img loading=\"lazy\" decoding=\"async\" class=\"alignleft  wp-image-62158\" src=\"http:\/\/infois.ro\/wp-content\/uploads\/2022\/05\/olimpici-1.jpg\" alt=\"\" width=\"360\" height=\"270\" srcset=\"http:\/\/infois.ro\/wp-content\/uploads\/2022\/05\/olimpici-1.jpg 640w, http:\/\/infois.ro\/wp-content\/uploads\/2022\/05\/olimpici-1-300x225.jpg 300w\" sizes=\"(max-width: 360px) 100vw, 360px\" \/><\/a><\/p>\n<p style=\"text-align: justify;\">La Olimpiadele Na\u021bionale de limbi moderne din acest an, elevii ie\u0219eni au ob\u021binut, \u00een acest an, un total de 21 de premii \u0219i distinc\u021bii, reflect\u00e2nd pasiunea lor pentru studiul limbilor str\u0103ine, preocuparea pentru l\u0103rgirea orizontului cultural, a\u0219ez\u00e2nd \u0219coala ie\u0219ean\u0103, prin continuitate, \u00eentr-o tradi\u021bie a excelen\u021bei.<\/p>\n<p style=\"text-align: justify;\">Astfel, la etapa na\u021bional\u0103 a Olimpiadei de Limba Englez\u0103 care a avut loc \u00een perioada 17-22 aprilie la Pite\u0219ti, lotul olimpicilor ie\u0219eni a ob\u021binut un Premiu I prin elevul Andrei-Vlad Alexinschi (clasa a XII-a, Colegiul Na\u021bional \u201eEmil Racovi\u021b\u0103\u201d Ia\u0219i, \u00eendrumat de Prof. Oana Balan \u0219i Prof. Ioana Rusu), un Premiu al III-lea prin eleva Maria-Alessia Iordache (clasa a IX-a, Colegiul Na\u021bional \u201eVasile Alecsandri\u201d Ia\u0219i, coordonator Prof. Ramona Dragu) \u0219i dou\u0103 Men\u021biuni, prin elevele Eliza-Teodora Clipa (clasa a VIII-a, Colegiul Na\u021bional \u201eCostache Negruzzi\u201d Ia\u0219i, \u00eendrumat\u0103 de Prof. Gianina Artenie) \u0219i Miruna Antoci (clasa a IX-a, Colegiul Na\u021bional \u201eMihai Eminescu\u201d Ia\u0219i, coordonator Prof. Camelia Arhip).<\/p>\n<p style=\"text-align: justify;\">Olimpiada Na\u021bional\u0103 de Limba Francez\u0103 a avut loc \u00een perioada 19-22 aprilie 2022 la Craiova, to\u021bi cei 9 elevi participan\u021bi ob\u021bin\u00e2nd premii \u0219i men\u021biuni. Astfel, prin elevele Colegiului Na\u021bional \u201eMihai Eminescu\u201d Ia\u0219i \u2013 Alexia Ecaterina Ralea (clasa a VII-a, coordonator Prof. Oana Untu) \u0219i Ilinca-Teodora Agafi\u021bei (clasa a XI-a, coordonator Prof. Mira Cucinschi), jude\u021bul Ia\u0219i a urcat pe prima treapt\u0103 a Olimpiadei cu dou\u0103 Premii I. De asemenea, participan\u021bii ie\u0219eni au ob\u021binut un Premiu al III-lea a fost ob\u021binut prin eleva Daniela Trip\u0103du\u0219 (clasa a IX-a, profesori coordonatori Mira Cucinschi \u0219i Mihaela Bunduc), de la aceea\u0219i unitate \u0219colar\u0103, \u0219i o Men\u021biune, prin eleva Ruxandra Maria Petrariu (clasa a XI-a, profesor coordonator Ioana Teodorescu) de la Colegiul Na\u021bional Ia\u0219i. \u00cen cadrul Olimpiadei Na\u021bionale de Limba Francez\u0103, au mai fost ob\u021binute, totodat\u0103, cinci Men\u021biuni speciale prin elevii Teodora Elena Prodan (clasa a VII-a, profesor coordonator Simona Nenov) de la Colegiul Na\u021bional \u201eEmil Racovi\u021b\u0103\u201d Ia\u0219i, Teodora G\u00eertan (clasa a VIII-a, profesor coordonator Raluca Mihaela Chiru) de la Colegiul Na\u021bional \u201eG. Ibr\u0103ileanu\u201d Ia\u0219i, Tudor Cionca (clasa a IX-a, profesor coordonator Ioana Teodorescu) de la Colegiul Na\u021bional, Ia\u0219i, Andreea-Miruna S\u00e2rghie (clasa a X-a, profesor coordonator Simina B\u0103d\u0103r\u0103u) de la Colegiul Na\u021bional \u201eEmil Racovi\u021b\u0103\u201d Ia\u0219i \u0219i M\u0103d\u0103lina Elena Ioja (clasa a X-a, profesori coordonatori Ioan Bi\u021ba \u0219i Corina Ungurean) de la Colegiul Na\u021bional \u201eMihai Eminescu\u201d, Ia\u0219i.<\/p>\n<p style=\"text-align: justify;\">\u00cen perioada 26-30 aprilie 2022, la T\u00e2rgu Jiu s-a desf\u0103\u0219urat Olimpiada Na\u021bional\u0103 de Limbi Romanice, finalizat\u0103, de asemenea, cu un num\u0103r substan\u021bial de distinc\u021bii. Elevul Tudor Gabriel Ciobanu (limba italian\u0103, clasa a XII-a, profesor coordonator Irina Dabija) de la Colegiul Tehnic \u201eGheorghe Asachi\u201d, Ia\u0219i \/ Palatul Copiilor Ia\u0219i a ob\u021binut un Premiul I \u0219i dou\u0103 Premii Speciale, elevul Stefano Daniel Henea (limba italian\u0103, clasa a IX-a, profesor coordonator Raluca Mihaela Chiru) de la Colegiul Na\u021bional \u201eG. Ibr\u0103ileanu\u201d Ia\u0219i a ob\u021binut Premiul al II-lea, iar elevii Jessica Ioana Manolache (limba italian\u0103, clasa a VIII-a, profesor coordonator Alina Elena Podaru) de la Colegiul Na\u021bional de Art\u0103 \u201eOctav B\u0103ncil\u0103\u201d Ia\u0219i, Antonie Ciobotariu (limba italian\u0103, clasa a X-a, profesor coordonator Irina Dabija) de la Colegiul Economic \u201eVirgil Madgearu\u201d, Ia\u0219i \/ Palatul Copiilor Ia\u0219i \u0219i Robert Gabriel Ciobanu (limba spaniol\u0103, clasa a VII-a, profesor coordonator Amelia Sandu-Andrie\u0219) de la Liceul Teoretic \u201eDimitrie Cantemir\u201d, Ia\u0219i au ob\u021binut Men\u021biune. \u00cen acela\u0219i timp, palmaresul a fost completat cu dou\u0103 Men\u021biuni speciale ob\u0163inute de elevii Patricia Adriana Caragea (limba italian\u0103, clasa a XI-a, profesor coordonator Diana-Mihaela Mazga) de la Liceul Teoretic \u201eMiron Costin\u201d, Ia\u0219i \u0219i Neculai Sebastian S\u0103c\u0103leanu (limba spaniol\u0103, clasa a XII-a, profesor coordonator Amelia Sandu-Andrie\u0219) de la Colegiul Tehnic \u201eGheorghe Asachi\u201d Ia\u0219i \/ Liceul Teoretic \u201eDimitrie Cantemir\u201d Ia\u0219i.<\/p>\n<p style=\"text-align: justify;\">La Olimpiada Na\u021bional\u0103 de Limba German\u0103 Modern\u0103, desf\u0103\u0219urat\u0103 \u00een perioada 6-12 aprilie 2022 la T\u00e2rgu Mure\u0219, jude\u021bul Ia\u0219i a fost reprezentat de un singur participant, Mara-Karina Ionescu, elev\u0103 \u00een clasa a X-a la Colegiul Na\u021bional Ia\u0219i. Sub coordonarea Prof. Constantin C\u00eerciu, eleva a ob\u021binut Premiul al III-lea la proba individual\u0103 a Olimpiadei, Premiul al III-lea la proba pe echipe \u0219i calificarea \u00een lotul l\u0103rgit pentru etapa interna\u021bional\u0103, care va avea loc \u00een perioada 25 iulie \u2013 9 august la Hamburg, \u00een Germania.<\/p>\n<p style=\"text-align: justify;\">Rezultatele elevilor ie\u0219eni sunt cu at\u00e2t mai valoroase cu cat la nivel na\u021bional se acord\u0103 doar c\u00e2te un singur premiu I, II \u0219i III la fiecare categorie de concurs, iar concuren\u021ba este acerb\u0103, lotul fiec\u0103rui jude\u021b fiind format din cei mai buni elevi, premia\u021bi la etapa jude\u021bean\u0103 a olimpiadei. Premiile din acest an confirm\u0103 rezultatele excelente ob\u0163inute an de an de lotul ie\u0219ean, fiind rezultatul multor ore de preg\u0103tire temeinic\u0103, consecven\u021b\u0103, din pasiune pentru limbile str\u0103ine.<\/p>\n<p style=\"text-align: justify;\">\n<p style=\"text-align: justify;\">\n","protected":false},"excerpt":{"rendered":"<p>La Olimpiadele Na\u021bionale de limbi moderne din acest an, elevii ie\u0219eni au ob\u021binut, \u00een acest&#8230; <a class=\"meta-more\" href=\"http:\/\/infois.ro\/?p=62157\">more <span class=\"meta-nav\">&raquo;<\/span><\/a><\/p>\n","protected":false},"author":2,"featured_media":62158,"comment_status":"closed","ping_status":"closed","sticky":false,"template":"","format":"standard","meta":{"footnotes":""},"categories":[12,41],"tags":[74,89,40,13433,15291,321],"aioseo_notices":[],"_links":{"self":[{"href":"http:\/\/infois.ro\/index.php?rest_route=\/wp\/v2\/posts\/62157"}],"collection":[{"href":"http:\/\/infois.ro\/index.php?rest_route=\/wp\/v2\/posts"}],"about":[{"href":"http:\/\/infois.ro\/index.php?rest_route=\/wp\/v2\/types\/post"}],"author":[{"embeddable":true,"href":"http:\/\/infois.ro\/index.php?rest_route=\/wp\/v2\/users\/2"}],"replies":[{"embeddable":true,"href":"http:\/\/infois.ro\/index.php?rest_route=%2Fwp%2Fv2%2Fcomments&post=62157"}],"version-history":[{"count":1,"href":"http:\/\/infois.ro\/index.php?rest_route=\/wp\/v2\/posts\/62157\/revisions"}],"predecessor-version":[{"id":62159,"href":"http:\/\/infois.ro\/index.php?rest_route=\/wp\/v2\/posts\/62157\/revisions\/62159"}],"wp:featuredmedia":[{"embeddable":true,"href":"http:\/\/infois.ro\/index.php?rest_route=\/wp\/v2\/media\/62158"}],"wp:attachment":[{"href":"http:\/\/infois.ro\/index.php?rest_route=%2Fwp%2Fv2%2Fmedia&parent=62157"}],"wp:term":[{"taxonomy":"category","embeddable":true,"href":"http:\/\/infois.ro\/index.php?rest_route=%2Fwp%2Fv2%2Fcategories&post=62157"},{"taxonomy":"post_tag","embeddable":true,"href":"http:\/\/infois.ro\/index.php?rest_route=%2Fwp%2Fv2%2Ftags&post=62157"}],"curies":[{"name":"wp","href":"https:\/\/api.w.org\/{rel}","templated":true}]}}