{"id":62255,"date":"2022-05-09T14:25:02","date_gmt":"2022-05-09T11:25:02","guid":{"rendered":"http:\/\/infois.ro\/?p=62255"},"modified":"2022-05-09T15:26:43","modified_gmt":"2022-05-09T12:26:43","slug":"salba-de-premii-obtinute-de-elevii-liceului-special-targu-frumos-la-concursul-national-pentru-elevii-cu-deficiente-de-vedere","status":"publish","type":"post","link":"http:\/\/infois.ro\/?p=62255","title":{"rendered":"\u201cSalb\u0103\u201d de premii ob\u021binute de elevii Liceului Special T\u00e2rgu Frumos la Concursul na\u021bional pentru elevii cu deficien\u021be de vedere"},"content":{"rendered":"<p><a href=\"http:\/\/infois.ro\/wp-content\/uploads\/2020\/12\/liceul-special-moldova-targu-frumos.jpg\"><img loading=\"lazy\" decoding=\"async\" class=\"alignleft  wp-image-51544\" src=\"http:\/\/infois.ro\/wp-content\/uploads\/2020\/12\/liceul-special-moldova-targu-frumos.jpg\" alt=\"\" width=\"401\" height=\"266\" srcset=\"http:\/\/infois.ro\/wp-content\/uploads\/2020\/12\/liceul-special-moldova-targu-frumos.jpg 640w, http:\/\/infois.ro\/wp-content\/uploads\/2020\/12\/liceul-special-moldova-targu-frumos-300x200.jpg 300w\" sizes=\"(max-width: 401px) 100vw, 401px\" \/><\/a><\/p>\n<p style=\"text-align: justify;\">Opt elevi cu deficien\u021be de vedere de la Liceul Special \u201eMoldova\u201d din T\u00e2rgu Frumos au participat \u00een perioada 4-7 mai, la Cluj, la cea de-a XXXIV-a edi\u021bie a Concursului na\u0163ional pe discipline pentru elevii cu deficien\u021be de vedere. Concursul a fost organizat \u0219i finan\u021bat de Ministerul Educa\u021biei, \u00een colaborare cu Inspectoratul \u0218colar Jude\u021bean Cluj, Liceul pentru Deficien\u021bi de Vedere Cluj-Napoca, Asocia\u021bia Nev\u0103z\u0103torilor din Rom\u00e2nia \u0219i Consiliul Jude\u021bean Cluj. \u00a0Elevii claselor a VIII \u2013a \u0219i a XII \u2013a, reprezent\u00e2nd toate liceele pentru elevi cu deficien\u021be de vedere din \u021bar\u0103 au intrat \u00een competi\u021bie pentru disciplinele Limba \u0219i literatura rom\u00e2n\u0103, Matematic\u0103, Limba englez\u0103, Istorie, TIC, Citire corect\u0103 \u0219i rapid\u0103 braille . \u0218i \u00een acest an, elevii din T\u00e2rgu Frumos au c\u00e2\u0219tigat numeroase premii, reprezent\u00e2nd \u00eencununarea activit\u0103\u021bii lor \u0219i a profesorilor coordonatori, dup\u0103 o lung\u0103 \u0219i delicat\u0103 perioad\u0103 de \u0219coal\u0103 online. Astfel, la Limba \u0219i literatura rom\u00e2n\u0103, Laz\u0103r Ariana \u2013 Florentina, din clasa a VIII \u2013a, a ob\u021binut Men\u021biune, iar Adochi\u021bei Claudia \u2013 Andreea, din clasa a XII \u2013a, a ob\u021binut Premiu Special. Disciplina Matematic\u0103, clasa a VIII \u2013a, a fost reprezentat\u0103 de Doleanu Ovidiu \u2013 Constantin, care a ob\u021binut un frumos Premiu II. La Limba englez\u0103, clasa a VIII \u2013a, \u00a0Maxim Claudiu \u2013 Gabriel a ob\u021binut Premiul III, iar la Istorie, clasa a XII \u2013a, Andrei Daniel Bebe Vasilic\u0103 a ob\u021binut Men\u021biune. Proba de TIC a fost sus\u021binut\u0103 de Botezatu Gavril din clasa a VIII \u2013a \u2013 Premiu Special \u0219i Andrei Daniel Bebe Vasilic\u0103, din clasa a XII \u2013a, care a ob\u021binut Men\u021biune. O prob\u0103 specific\u0103 elevilor nev\u0103z\u0103tori este cea de Citire corect\u0103 \u0219i rapid\u0103 Braille, la care particip\u0103 c\u00e2te un elev de la gimnaziu \u0219i un elev de liceu. Liceul Special \u201eMoldova\u201d din T\u00e2rgu Frumos a fost reprezentat anul acesta de elevele Frona Livia, din clasa a XI \u2013a A, care a ob\u021binut Locul I, \u0219i Ciornohac Octavia Anamaria, din clasa a VII \u2013a, care a ob\u021binut Locul al II \u2013lea la aceast\u0103 prob\u0103, impun\u00e2ndu-se prin corectitudinea \u0219i rapiditatea citirii la prima \u201evedere\u201d a unui text scris braille. \u00a0Elevii ie\u0219eni au fost \u00eendruma\u021bi \u00een activitatea de preg\u0103tire pentru acest concurs na\u021bional de profesorii Enciu Minodora, Enciu Oana &#8211; Elena, Argeanu Elena \u2013 Claudia, Pristavu Margareta, Postolache Lucian, Ro\u0219u Silviu \u2013 Dumitru, Todericiu Cornel. Profesorii \u00eenso\u021bitori ai\u00a0 elevilor de la Liceul Moldova la faza na\u021bional\u0103 a concursului au fost P\u0103durariu Adina \u0219i Haciu Ion, care le-au fost ghizi \u0219i \u00een activit\u0103\u021bile organizate de liceul gazd\u0103, \u00een perioada dintre probele de concurs: vizitarea Salinei din Turda \u0219i a Gr\u0103dinii Botanice din Cluj \u2013 Napoca.<\/p>\n","protected":false},"excerpt":{"rendered":"<p>Opt elevi cu deficien\u021be de vedere de la Liceul Special \u201eMoldova\u201d din T\u00e2rgu Frumos au&#8230; <a class=\"meta-more\" href=\"http:\/\/infois.ro\/?p=62255\">more <span class=\"meta-nav\">&raquo;<\/span><\/a><\/p>\n","protected":false},"author":2,"featured_media":51544,"comment_status":"closed","ping_status":"closed","sticky":false,"template":"","format":"standard","meta":{"footnotes":""},"categories":[12,41],"tags":[74,8828,362,40,15300,321],"aioseo_notices":[],"_links":{"self":[{"href":"http:\/\/infois.ro\/index.php?rest_route=\/wp\/v2\/posts\/62255"}],"collection":[{"href":"http:\/\/infois.ro\/index.php?rest_route=\/wp\/v2\/posts"}],"about":[{"href":"http:\/\/infois.ro\/index.php?rest_route=\/wp\/v2\/types\/post"}],"author":[{"embeddable":true,"href":"http:\/\/infois.ro\/index.php?rest_route=\/wp\/v2\/users\/2"}],"replies":[{"embeddable":true,"href":"http:\/\/infois.ro\/index.php?rest_route=%2Fwp%2Fv2%2Fcomments&post=62255"}],"version-history":[{"count":1,"href":"http:\/\/infois.ro\/index.php?rest_route=\/wp\/v2\/posts\/62255\/revisions"}],"predecessor-version":[{"id":62256,"href":"http:\/\/infois.ro\/index.php?rest_route=\/wp\/v2\/posts\/62255\/revisions\/62256"}],"wp:featuredmedia":[{"embeddable":true,"href":"http:\/\/infois.ro\/index.php?rest_route=\/wp\/v2\/media\/51544"}],"wp:attachment":[{"href":"http:\/\/infois.ro\/index.php?rest_route=%2Fwp%2Fv2%2Fmedia&parent=62255"}],"wp:term":[{"taxonomy":"category","embeddable":true,"href":"http:\/\/infois.ro\/index.php?rest_route=%2Fwp%2Fv2%2Fcategories&post=62255"},{"taxonomy":"post_tag","embeddable":true,"href":"http:\/\/infois.ro\/index.php?rest_route=%2Fwp%2Fv2%2Ftags&post=62255"}],"curies":[{"name":"wp","href":"https:\/\/api.w.org\/{rel}","templated":true}]}}