{"id":62377,"date":"2022-05-12T15:44:51","date_gmt":"2022-05-12T12:44:51","guid":{"rendered":"http:\/\/infois.ro\/?p=62377"},"modified":"2022-05-12T15:44:51","modified_gmt":"2022-05-12T12:44:51","slug":"uaic-organizeaza-prima-editie-a-conferintei-nationale-de-drept-penal-vespasian-pella","status":"publish","type":"post","link":"http:\/\/infois.ro\/?p=62377","title":{"rendered":"UAIC organizeaz\u0103 prima edi\u021bie a Conferin\u021bei Na\u021bionale de Drept Penal \u201eVespasian Pella\u201d"},"content":{"rendered":"<p><a href=\"http:\/\/infois.ro\/wp-content\/uploads\/2022\/05\/vespasian-pella.jpg\"><img loading=\"lazy\" decoding=\"async\" class=\"alignleft  wp-image-62378\" src=\"http:\/\/infois.ro\/wp-content\/uploads\/2022\/05\/vespasian-pella.jpg\" alt=\"\" width=\"341\" height=\"482\" srcset=\"http:\/\/infois.ro\/wp-content\/uploads\/2022\/05\/vespasian-pella.jpg 640w, http:\/\/infois.ro\/wp-content\/uploads\/2022\/05\/vespasian-pella-212x300.jpg 212w\" sizes=\"(max-width: 341px) 100vw, 341px\" \/><\/a><\/p>\n<p style=\"text-align: justify;\"><span style=\"font-family: georgia, palatino, serif;\">Facultatea de Drept din cadrul Universit\u0103\u021bii \u201eAlexandru Ioan Cuza\u201d din Ia\u0219i (UAIC), Asocia\u021bia Rom\u00e2n\u0103 de \u0218tiin\u021be Penale \u0219i Grupul editorial Universul Juridic anun\u021b\u0103 organizarea \u00een perioada 13-14 mai a primei edi\u021bii a Conferin\u021bei Na\u021bionale de Drept Penal \u201eVespasian Pella\u201d, cu tema \u201eProbleme actuale ale dreptului penal la nivel na\u021bional \u0219i interna\u021bional\u201d.Evenimentul se va desf\u0103\u0219ura \u00een format hibrid (fizic &#8211; \u00een Aula Magna\u201eMihai Eminescu\u201d a UAIC \u0219i online) \u0219iva reuni speciali\u0219ti din \u021bar\u0103 \u0219i din str\u0103in\u0103tate care vor aborda probleme legislative \u0219i de drept \u00een cadrul urm\u0103toarelor paneluri: raportul CCR \u2013 CJUE, evaziune fiscal\u0103, nesocotirea \u00eencrederii, infrac\u021biuni corelative, r\u0103spunderea penal\u0103 \u00een profesiile liberale, r\u0103spunderea penal\u0103 a persoanei juridice.<\/span><br \/>\n<span style=\"font-family: georgia, palatino, serif;\">\u201e\u00cen deschiderea conferin\u021bei, care va avea loc vineri, 13 mai, ora 9.00, \u00een Aula Magna \u201eMihai Eminescu\u201d, vor sus\u021bine alocu\u021biuni: Prof. univ. dr. Tudorel TOADER, Rectorul Universit\u0103\u021bii \u201eAlexandru Ioan Cuza\u201d din Ia\u0219i \u0219i Prim-Vicepre\u0219edinte al Asocia\u021biei Rom\u00e2ne de \u0218tiin\u021be Penale, Prof. univ. dr. John VERVAELE, Pre\u0219edinte al Asocia\u021biei Interna\u021bionale de Drept Penal (AIDP), Prof. univ. dr. Jos\u00e9 Luis de la CUESTA, Pre\u0219edinte de onoare al AIDP, Prof. univ. dr. Constantin DUVAC, Pre\u0219edinte executiv al Asocia\u021biei Rom\u00e2ne de \u0218tiin\u021be Penale, Prof. univ. dr. Ioan CHELARU, Pre\u0219edinte al Academiei de \u0218tiin\u021be Juridice din Rom\u00e2nia, Prof. univ. dr. habil.Sergiu BR\u00c2NZ\u0102, Decanul Facult\u0103\u021bii de Drept a Universit\u0103\u021bii de Stat din Republica Moldova, Nicolae C\u00ceRSTEA, Pre\u0219edintele Grupului editorial Universul Juridic, Jud. Diana Mihaela CHEPTENE MICU, Pre\u0219edintele Cur\u021bii de Apel Ia\u0219i, Proc. Vasile CHIFAN, Procuror general al Parchetului de pe l\u00e2ng\u0103 Curtea de Apel Ia\u0219i \u0219i Av. Tudor DUCA, Decanul Baroului Ia\u0219i\u201d, se arat\u0103 \u00eentr-un comunicat al UAIC. <\/span><br \/>\n<span style=\"font-family: georgia, palatino, serif;\">Un moment important al conferin\u021bei \u00eel reprezint\u0103 aderarea Grupului Na\u021bional din Republica Moldova la Asocia\u021bia Interna\u021bional\u0103 de Drept Penal, s\u00e2mb\u0103t\u0103, 14 mai 2022, ora 14.00. De asemenea, \u00een a doua zi a conferin\u021bei va avea loc \u0219i lansarea volumului \u201eIstoria dreptului rom\u00e2nesc\u201d, autori Petre BUNECI \u0219i Cristian MO\u0218NEANU. <\/span><br \/>\n<span style=\"font-family: georgia, palatino, serif;\">Partenerii institu\u021bionali ai evenimentului sunt: Universitatea de Stat din Republica Moldova \u2013 Facultatea de Drept, Prim\u0103ria Municipiului Ia\u0219i, Curtea de Apel Ia\u0219i, Parchetul de pe l\u00e2ng\u0103 Curtea de Apel Ia\u0219i \u0219i Baroul Ia\u0219i. <\/span><\/p>\n","protected":false},"excerpt":{"rendered":"<p>Facultatea de Drept din cadrul Universit\u0103\u021bii \u201eAlexandru Ioan Cuza\u201d din Ia\u0219i (UAIC), Asocia\u021bia Rom\u00e2n\u0103 de&#8230; <a class=\"meta-more\" href=\"http:\/\/infois.ro\/?p=62377\">more <span class=\"meta-nav\">&raquo;<\/span><\/a><\/p>\n","protected":false},"author":2,"featured_media":62378,"comment_status":"closed","ping_status":"closed","sticky":false,"template":"","format":"standard","meta":{"footnotes":""},"categories":[12,41],"tags":[74,227,15320,40,6648],"aioseo_notices":[],"_links":{"self":[{"href":"http:\/\/infois.ro\/index.php?rest_route=\/wp\/v2\/posts\/62377"}],"collection":[{"href":"http:\/\/infois.ro\/index.php?rest_route=\/wp\/v2\/posts"}],"about":[{"href":"http:\/\/infois.ro\/index.php?rest_route=\/wp\/v2\/types\/post"}],"author":[{"embeddable":true,"href":"http:\/\/infois.ro\/index.php?rest_route=\/wp\/v2\/users\/2"}],"replies":[{"embeddable":true,"href":"http:\/\/infois.ro\/index.php?rest_route=%2Fwp%2Fv2%2Fcomments&post=62377"}],"version-history":[{"count":1,"href":"http:\/\/infois.ro\/index.php?rest_route=\/wp\/v2\/posts\/62377\/revisions"}],"predecessor-version":[{"id":62379,"href":"http:\/\/infois.ro\/index.php?rest_route=\/wp\/v2\/posts\/62377\/revisions\/62379"}],"wp:featuredmedia":[{"embeddable":true,"href":"http:\/\/infois.ro\/index.php?rest_route=\/wp\/v2\/media\/62378"}],"wp:attachment":[{"href":"http:\/\/infois.ro\/index.php?rest_route=%2Fwp%2Fv2%2Fmedia&parent=62377"}],"wp:term":[{"taxonomy":"category","embeddable":true,"href":"http:\/\/infois.ro\/index.php?rest_route=%2Fwp%2Fv2%2Fcategories&post=62377"},{"taxonomy":"post_tag","embeddable":true,"href":"http:\/\/infois.ro\/index.php?rest_route=%2Fwp%2Fv2%2Ftags&post=62377"}],"curies":[{"name":"wp","href":"https:\/\/api.w.org\/{rel}","templated":true}]}}