{"id":62502,"date":"2022-05-17T14:42:05","date_gmt":"2022-05-17T11:42:05","guid":{"rendered":"http:\/\/infois.ro\/?p=62502"},"modified":"2022-05-17T15:44:00","modified_gmt":"2022-05-17T12:44:00","slug":"dezbatere-privind-migratia-fortei-de-munca-si-familiile-transnationale-la-palatul-culturii","status":"publish","type":"post","link":"http:\/\/infois.ro\/?p=62502","title":{"rendered":"Dezbatere privind migra\u021bia for\u021bei de munc\u0103 \u0219i familiile transna\u021bionale, la Palatul Culturii"},"content":{"rendered":"<p><a href=\"http:\/\/infois.ro\/wp-content\/uploads\/2022\/05\/migratia-fortei.jpg\"><img loading=\"lazy\" decoding=\"async\" class=\"alignleft  wp-image-62503\" src=\"http:\/\/infois.ro\/wp-content\/uploads\/2022\/05\/migratia-fortei.jpg\" alt=\"\" width=\"341\" height=\"467\" srcset=\"http:\/\/infois.ro\/wp-content\/uploads\/2022\/05\/migratia-fortei.jpg 640w, http:\/\/infois.ro\/wp-content\/uploads\/2022\/05\/migratia-fortei-219x300.jpg 219w\" sizes=\"(max-width: 341px) 100vw, 341px\" \/><\/a><\/p>\n<p style=\"text-align: justify;\">Centrul Cultural German (CCG) \u0219i Complexul Muzeal Na\u021bional \u201eMoldova\u201d Ia\u0219i, prin Muzeul de Istorie a Moldovei, invit\u0103 publicul joi, 19 mai, de la ora 18:00, \u00een Sala \u201cI.D.Berindei\u201d de la Palatul Culturii, la dezbaterea \u201eMigra\u021bia for\u021bei de munc\u0103 \u0219i familiile transna\u021bionale\u201d,<\/p>\n<p style=\"text-align: justify;\">Invita\u021bii evenimentului sunt dr.Alina Botezat, cercet\u0103tor la Institutul de Cercet\u0103ri Economice \u0219i Sociale \u201dGheorghe Zane\u201d, \u0219i dr. Alexandru-Lauren\u021biu Cohal, cercet\u0103tor la Institutul de Filologie Rom\u00e2n\u0103 \u201eA. Philippide&#8221; din Ia\u0219i. Moderatorul dialogului public va fi dr. Alexander Rubel, Director al Centrului Cultural German Ia\u0219i.<\/p>\n<p style=\"text-align: justify;\">Dezbaterea cu tema \u201eMigra\u021bia for\u021bei de munc\u0103 \u0219i familiile transna\u021bionale\u201d este organizat\u0103 \u00een cadrul proiectului expozi\u021bional \u201eLUCRURI CARE DOR. Pove\u0219ti \u0219i amintiri ale unor familii transna\u021bionale\u201d, prezentat la Palatul Culturii, respective la Muzeul de Istoria Moldovei.<\/p>\n<p style=\"text-align: justify;\">Participarea la eveniment este liber\u0103. Dezbaterea se adreseaz\u0103 at\u00e2t publicului specializat, c\u00e2t \u0219i publicului larg, respective tinerilo rinteresa\u021bi de \u00een\u021belegere adecvat\u0103 a impactului social, psihologic \u0219i economic al migra\u021biei for\u021bei de munc\u0103.<\/p>\n","protected":false},"excerpt":{"rendered":"<p>Centrul Cultural German (CCG) \u0219i Complexul Muzeal Na\u021bional \u201eMoldova\u201d Ia\u0219i, prin Muzeul de Istorie a&#8230; <a class=\"meta-more\" href=\"http:\/\/infois.ro\/?p=62502\">more <span class=\"meta-nav\">&raquo;<\/span><\/a><\/p>\n","protected":false},"author":2,"featured_media":62503,"comment_status":"closed","ping_status":"closed","sticky":false,"template":"","format":"standard","meta":{"footnotes":""},"categories":[12,41],"tags":[74,2507,40,15341],"aioseo_notices":[],"_links":{"self":[{"href":"http:\/\/infois.ro\/index.php?rest_route=\/wp\/v2\/posts\/62502"}],"collection":[{"href":"http:\/\/infois.ro\/index.php?rest_route=\/wp\/v2\/posts"}],"about":[{"href":"http:\/\/infois.ro\/index.php?rest_route=\/wp\/v2\/types\/post"}],"author":[{"embeddable":true,"href":"http:\/\/infois.ro\/index.php?rest_route=\/wp\/v2\/users\/2"}],"replies":[{"embeddable":true,"href":"http:\/\/infois.ro\/index.php?rest_route=%2Fwp%2Fv2%2Fcomments&post=62502"}],"version-history":[{"count":1,"href":"http:\/\/infois.ro\/index.php?rest_route=\/wp\/v2\/posts\/62502\/revisions"}],"predecessor-version":[{"id":62504,"href":"http:\/\/infois.ro\/index.php?rest_route=\/wp\/v2\/posts\/62502\/revisions\/62504"}],"wp:featuredmedia":[{"embeddable":true,"href":"http:\/\/infois.ro\/index.php?rest_route=\/wp\/v2\/media\/62503"}],"wp:attachment":[{"href":"http:\/\/infois.ro\/index.php?rest_route=%2Fwp%2Fv2%2Fmedia&parent=62502"}],"wp:term":[{"taxonomy":"category","embeddable":true,"href":"http:\/\/infois.ro\/index.php?rest_route=%2Fwp%2Fv2%2Fcategories&post=62502"},{"taxonomy":"post_tag","embeddable":true,"href":"http:\/\/infois.ro\/index.php?rest_route=%2Fwp%2Fv2%2Ftags&post=62502"}],"curies":[{"name":"wp","href":"https:\/\/api.w.org\/{rel}","templated":true}]}}