{"id":62712,"date":"2022-05-25T15:57:01","date_gmt":"2022-05-25T12:57:01","guid":{"rendered":"http:\/\/infois.ro\/?p=62712"},"modified":"2022-05-25T15:57:01","modified_gmt":"2022-05-25T12:57:01","slug":"mai-multe-scoli-din-municipiul-iasi-ar-putea-fi-reabilitate-energetic-cu-fonduri-din-pnrr","status":"publish","type":"post","link":"http:\/\/infois.ro\/?p=62712","title":{"rendered":"Mai multe \u0219coli din municipiul Ia\u0219i ar putea fi reabilitate energetic cu fonduri din PNRR"},"content":{"rendered":"<p><a href=\"http:\/\/infois.ro\/wp-content\/uploads\/2018\/09\/reabilitare-scoli-pndl.jpg\"><img loading=\"lazy\" decoding=\"async\" class=\"alignleft  wp-image-36451\" src=\"http:\/\/infois.ro\/wp-content\/uploads\/2018\/09\/reabilitare-scoli-pndl.jpg\" alt=\"\" width=\"432\" height=\"238\" srcset=\"http:\/\/infois.ro\/wp-content\/uploads\/2018\/09\/reabilitare-scoli-pndl.jpg 640w, http:\/\/infois.ro\/wp-content\/uploads\/2018\/09\/reabilitare-scoli-pndl-300x165.jpg 300w\" sizes=\"(max-width: 432px) 100vw, 432px\" \/><\/a><\/p>\n<p style=\"text-align: justify;\">Consilierii locali ie\u0219eni au aprobat miercuri, 25 mai, \u00een cadrul unei \u0219edin\u021be extraordinare convocate de primarul Mihai Chirica, depunerea spre finan\u021bare prin intermediul Planului Na\u021bional de Redresare \u0219i Rezilien\u021b\u0103 (PNRR) a proiectelor ce vizeaz\u0103 reabilitarea energetic\u0103 a mai multor unit\u0103\u021bi \u0219colare din Ia\u0219i.<\/p>\n<p style=\"text-align: justify;\">\n<p style=\"text-align: justify;\">\u00a0\u201eSe lucreaz\u0103 de mai mult\u0103 vreme la aceste proiecte. Mai sunt \u00een lucru \u00eenc\u0103 trei cl\u0103diri \u0219colare. Cl\u0103dirile de pe ordinea de zi a \u0219edin\u021bei de azi au partea de expertiz\u0103 \u0219i audit tehnic de eficien\u021b\u0103 energetic\u0103 \u00eencheiat\u0103. Urmeaz\u0103 ca p\u00e2n\u0103 \u00een data de 31 mai s\u0103 finaliz\u0103m \u0219i s\u0103 \u00eenaint\u0103m c\u0103tre Ministerul Dezvolt\u0103rii \u0219i cererile de finan\u021bare\u201d, a declarat primarul Mihai Chirica.<\/p>\n<p style=\"text-align: justify;\">\n<p style=\"text-align: justify;\">Cl\u0103dirile care vor putea fi renovate energetic sunt \u0218coala Primar\u0103 Petru Poni, \u0218coala Gimnazial\u0103 Ion Creang\u0103 \u0219i sala de sport aferent\u0103, Gr\u0103dini\u021ba P.N. nr. 15, internatul \u0219i cantina Colegiului Agricol \u0219i de Industrie Alimentar\u0103 Vasile Adamachi, Colegiul Na\u021bional Mihai Eminescu (internat, laborator, sal\u0103 de sport), Liceul cu Program Sportiv (corp \u0219coala veche), Colegiul Ioan C. \u0218tef\u0103nescu, Gr\u0103dini\u021ba P.P. nr. 15, \u0218coala Gimnazial\u0103 nr. 4 Ionel Teodoreanu, Liceul Tehnologic de Transporturi \u0219i de Construc\u021bii Ia\u0219i. Bugetul estimat pentru investi\u0163iile la cele 17 cl\u0103diri aferente celor nou\u0103 unit\u0103\u0163i de \u00eenv\u0103\u0163\u0103m\u00e2nt se ridic\u0103 la peste 79,1 milioane lei, f\u0103r\u0103 TVA.<\/p>\n<p style=\"text-align: justify;\">\n<p style=\"text-align: justify;\">Reamintim c\u0103, \u00een \u0219edin\u021bele precedente, Consiliul Local Ia\u0219i a aprobat depunerea spre finan\u021bare prin intermediul fondurilor PNRR a proiectelor ce vizeaz\u0103 reabilitarea, renovarea energetic\u0103 sau consolidarea a 18 imobile din Ia\u0219i, unit\u0103\u021bi de \u00eenv\u0103\u021b\u0103m\u00e2nt \u0219i blocuri de locuin\u021be: \u0218coala Gimnazial\u0103 \u201eGeorge Co\u0219buc\u201d, C\u0103minul \u0218colii Postliceale Sanitare \u201eGrigore Ghica Vod\u0103\u201d, Corpul 1 al Liceului Waldorf, \u0218coala Gimnazial\u0103 \u201eElena Doamna\u201d, Liceul Tehnologic \u201ePetru Poni\u201d, Colegiul Tehnologic \u201eDimitrie Leonida\u201d, \u0218coala Gimnazial\u0103 \u201eAlexandru Vlahu\u021b\u0103\u201d, Blocul 968 &#8211;\u00a0 Tronsoanele 4 \u0219i 5 aflat pe \u0218oseaua Nicolina nr. 37, Blocul DA \u2013 3 situat pe Bulevardul Dacia nr. 1, Blocul S4 situat \u00een str. Ciurchi nr. 109 A, Blocul D2 din str. Oancea nr. 34, Blocul Z4 din Bulevardul Nicolae Iorga nr. 30, Blocul B3 &#8211; Sc\u0103rile A, B \u0219i C situat \u00een Bulevardul \u0218tefan cel Mare nr. 4, Blocul \u201eCarmen\u201d aflat \u00een Bulevardul Independen\u021bei nr. 2, c\u0103minele aflate \u00een Bulevardul Tudor Vladimirescu nr. 79A, strada Decebal nr. 1, strada Bularga nr. 14A, respectiv strada Canta nr. 60B.<\/p>\n<p style=\"text-align: justify;\">\n<p style=\"text-align: justify;\">\n","protected":false},"excerpt":{"rendered":"<p>Consilierii locali ie\u0219eni au aprobat miercuri, 25 mai, \u00een cadrul unei \u0219edin\u021be extraordinare convocate de&#8230; <a class=\"meta-more\" href=\"http:\/\/infois.ro\/?p=62712\">more <span class=\"meta-nav\">&raquo;<\/span><\/a><\/p>\n","protected":false},"author":2,"featured_media":36451,"comment_status":"closed","ping_status":"closed","sticky":false,"template":"","format":"standard","meta":{"footnotes":""},"categories":[12,41],"tags":[74,40,14338,2700,3981],"aioseo_notices":[],"_links":{"self":[{"href":"http:\/\/infois.ro\/index.php?rest_route=\/wp\/v2\/posts\/62712"}],"collection":[{"href":"http:\/\/infois.ro\/index.php?rest_route=\/wp\/v2\/posts"}],"about":[{"href":"http:\/\/infois.ro\/index.php?rest_route=\/wp\/v2\/types\/post"}],"author":[{"embeddable":true,"href":"http:\/\/infois.ro\/index.php?rest_route=\/wp\/v2\/users\/2"}],"replies":[{"embeddable":true,"href":"http:\/\/infois.ro\/index.php?rest_route=%2Fwp%2Fv2%2Fcomments&post=62712"}],"version-history":[{"count":1,"href":"http:\/\/infois.ro\/index.php?rest_route=\/wp\/v2\/posts\/62712\/revisions"}],"predecessor-version":[{"id":62713,"href":"http:\/\/infois.ro\/index.php?rest_route=\/wp\/v2\/posts\/62712\/revisions\/62713"}],"wp:featuredmedia":[{"embeddable":true,"href":"http:\/\/infois.ro\/index.php?rest_route=\/wp\/v2\/media\/36451"}],"wp:attachment":[{"href":"http:\/\/infois.ro\/index.php?rest_route=%2Fwp%2Fv2%2Fmedia&parent=62712"}],"wp:term":[{"taxonomy":"category","embeddable":true,"href":"http:\/\/infois.ro\/index.php?rest_route=%2Fwp%2Fv2%2Fcategories&post=62712"},{"taxonomy":"post_tag","embeddable":true,"href":"http:\/\/infois.ro\/index.php?rest_route=%2Fwp%2Fv2%2Ftags&post=62712"}],"curies":[{"name":"wp","href":"https:\/\/api.w.org\/{rel}","templated":true}]}}