{"id":62761,"date":"2022-05-27T15:23:49","date_gmt":"2022-05-27T12:23:49","guid":{"rendered":"http:\/\/infois.ro\/?p=62761"},"modified":"2022-05-27T15:23:49","modified_gmt":"2022-05-27T12:23:49","slug":"iasul-gazda-intalnirii-anuale-a-directorilor-administrativi-ai-universitatilor-din-tara","status":"publish","type":"post","link":"http:\/\/infois.ro\/?p=62761","title":{"rendered":"Ia\u0219ul, gazda \u00eent\u00e2lnirii anuale a directorilor administrativi ai universit\u0103\u021bilor din \u021bar\u0103"},"content":{"rendered":"<p><a href=\"http:\/\/infois.ro\/wp-content\/uploads\/2022\/05\/intalniri-administrativi.jpg\"><img loading=\"lazy\" decoding=\"async\" class=\"alignleft  wp-image-62762\" src=\"http:\/\/infois.ro\/wp-content\/uploads\/2022\/05\/intalniri-administrativi.jpg\" alt=\"\" width=\"418\" height=\"279\" srcset=\"http:\/\/infois.ro\/wp-content\/uploads\/2022\/05\/intalniri-administrativi.jpg 640w, http:\/\/infois.ro\/wp-content\/uploads\/2022\/05\/intalniri-administrativi-300x200.jpg 300w\" sizes=\"(max-width: 418px) 100vw, 418px\" \/><\/a><\/p>\n<p style=\"text-align: justify;\">Universitatea Tehnic\u0103 \u201eGheorghe Asachi\u201d din Ia\u0219i (TUIASI) organizeaz\u0103 \u00een perioada 27 &#8211; 29 mai, \u00een premier\u0103 pentru centrul universitar din capitala Moldovei, \u00eent\u00e2lnirea Adun\u0103rii Generale a Asocia\u021biei Na\u021bionale a Directorilor Generali Administrativi din Universit\u0103\u021bile Publice (ANDGAUP) din Rom\u00e2nia. Directorii generali din peste 50 de universit\u0103\u021bi din toat\u0103 \u021bara sunt prezen\u021bi \u00een aceste zile la Ia\u0219i, al\u0103turi de echipele lor, c\u00e2t \u0219i patru directori ai structurilor din Ministerul Educa\u021biei responsabili cu investi\u021biile, domeniile financiare \u0219i economice, c\u00e2t \u0219i cu patrimoniul.<\/p>\n<p style=\"text-align: justify;\">\n<p style=\"text-align: justify;\">Vineri, 27 mai, de la ora 09.30, a avut loc deschiderea lucr\u0103rilor \u00eentr-o ceremonie care a avut loc \u00een centrul ora\u0219ului, \u00een complexul Palas. Cuv\u00e2ntul de deschidere l-a avut directorul general administrativ al Politehnicii ie\u0219ene, dr. ing. Sorin Iacoban, care le-a mul\u021bumit celor prezen\u021bi pentru c\u0103 au reu\u0219it s\u0103 vin\u0103 la \u00eent\u00e2lnirea organizat\u0103 de TUIASI \u0219i s\u0103 discute cele mai importante subiecte legate de func\u021bionarea universit\u0103\u021bilor din Rom\u00e2nia.<\/p>\n<p style=\"text-align: justify;\">\n<p style=\"text-align: justify;\">\u201eV\u0103 mul\u021bumesc din suflet c\u0103 sunte\u021bi ast\u0103zi prezen\u021bi aici \u0219i c\u0103 a\u021bi f\u0103cut eforturi pentru a ne putea vedea cu to\u021bii \u0219i s\u0103 \u00eemp\u0103rt\u0103\u0219im \u00een aceste zile din experien\u021ba noastr\u0103, din probleme cu care ne-am \u00eent\u00e2lnit. \u00cei mul\u021bumesc pe aceast\u0103 cale domnului rector, prof. univ. dr. ing. Dan Ca\u0219caval, care ne-a sprijinit foarte mult \u00een organizarea acestui eveniment. Mul\u021bumesc \u0219i echipei cu care am lucrat pentru organizare, c\u00e2t \u0219i directorilor universit\u0103\u021bilor din Ia\u0219i care au fost al\u0103turi de mine &#8211; sper s\u0103 ne \u00eent\u00e2lnim c\u00e2t mai des, mai ales c\u0103 \u00een\u021beleg c\u0103 \u00een ultimii doi ani nu s-au f\u0103cut astfel de \u00eent\u00e2lniri\u201d, a declarat dr. ing. Sorin Iacoban.<\/p>\n<p style=\"text-align: justify;\">\n<p style=\"text-align: justify;\">Rectorul TUIASI, prof. univ. dr. ing. Dan Ca\u0219caval, le-a vorbit celor peste 90 de invita\u021bi prezen\u021bi \u00een sal\u0103 despre nevoia de cooperare dintre componenta didactic\u0103 \u0219i cea administrativ\u0103 \u00eentr-o universitate. Rectorul a punctat c\u0103 experien\u021ba ultimilor \u0219ase ani i-a ar\u0103tat c\u0103 sunt formate dou\u0103 \u201etabere\u201d \u00een institu\u021biile de \u00eenv\u0103\u021b\u0103m\u00e2nt superior \u0219i c\u0103 trebuie s\u0103 fie \u021belul comun al tuturor ca ele s\u0103 fie eliminate.<\/p>\n<p style=\"text-align: justify;\">\u201eAtunci c\u00e2nd formezi o echip\u0103 care exist\u0103 \u0219i va exista \u0219i dup\u0103 ce tu nu vei mai fi nu trebuie s\u0103 pleci de la idei preconcepute. Am sus\u021binut mereu activitatea administra\u021biei universit\u0103\u021bii noastre, iar sprijinul meu a fost rezultatul \u00eencrederii \u0219i aprecierii pe care o am fa\u021b\u0103 de oamenii de acolo. De aceea \u00eemi permit s\u0103 v\u0103 lansez unele teme de reflec\u021bie; \u00een primul r\u00e2nd s\u0103 nu l\u0103sa\u021bi s\u0103 se creeze artificial o delimitare \u00eentre cadrele didactice \u0219i personalul din administra\u021bie. Barca este una singur\u0103 \u0219i to\u021bi suntem \u00een ea. Apoi, echipa este cea care conteaz\u0103 \u0219i ne ajut\u0103 s\u0103 dep\u0103\u0219im dificult\u0103\u021bile \u2013 trebuie s\u0103 deveni\u021bi consilierii rectorului, prorectorilor \u0219i cadrelor didactice, s\u0103 le ar\u0103ta\u021bi unde gre\u0219esc \u00een luarea unor decizii sau \u00een stabilirea unor strategii\u201d, a declarat prof. univ. dr. ing. Dan Ca\u0219caval.<\/p>\n<p style=\"text-align: justify;\">\n<p style=\"text-align: justify;\">Cuv\u00e2ntul a fost luat apoi de c\u0103tre ing. Mihai Coroc\u0103escu, pre\u0219edintele ANDGAUP \u0219i directorul general administrativ al Universit\u0103\u021bii Politehnica Bucure\u0219ti. Acesta a punctat c\u0103 \u00een anii de pandemie, c\u00e2nd impresia unor persoane a fost c\u0103 \u00een universit\u0103\u021bi nu s-a lucrat, au fost ani de suprasolicitare pentru componenta administrativ\u0103. Ace\u0219tia au lucrat zi de zi pentru a asigura activitatea \u00een universit\u0103\u021bi \u0219i au rezolvat probleme care au dep\u0103\u0219it, de multe ori, situa\u021biile cu care s-au \u00eent\u00e2lnit p\u00e2n\u0103 la momentul respectiv.<\/p>\n<p style=\"text-align: justify;\">\n<p style=\"text-align: justify;\">\u201eA fost o munc\u0103 de echip\u0103 \u00een ultimii doi ani \u0219i cred c\u0103 ne-am descurcat cu brio. Am trecut acest test \u0219i chiar am avut un moment propice s\u0103 ne facem treaba, c\u00e2t \u0219i multe lucruri pe care \u00een timpul anului universitar poate nu reu\u0219eam s\u0103 le facem. Pentru noi trebuie s\u0103 existe o preocupare pentru o bun\u0103 colaborare cu conducerea academic\u0103 \u0219i avem exemplul universit\u0103\u021bilor \u00een care, atunci c\u00e2nd a fost \u00eencredere \u00eentre echipa administrativ\u0103 \u0219i conducerea universit\u0103\u021bii, lucrurile au evoluat pozitiv\u201d, a punctat ing. Mihai Coroc\u0103escu.<\/p>\n<p style=\"text-align: justify;\">\n<p style=\"text-align: justify;\">Lucr\u0103rile adun\u0103rii directorilor generali administrativ se vor concentra \u00een prima zi, pe 27 mai, pe principalele probleme cu care se confrunt\u0103 universit\u0103\u021bile din Rom\u00e2nia, fiind un panel separat \u00een care vor dezbate directorii economici ai institu\u021biilor de \u00eenv\u0103\u021b\u0103m\u00e2nt superior. Discu\u021biile vor continua \u0219i pe parcursul zilei de m\u00e2ine, 28 mai, fiind implica\u021bi inclusiv directori din structurile importante ale ministerelor de resort \u0219i ale structurilor acestora care sunt implicate \u00een rela\u021bia cu universit\u0103\u021bile.<\/p>\n<p style=\"text-align: justify;\">\u00cent\u00e2lnirea ANDGAUP, organizat\u0103 de c\u0103tre Universitatea Tehnic\u0103 \u201eGheorghe Asachi\u201d din Ia\u0219i (TUIASI), vine la aproximativ o lun\u0103 de c\u00e2nd TUIASI a organizat o nou\u0103 reuniune a Consiliului Na\u021bional al Rectorilor.<\/p>\n<p style=\"text-align: justify;\">\n","protected":false},"excerpt":{"rendered":"<p>Universitatea Tehnic\u0103 \u201eGheorghe Asachi\u201d din Ia\u0219i (TUIASI) organizeaz\u0103 \u00een perioada 27 &#8211; 29 mai, \u00een&#8230; <a class=\"meta-more\" href=\"http:\/\/infois.ro\/?p=62761\">more <span class=\"meta-nav\">&raquo;<\/span><\/a><\/p>\n","protected":false},"author":2,"featured_media":62762,"comment_status":"closed","ping_status":"closed","sticky":false,"template":"","format":"standard","meta":{"footnotes":""},"categories":[12,41],"tags":[74,15383,40,5618],"aioseo_notices":[],"_links":{"self":[{"href":"http:\/\/infois.ro\/index.php?rest_route=\/wp\/v2\/posts\/62761"}],"collection":[{"href":"http:\/\/infois.ro\/index.php?rest_route=\/wp\/v2\/posts"}],"about":[{"href":"http:\/\/infois.ro\/index.php?rest_route=\/wp\/v2\/types\/post"}],"author":[{"embeddable":true,"href":"http:\/\/infois.ro\/index.php?rest_route=\/wp\/v2\/users\/2"}],"replies":[{"embeddable":true,"href":"http:\/\/infois.ro\/index.php?rest_route=%2Fwp%2Fv2%2Fcomments&post=62761"}],"version-history":[{"count":1,"href":"http:\/\/infois.ro\/index.php?rest_route=\/wp\/v2\/posts\/62761\/revisions"}],"predecessor-version":[{"id":62763,"href":"http:\/\/infois.ro\/index.php?rest_route=\/wp\/v2\/posts\/62761\/revisions\/62763"}],"wp:featuredmedia":[{"embeddable":true,"href":"http:\/\/infois.ro\/index.php?rest_route=\/wp\/v2\/media\/62762"}],"wp:attachment":[{"href":"http:\/\/infois.ro\/index.php?rest_route=%2Fwp%2Fv2%2Fmedia&parent=62761"}],"wp:term":[{"taxonomy":"category","embeddable":true,"href":"http:\/\/infois.ro\/index.php?rest_route=%2Fwp%2Fv2%2Fcategories&post=62761"},{"taxonomy":"post_tag","embeddable":true,"href":"http:\/\/infois.ro\/index.php?rest_route=%2Fwp%2Fv2%2Ftags&post=62761"}],"curies":[{"name":"wp","href":"https:\/\/api.w.org\/{rel}","templated":true}]}}