{"id":63269,"date":"2022-06-16T15:23:21","date_gmt":"2022-06-16T12:23:21","guid":{"rendered":"http:\/\/infois.ro\/?p=63269"},"modified":"2022-06-16T15:23:21","modified_gmt":"2022-06-16T12:23:21","slug":"iasul-gazda-editiei-din-acest-an-a-concursului-national-studentesc-fa-pasul-spre-sport","status":"publish","type":"post","link":"http:\/\/infois.ro\/?p=63269","title":{"rendered":"Ia\u0219ul, gazda edi\u021biei din acest an a concursului na\u021bional studen\u021besc \u201cF\u0103 pasul spre sport\u201d"},"content":{"rendered":"<p><a href=\"http:\/\/infois.ro\/wp-content\/uploads\/2022\/06\/concurs.jpg\"><img loading=\"lazy\" decoding=\"async\" class=\"alignleft  wp-image-63270\" src=\"http:\/\/infois.ro\/wp-content\/uploads\/2022\/06\/concurs.jpg\" alt=\"\" width=\"357\" height=\"505\" srcset=\"http:\/\/infois.ro\/wp-content\/uploads\/2022\/06\/concurs.jpg 640w, http:\/\/infois.ro\/wp-content\/uploads\/2022\/06\/concurs-212x300.jpg 212w\" sizes=\"(max-width: 357px) 100vw, 357px\" \/><\/a><\/p>\n<p style=\"text-align: justify;\">Universitatea de \u0218tiin\u021bele Vie\u021bii \u201eIon Ionescu de la Brad\u201d din Ia\u0219i (USV) anun\u021b\u0103 organizarea celei de-a V-a edi\u021bii a Concursului Na\u021bional Sportiv Studen\u021besc \u201eF\u0102 PASUL SPRE SPORT\u201d. Competi\u021bia, programat\u0103 vineri, 17 iunie, se adreseaz\u0103 at\u00e2t elevilor c\u00e2t \u0219i studen\u021bilor \u0219i se va desf\u0103\u0219ura pe dou\u0103 sec\u021biuni sportive (fotbal b\u0103ie\u021bi \u0219i volei mixt) la Baza Sportiv\u0103 a USV, pe terenul cu gazon artificial \u0219i nocturn\u0103 \u0219i \u00een sala de sport.<\/p>\n<p style=\"text-align: justify;\">La edi\u021bia din acest an \u0219i-au anun\u021bat participarea peste 170 de tineri de la mai multe unit\u0103\u021bi de \u00eenv\u0103\u021b\u0103m\u00e2nt universitar \u0219i preuniversitar din zona Moldovei: Liceul \u201eDimitrie Cantemir\u201d Ia\u015fi, Liceul Tehnologic \u201ePetru Poni\u201d Ia\u015fi, Liceul Tehnic de Electronic\u0103 \u015fi Telecomunica\u0163ii\u201eGh. M\u00e2rzescu\u201d Ia\u015fi, Colegiul Tehnic \u201eGh. Asachi\u201d Ia\u015fi, Liceul \u201eVasile Lovinescu\u201d F\u0103lticeni, Liceul Tehnologic \u201eNicolae Iorga\u201d Negre\u015fti.<\/p>\n<p style=\"text-align: justify;\">Scopul general al concursului este acela de a \u00eembun\u0103t\u0103\u021bi starea general\u0103 de s\u0103n\u0103tate a tinerilor, controlul indicilor de mortalitate prin promovarea mi\u0219c\u0103rii \u0219i a educa\u021biei fizice prin sport.<\/p>\n<p style=\"text-align: justify;\">\u201ePrin organizarea acestei competi\u021bii urm\u0103rim cre\u0219terea gradului de participare activ\u0103 a studen\u021bilor \u0219i elevilor la activit\u0103\u021bi sportive cu caracter permanent, \u00een interesul p\u0103str\u0103rii \u0219i ridic\u0103rii nivelului de s\u0103n\u0103tate fizic\u0103, mental\u0103, emo\u021bional\u0103, precum \u0219i al ridic\u0103rii nivelului de coeziune, integrare \u0219i \u00eencredere social\u0103. Beneficiarii direc\u0163i ai proiectului sunt tinerii participan\u0163i la competi\u0163ia sportiv\u0103, care vor fi r\u0103spl\u0103ti\u0163i pe m\u0103sura rezultatelor ob\u0163inute\u201d, a declarat prof. univ. dr. Vasile Stoleru, prorector cu activit\u0103\u0163ile sociale \u00een cadrul USV Ia\u0219i.<\/p>\n<p style=\"text-align: justify;\">\n<p style=\"text-align: justify;\">\n","protected":false},"excerpt":{"rendered":"<p>Universitatea de \u0218tiin\u021bele Vie\u021bii \u201eIon Ionescu de la Brad\u201d din Ia\u0219i (USV) anun\u021b\u0103 organizarea celei&#8230; <a class=\"meta-more\" href=\"http:\/\/infois.ro\/?p=63269\">more <span class=\"meta-nav\">&raquo;<\/span><\/a><\/p>\n","protected":false},"author":2,"featured_media":63270,"comment_status":"closed","ping_status":"closed","sticky":false,"template":"","format":"standard","meta":{"footnotes":""},"categories":[12,41],"tags":[74,362,89,40,2334],"aioseo_notices":[],"_links":{"self":[{"href":"http:\/\/infois.ro\/index.php?rest_route=\/wp\/v2\/posts\/63269"}],"collection":[{"href":"http:\/\/infois.ro\/index.php?rest_route=\/wp\/v2\/posts"}],"about":[{"href":"http:\/\/infois.ro\/index.php?rest_route=\/wp\/v2\/types\/post"}],"author":[{"embeddable":true,"href":"http:\/\/infois.ro\/index.php?rest_route=\/wp\/v2\/users\/2"}],"replies":[{"embeddable":true,"href":"http:\/\/infois.ro\/index.php?rest_route=%2Fwp%2Fv2%2Fcomments&post=63269"}],"version-history":[{"count":1,"href":"http:\/\/infois.ro\/index.php?rest_route=\/wp\/v2\/posts\/63269\/revisions"}],"predecessor-version":[{"id":63271,"href":"http:\/\/infois.ro\/index.php?rest_route=\/wp\/v2\/posts\/63269\/revisions\/63271"}],"wp:featuredmedia":[{"embeddable":true,"href":"http:\/\/infois.ro\/index.php?rest_route=\/wp\/v2\/media\/63270"}],"wp:attachment":[{"href":"http:\/\/infois.ro\/index.php?rest_route=%2Fwp%2Fv2%2Fmedia&parent=63269"}],"wp:term":[{"taxonomy":"category","embeddable":true,"href":"http:\/\/infois.ro\/index.php?rest_route=%2Fwp%2Fv2%2Fcategories&post=63269"},{"taxonomy":"post_tag","embeddable":true,"href":"http:\/\/infois.ro\/index.php?rest_route=%2Fwp%2Fv2%2Ftags&post=63269"}],"curies":[{"name":"wp","href":"https:\/\/api.w.org\/{rel}","templated":true}]}}