{"id":63305,"date":"2022-06-17T15:38:39","date_gmt":"2022-06-17T12:38:39","guid":{"rendered":"http:\/\/infois.ro\/?p=63305"},"modified":"2022-06-18T05:40:40","modified_gmt":"2022-06-18T02:40:40","slug":"comisiile-pentru-examenul-de-bacalaureat-vor-fi-stabilite-prin-tragere-la-sorti","status":"publish","type":"post","link":"http:\/\/infois.ro\/?p=63305","title":{"rendered":"Comisiile pentru examenul de Bacalaureat vor fi stabilite prin tragere la sor\u021bi"},"content":{"rendered":"<p><a href=\"http:\/\/infois.ro\/wp-content\/uploads\/2014\/09\/isj.jpg\"><img loading=\"lazy\" decoding=\"async\" class=\"alignleft  wp-image-12981\" src=\"http:\/\/infois.ro\/wp-content\/uploads\/2014\/09\/isj.jpg\" alt=\"\" width=\"417\" height=\"235\" srcset=\"http:\/\/infois.ro\/wp-content\/uploads\/2014\/09\/isj.jpg 600w, http:\/\/infois.ro\/wp-content\/uploads\/2014\/09\/isj-300x169.jpg 300w, http:\/\/infois.ro\/wp-content\/uploads\/2014\/09\/isj-140x80.jpg 140w\" sizes=\"(max-width: 417px) 100vw, 417px\" \/><\/a><\/p>\n<p style=\"text-align: justify;\">Comisia Jude\u021bean\u0103 de Bacalaureat va stabili s\u00e2mb\u0103t\u0103, 18 iunie, la ora 10.30, \u00een \u0219edin\u021b\u0103 public\u0103, prin tragere la sor\u021bi, componen\u021ba comisiilor din centrele de examen \u0219i din centrele zonale de evaluare. \u0218edin\u021ba va avea loc \u00een sala de conferin\u021be a Inspectoratului \u0218colar Jude\u021bean. \u00cen conformitate cu prevederile Ordinului 5.151 din 30.08.2021 privind organizarea \u0219i desf\u0103\u0219urarea examenului na\u021bional de Bacalaureat (sesiunea 2022), la \u0219edin\u021ba public\u0103 sunt invita\u021bi reprezentan\u021bi ai organiza\u021biilor sindicale afiliate la federa\u021biile sindicale din \u00eenv\u0103\u021b\u0103m\u00e2ntul preuniversita, reprezentan\u021bi ai organiza\u021biilor de p\u0103rin\u021bi, reprezentan\u021bi ai consiliului jude\u021bean al elevilor \u0219i reprezentan\u021bi ai mass-media.<\/p>\n","protected":false},"excerpt":{"rendered":"<p>Comisia Jude\u021bean\u0103 de Bacalaureat va stabili s\u00e2mb\u0103t\u0103, 18 iunie, la ora 10.30, \u00een \u0219edin\u021b\u0103 public\u0103,&#8230; <a class=\"meta-more\" href=\"http:\/\/infois.ro\/?p=63305\">more <span class=\"meta-nav\">&raquo;<\/span><\/a><\/p>\n","protected":false},"author":2,"featured_media":12981,"comment_status":"closed","ping_status":"closed","sticky":false,"template":"","format":"standard","meta":{"footnotes":""},"categories":[12,41],"tags":[74,90,2646,40],"aioseo_notices":[],"_links":{"self":[{"href":"http:\/\/infois.ro\/index.php?rest_route=\/wp\/v2\/posts\/63305"}],"collection":[{"href":"http:\/\/infois.ro\/index.php?rest_route=\/wp\/v2\/posts"}],"about":[{"href":"http:\/\/infois.ro\/index.php?rest_route=\/wp\/v2\/types\/post"}],"author":[{"embeddable":true,"href":"http:\/\/infois.ro\/index.php?rest_route=\/wp\/v2\/users\/2"}],"replies":[{"embeddable":true,"href":"http:\/\/infois.ro\/index.php?rest_route=%2Fwp%2Fv2%2Fcomments&post=63305"}],"version-history":[{"count":1,"href":"http:\/\/infois.ro\/index.php?rest_route=\/wp\/v2\/posts\/63305\/revisions"}],"predecessor-version":[{"id":63306,"href":"http:\/\/infois.ro\/index.php?rest_route=\/wp\/v2\/posts\/63305\/revisions\/63306"}],"wp:featuredmedia":[{"embeddable":true,"href":"http:\/\/infois.ro\/index.php?rest_route=\/wp\/v2\/media\/12981"}],"wp:attachment":[{"href":"http:\/\/infois.ro\/index.php?rest_route=%2Fwp%2Fv2%2Fmedia&parent=63305"}],"wp:term":[{"taxonomy":"category","embeddable":true,"href":"http:\/\/infois.ro\/index.php?rest_route=%2Fwp%2Fv2%2Fcategories&post=63305"},{"taxonomy":"post_tag","embeddable":true,"href":"http:\/\/infois.ro\/index.php?rest_route=%2Fwp%2Fv2%2Ftags&post=63305"}],"curies":[{"name":"wp","href":"https:\/\/api.w.org\/{rel}","templated":true}]}}