{"id":63380,"date":"2022-06-21T15:55:02","date_gmt":"2022-06-21T12:55:02","guid":{"rendered":"http:\/\/infois.ro\/?p=63380"},"modified":"2022-06-22T08:56:41","modified_gmt":"2022-06-22T05:56:41","slug":"un-candidat-a-fost-eliminat-din-examen-la-cea-de-a-doua-proba-a-bacalaureatului-in-judetul-iasi","status":"publish","type":"post","link":"http:\/\/infois.ro\/?p=63380","title":{"rendered":"Un candidat a fost eliminat din examen la cea de-a doua prob\u0103 a Bacalaureatului, \u00een jude\u021bul Ia\u0219i"},"content":{"rendered":"<p><a href=\"http:\/\/infois.ro\/wp-content\/uploads\/2015\/06\/bacalaureat1.jpg\"><img loading=\"lazy\" decoding=\"async\" class=\"alignleft  wp-image-18380\" src=\"http:\/\/infois.ro\/wp-content\/uploads\/2015\/06\/bacalaureat1.jpg\" alt=\"\" width=\"373\" height=\"233\" srcset=\"http:\/\/infois.ro\/wp-content\/uploads\/2015\/06\/bacalaureat1.jpg 600w, http:\/\/infois.ro\/wp-content\/uploads\/2015\/06\/bacalaureat1-300x187.jpg 300w\" sizes=\"(max-width: 373px) 100vw, 373px\" \/><\/a><\/p>\n<p style=\"text-align: justify;\">La cea de-a doua prob\u0103 scris\u0103 a examenului de Bacalaureat, respectiv proba obligatorie a profilului, desf\u0103\u0219urat\u0103 mar\u021bi, 21 iunie, la nivelul jude\u021bului Ia\u0219i au fost prezen\u021bi 4.789 de candida\u021bi din totalul celor 4.885 de candida\u021bi \u00eenscri\u0219i pentru aceast\u0103 prob\u0103, reprezent\u00e2nd un procent de 98,03%, informeaz\u0103 Inspectoratul \u0218colar Jude\u021bean Ia\u0219i. Din totalul elevilor care s-au prezentat la examen, 4.596 sunt din promo\u021bia curent\u0103 iar 193 din promo\u021biile anterioare. Nu au participat 96 de candida\u021bi: 47 din promo\u021bia curent\u0103 \u0219i 49 din promo\u021biile anilor anteriori. Un elev a fost eliminat din examen, pentru c\u0103 nu a respectat regulile impuse de Ministerul Educa\u021biei.<\/p>\n<p style=\"text-align: justify;\">\n<p style=\"text-align: justify;\">Subiectele \u0219i baremul de corectare sunt publicate, pe subiecte.edu.ro, de c\u0103tre Centrul Na\u021bional de Politici \u0219i Evaluare \u00een Educa\u021bie.<\/p>\n<p style=\"text-align: justify;\">Celelalte probe se vor desf\u0103\u0219ura conform urm\u0103torului calendar:<\/p>\n<ul style=\"text-align: justify;\">\n<li>miercuri, 22 iunie &#8211; proba la alegere a profilului \u0219i a specializ\u0103rii<\/li>\n<li>joi, 23 iulie &#8211; Limba \u0219i literatura matern\u0103<\/li>\n<\/ul>\n<p style=\"text-align: justify;\">\n<p style=\"text-align: justify;\">Primele rezultate vor fi afi\u0219ate \u00een data de 27 iunie, p\u00e2n\u0103 la ora 12:00. Contesta\u021biile pot fi depuse\/transmise \u00een aceea\u0219i zi, \u00een intervalul orar 12:00 &#8211;\u00a018:00, inclusiv prin mijloace electronice. \u00cen aceast\u0103 situa\u021bie, candida\u021bii completeaz\u0103, semneaz\u0103 \u0219i depun\/transmit prin mijloace electronice \u0219i o declara\u021bie-tip \u00een care se men\u021bioneaz\u0103 faptul c\u0103 au luat cuno\u0219tin\u021b\u0103 c\u0103 nota acordat\u0103 ca urmare a solu\u021bion\u0103rii contesta\u021biei poate modifica, dup\u0103 caz, nota ini\u021bial\u0103, prin cre\u0219tere sau descre\u0219tere. Pentru candida\u021bii minori, declara\u021bia-tip este semnat\u0103 \u0219i de c\u0103tre p\u0103rin\u021bii\/reprezentan\u021bii legali ai acestora.<\/p>\n<p style=\"text-align: justify;\">\n<p style=\"text-align: justify;\">Rezultatele finale vor fi f\u0103cute publice \u00een data de 1 iulie.<\/p>\n<p style=\"text-align: justify;\">\n<p style=\"text-align: justify;\">\u00cen conformitate cu prevederile art. 5 \u0219i ale art. 6 din\u00a0Regulamentul UE 2016\/679 privind protec\u021bia persoanelor fizice \u00een ceea ce prive\u0219te prelucrarea datelor cu caracter personal \u0219i privind libera circula\u021bie a acestor date de abrogare a Directivei 95\/46\/CE (Regulamentul general privind protec\u021bia datelor \u2013 RGPD\/GDPR), afi\u0219area rezultatelor se efectueaz\u0103 prin\u00a0anonimizarea numelui \u0219i a prenumelui candidatului.<\/p>\n<p style=\"text-align: justify;\">Pentru a fi declarat promovat, un candidat trebuie s\u0103 \u00eendeplineasc\u0103 urm\u0103toarele condi\u021bii, cumulativ:<\/p>\n<ul style=\"text-align: justify;\">\n<li>recunoa\u0219terea\/echivalarea\/sus\u021binerea tuturor probelor de evaluare a competen\u021belor lingvistice \u0219i digitale;<\/li>\n<li>sus\u021binerea tuturor probelor scrise \u0219i\u00a0ob\u021binerea\u00a0notei\u00a05 (cel pu\u021bin) la fiecare dintre acestea;<\/li>\n<li>ob\u021binerea mediei 6 (cel pu\u021bin) la probele scrise.<\/li>\n<\/ul>\n<p style=\"text-align: justify;\">Ministerul Educa\u021biei pune la dispozi\u021bia celor interesa\u021bi linia\u00a0TELVERDE 0800801100 pentru sesizarea eventualelor disfunc\u021bionalit\u0103\u021bi pe durata probelor scrise. Num\u0103rul poate fi apelat gratuit \u00een perioada 20 &#8211; 23 iunie, \u00eentre orele 8:00 &#8211; 16:00.<\/p>\n<p style=\"text-align: justify;\">\n","protected":false},"excerpt":{"rendered":"<p>La cea de-a doua prob\u0103 scris\u0103 a examenului de Bacalaureat, respectiv proba obligatorie a profilului,&#8230; <a class=\"meta-more\" href=\"http:\/\/infois.ro\/?p=63380\">more <span class=\"meta-nav\">&raquo;<\/span><\/a><\/p>\n","protected":false},"author":2,"featured_media":18380,"comment_status":"closed","ping_status":"closed","sticky":false,"template":"","format":"standard","meta":{"footnotes":""},"categories":[12,41],"tags":[74,90,15467,1532,40],"aioseo_notices":[],"_links":{"self":[{"href":"http:\/\/infois.ro\/index.php?rest_route=\/wp\/v2\/posts\/63380"}],"collection":[{"href":"http:\/\/infois.ro\/index.php?rest_route=\/wp\/v2\/posts"}],"about":[{"href":"http:\/\/infois.ro\/index.php?rest_route=\/wp\/v2\/types\/post"}],"author":[{"embeddable":true,"href":"http:\/\/infois.ro\/index.php?rest_route=\/wp\/v2\/users\/2"}],"replies":[{"embeddable":true,"href":"http:\/\/infois.ro\/index.php?rest_route=%2Fwp%2Fv2%2Fcomments&post=63380"}],"version-history":[{"count":1,"href":"http:\/\/infois.ro\/index.php?rest_route=\/wp\/v2\/posts\/63380\/revisions"}],"predecessor-version":[{"id":63381,"href":"http:\/\/infois.ro\/index.php?rest_route=\/wp\/v2\/posts\/63380\/revisions\/63381"}],"wp:featuredmedia":[{"embeddable":true,"href":"http:\/\/infois.ro\/index.php?rest_route=\/wp\/v2\/media\/18380"}],"wp:attachment":[{"href":"http:\/\/infois.ro\/index.php?rest_route=%2Fwp%2Fv2%2Fmedia&parent=63380"}],"wp:term":[{"taxonomy":"category","embeddable":true,"href":"http:\/\/infois.ro\/index.php?rest_route=%2Fwp%2Fv2%2Fcategories&post=63380"},{"taxonomy":"post_tag","embeddable":true,"href":"http:\/\/infois.ro\/index.php?rest_route=%2Fwp%2Fv2%2Ftags&post=63380"}],"curies":[{"name":"wp","href":"https:\/\/api.w.org\/{rel}","templated":true}]}}