{"id":63592,"date":"2022-06-28T19:16:26","date_gmt":"2022-06-28T16:16:26","guid":{"rendered":"http:\/\/infois.ro\/?p=63592"},"modified":"2022-06-29T09:18:16","modified_gmt":"2022-06-29T06:18:16","slug":"studentii-facultatii-de-constructii-in-practica-pe-santierele-drdp-iasi","status":"publish","type":"post","link":"http:\/\/infois.ro\/?p=63592","title":{"rendered":"Studen\u021bii Facult\u0103\u021bii de Construc\u021bii, \u00een practic\u0103 pe \u0219antierele DRDP Ia\u0219i"},"content":{"rendered":"<p><a href=\"http:\/\/infois.ro\/wp-content\/uploads\/2022\/06\/studenti-pe-santiere.jpg\"><img loading=\"lazy\" decoding=\"async\" class=\"alignleft  wp-image-63593\" src=\"http:\/\/infois.ro\/wp-content\/uploads\/2022\/06\/studenti-pe-santiere.jpg\" alt=\"\" width=\"420\" height=\"315\" srcset=\"http:\/\/infois.ro\/wp-content\/uploads\/2022\/06\/studenti-pe-santiere.jpg 640w, http:\/\/infois.ro\/wp-content\/uploads\/2022\/06\/studenti-pe-santiere-300x225.jpg 300w\" sizes=\"(max-width: 420px) 100vw, 420px\" \/><\/a><\/p>\n<p style=\"text-align: justify;\">Studen\u021bii Facult\u0103\u021bii de Construc\u021bii \u0219i Instala\u021bii din cadrul Universit\u0103\u021bii Tehnice \u201eGheorghe Asachi\u201d din Ia\u0219i se afl\u0103 \u00een aceste zile \u00een practic\u0103 pe \u0219antierele de pe raza Direc\u021biei Regionale de Drumuri \u0219i Poduri (DRDP) Ia\u0219i. Potrivit reprezentan\u021bilor DRDP, studen\u021bilor le-au fost prezentate lucr\u0103rile derulate la podurile de pe DN 28, de la S\u00e2rca (jude\u021bul Ia\u0219i), cele de pe DN 11, de la Poiana S\u0103rat\u0103 (jude\u021bul Bac\u0103u), precum \u0219i obiectivele de pe traseul \u0219oselei ocolitoare a municipiului Bac\u0103u (A7). \u00cen alt\u0103 ordine de idei, DRDP Ia\u0219i informeaz\u0103 conduc\u0103torii auto c\u0103 \u00een noaptea de 28 spre 29 iunie vor fi demarate lucr\u0103rile de amenajare a unui refugiu pentru pietoni pe DN 2, pe raza localit\u0103\u021bii Traian din jude\u021bul Neam\u021b (km 337+486, \u00een dreptul bisericii ortodoxe). Lucr\u0103rile vor fi executate \u00een regie de Sec\u021bia Drumuri Na\u021bionale Piatra Neam\u021b. Pentru a perturba c\u00e2t mai pu\u021bin traficul auto, acestea vor fi executate pe timp de noapte. DRDP Ia\u0219i face apel la \u00een\u021belegere pentru eventualul disconfort creat, cu recomandarea c\u0103tre conduc\u0103torii auto de a circula cu pruden\u021b\u0103 \u0219i cu respectarea semnaliz\u0103rii instituite.<\/p>\n","protected":false},"excerpt":{"rendered":"<p>Studen\u021bii Facult\u0103\u021bii de Construc\u021bii \u0219i Instala\u021bii din cadrul Universit\u0103\u021bii Tehnice \u201eGheorghe Asachi\u201d din Ia\u0219i se&#8230; <a class=\"meta-more\" href=\"http:\/\/infois.ro\/?p=63592\">more <span class=\"meta-nav\">&raquo;<\/span><\/a><\/p>\n","protected":false},"author":2,"featured_media":63593,"comment_status":"closed","ping_status":"closed","sticky":false,"template":"","format":"standard","meta":{"footnotes":""},"categories":[12,41],"tags":[74,15502,40,3727,2849,2334],"aioseo_notices":[],"_links":{"self":[{"href":"http:\/\/infois.ro\/index.php?rest_route=\/wp\/v2\/posts\/63592"}],"collection":[{"href":"http:\/\/infois.ro\/index.php?rest_route=\/wp\/v2\/posts"}],"about":[{"href":"http:\/\/infois.ro\/index.php?rest_route=\/wp\/v2\/types\/post"}],"author":[{"embeddable":true,"href":"http:\/\/infois.ro\/index.php?rest_route=\/wp\/v2\/users\/2"}],"replies":[{"embeddable":true,"href":"http:\/\/infois.ro\/index.php?rest_route=%2Fwp%2Fv2%2Fcomments&post=63592"}],"version-history":[{"count":1,"href":"http:\/\/infois.ro\/index.php?rest_route=\/wp\/v2\/posts\/63592\/revisions"}],"predecessor-version":[{"id":63594,"href":"http:\/\/infois.ro\/index.php?rest_route=\/wp\/v2\/posts\/63592\/revisions\/63594"}],"wp:featuredmedia":[{"embeddable":true,"href":"http:\/\/infois.ro\/index.php?rest_route=\/wp\/v2\/media\/63593"}],"wp:attachment":[{"href":"http:\/\/infois.ro\/index.php?rest_route=%2Fwp%2Fv2%2Fmedia&parent=63592"}],"wp:term":[{"taxonomy":"category","embeddable":true,"href":"http:\/\/infois.ro\/index.php?rest_route=%2Fwp%2Fv2%2Fcategories&post=63592"},{"taxonomy":"post_tag","embeddable":true,"href":"http:\/\/infois.ro\/index.php?rest_route=%2Fwp%2Fv2%2Ftags&post=63592"}],"curies":[{"name":"wp","href":"https:\/\/api.w.org\/{rel}","templated":true}]}}