{"id":63602,"date":"2022-06-29T09:29:01","date_gmt":"2022-06-29T06:29:01","guid":{"rendered":"http:\/\/infois.ro\/?p=63602"},"modified":"2022-06-29T09:29:01","modified_gmt":"2022-06-29T06:29:01","slug":"in-anul-scolar-2022-2023-admiterea-la-liceu-a-candidatilor-din-afara-tarii-se-va-face-exclusiv-online","status":"publish","type":"post","link":"http:\/\/infois.ro\/?p=63602","title":{"rendered":"\u00cen anul \u0219colar 2022\/2023, admiterea  la liceu a candida\u021bilor din afara \u021b\u0103rii se va face exclusiv online"},"content":{"rendered":"<p><a href=\"http:\/\/infois.ro\/wp-content\/uploads\/2015\/05\/isj-iasi.jpg\"><img loading=\"lazy\" decoding=\"async\" class=\"alignleft  wp-image-17567\" src=\"http:\/\/infois.ro\/wp-content\/uploads\/2015\/05\/isj-iasi.jpg\" alt=\"\" width=\"407\" height=\"271\" srcset=\"http:\/\/infois.ro\/wp-content\/uploads\/2015\/05\/isj-iasi.jpg 600w, http:\/\/infois.ro\/wp-content\/uploads\/2015\/05\/isj-iasi-300x200.jpg 300w\" sizes=\"(max-width: 407px) 100vw, 407px\" \/><\/a><\/p>\n<p style=\"text-align: justify;\">Inspectoratul \u0218colar Jude\u021bean (I\u0218J) Ia\u0219i a dat publicit\u0103\u021bii, ast\u0103zi, informa\u021bii despre admiterea \u00een clasele a IX-a, a X-a \u0219i \u00een \u00eenv\u0103\u021b\u0103m\u00e2ntul profesional pentru candida\u021bii din Republica Moldova, Ucraina, Albania, Macedonia, Serbia, Ungaria \u0219i diaspora pentru anul \u0219colar 2022 \u2013 2023.<\/p>\n<p style=\"text-align: justify;\">\n<p style=\"text-align: justify;\">Astfel, pentru candida\u021bii din Republica Moldova, Ucraina, Albania, Macedonia, Serbia, Ungaria, precum \u0219i pentru rom\u00e2nii de pretutindeni, absolven\u021bi de gimnaziu din Rom\u00e2nia, care doresc s\u0103-\u015fi continue studiile liceale sau profesionale \u00een institu\u021biile de \u00eenv\u0103\u021b\u0103m\u00e2nt preuniversitar de stat din Rom\u00e2nia, sunt\u00a0 repartizate 950 de locuri cu burs\u0103 la nivel na\u021bional pentru cele 2.659 locuri \u00een licee \u0219i \u0219coli profesionale (1.206 la clasa a IX-a, 782 la clasa a X-a, 571 la \u0219coala profesional\u0103). Bursa lunar\u0103 este \u00een valoare de 65 euro \u0219i se acord\u0103 pe parcursul anului \u0219colar, cu excep\u021bia vacan\u021bei de var\u0103.<\/p>\n<p style=\"text-align: justify;\"><strong>Modalitatea de admitere pentru anul \u0219colar 2022-2023 va fi exclusiv online, dup\u0103 cum urmeaz\u0103: <\/strong><\/p>\n<p style=\"text-align: justify;\">\u2219 Dosarele se transmit doar sub forma de fi\u0219iere informatice, con\u021bin\u00e2nd scanarea actelor solicitate pentru \u00eenscrierea la concursul de admitere.<\/p>\n<p style=\"text-align: justify;\">\u2219 Fi\u0219ierele vor fi transmise doar la adresa electronic\u0103 dedicat\u0103 acestui scop, care va fi comunicat\u0103 \u00een data de 20 iulie 2022 pe site-ul <a href=\"http:\/\/www.isjiasi.ro\/\">http:\/\/www.isjiasi.ro<\/a> (la sec\u021biunea sec\u021biunea <a href=\"http:\/\/isjiasi.ro\/index.php\/examene-si-concursuri2\/admitere\/admitere-elevi-din-republica-moldova\">Examene \u2013 Admitere<\/a>)<\/p>\n<p style=\"text-align: justify;\">\n<p style=\"text-align: justify;\"><strong>Calendarul admiterii: <\/strong><\/p>\n<ul style=\"text-align: justify;\">\n<li>21 &#8211; 27 iulie 2022, orele 8-16: \u00eenscrierea online a candida\u021bilor<\/li>\n<li>1 august 2022: afi\u0219area rezultatelor admiterii computerizate: (<a href=\"http:\/\/www.isjiasi.ro\/\">http:\/\/www.isjiasi.ro<\/a> &#8211; la \u00a0\u00a0\u00a0\u00a0\u00a0\u00a0\u00a0\u00a0\u00a0\u00a0\u00a0\u00a0\u00a0\u00a0\u00a0\u00a0\u00a0\u00a0\u00a0\u00a0\u00a0\u00a0\u00a0\u00a0\u00a0\u00a0\u00a0\u00a0\u00a0\u00a0\u00a0\u00a0\u00a0\u00a0 sec\u021biunea sec\u021biunea <a href=\"http:\/\/isjiasi.ro\/index.php\/examene-si-concursuri2\/admitere\/admitere-elevi-din-republica-moldova\">Examene \u2013 Admitere<\/a>)<\/li>\n<li>2- 4 august 2022: analiza \u0219i solu\u021bionarea contesta\u021biilor \u0219i cazurilor speciale (fra\u021bi, gemeni, triple\u021bi), de c\u0103tre comisia de admitere de la Inspectoratul \u0218colar Jude\u0163ean Ia\u0219i<\/li>\n<li>5 august 2022: afi\u0219area rezultatelor finale, dup\u0103 solu\u021bionarea cazurilor speciale. (pe site-ul <a href=\"http:\/\/www.isjiasi.ro\/\">http:\/\/www.isjiasi.ro<\/a> (sec\u021biunea <a href=\"http:\/\/isjiasi.ro\/index.php\/examene-si-concursuri2\/admitere\/admitere-elevi-din-republica-moldova\">Examene \u2013 Admitere<\/a>) \u015fi pe site-ul Ministerului Educatiei) \u0219i pe site-ul Ministerului Educa\u021biei <a href=\"https:\/\/edu.ro\/Romanii-de-pretutindeni\">https:\/\/edu.ro\/Romanii-de-pretutindeni<\/a><\/li>\n<\/ul>\n<p style=\"text-align: justify;\">\n<p style=\"text-align: justify;\">Dosarele trimise \u00een format fizic (prin po\u0219t\u0103\/delegat personal etc.) nu vor fi evaluate.<\/p>\n<p style=\"text-align: justify;\">\n<p style=\"text-align: justify;\">Pot accede \u00een ciclul liceal\/profesional din Rom\u00e2nia candida\u021bii rom\u00e2ni de pretutindeni care:<\/p>\n<ul style=\"text-align: justify;\">\n<li>au documente care atest\u0103 domiciliul stabil \u00een str\u0103in\u0103tate;<\/li>\n<li>prezint\u0103 acte de studii care certific\u0103 absolvirea clasei a VIII-a, respectiv clasei a IX-a,<\/li>\n<\/ul>\n<p style=\"text-align: justify;\">\n<p style=\"text-align: justify;\">Oferta locurilor este public\u0103 pe site-ul ISJ Ia\u0219i <a href=\"http:\/\/www.isjiasi.ro\/\">http:\/\/www.isjiasi.ro<\/a>\u00a0 (la sec\u021biunea <a href=\"http:\/\/isjiasi.ro\/index.php\/examene-si-concursuri2\/admitere\/admitere-elevi-din-republica-moldova\">Examene na\u021bionale- Admitere<\/a>) \u0219i pe site-ul ME <a href=\"https:\/\/edu.ro\/Romanii-de-pretutindeni\">https:\/\/edu.ro\/Romanii-de-pretutindeni<\/a>, conform <a href=\"https:\/\/docs.google.com\/spreadsheets\/d\/1LnUdAgOPpNAWkz8u95pyYW6fev35JtBK\/edit#gid=1559039768\">Anexei 1<\/a>, care este structurat\u0103 pe categoriile:<\/p>\n<ul style=\"text-align: justify;\">\n<li>locuri la \u00eenv\u0103\u021b\u0103m\u00e2ntul liceal clasa a IX-a;<\/li>\n<li>locuri la \u00eenv\u0103\u021b\u0103m\u00e2ntul liceal clasa a X-a<\/li>\n<li>locuri la \u00eenv\u0103\u021b\u0103m\u00e2ntul profesional anul I \u0219i anul II ;<\/li>\n<\/ul>\n<p style=\"text-align: justify;\">\n<p style=\"text-align: justify;\">\n<p style=\"text-align: justify;\">\n","protected":false},"excerpt":{"rendered":"<p>Inspectoratul \u0218colar Jude\u021bean (I\u0218J) Ia\u0219i a dat publicit\u0103\u021bii, ast\u0103zi, informa\u021bii despre admiterea \u00een clasele a&#8230; <a class=\"meta-more\" href=\"http:\/\/infois.ro\/?p=63602\">more <span class=\"meta-nav\">&raquo;<\/span><\/a><\/p>\n","protected":false},"author":2,"featured_media":17567,"comment_status":"closed","ping_status":"closed","sticky":false,"template":"","format":"standard","meta":{"footnotes":""},"categories":[12,41],"tags":[74,9313,40,13311,1637,568],"aioseo_notices":[],"_links":{"self":[{"href":"http:\/\/infois.ro\/index.php?rest_route=\/wp\/v2\/posts\/63602"}],"collection":[{"href":"http:\/\/infois.ro\/index.php?rest_route=\/wp\/v2\/posts"}],"about":[{"href":"http:\/\/infois.ro\/index.php?rest_route=\/wp\/v2\/types\/post"}],"author":[{"embeddable":true,"href":"http:\/\/infois.ro\/index.php?rest_route=\/wp\/v2\/users\/2"}],"replies":[{"embeddable":true,"href":"http:\/\/infois.ro\/index.php?rest_route=%2Fwp%2Fv2%2Fcomments&post=63602"}],"version-history":[{"count":1,"href":"http:\/\/infois.ro\/index.php?rest_route=\/wp\/v2\/posts\/63602\/revisions"}],"predecessor-version":[{"id":63603,"href":"http:\/\/infois.ro\/index.php?rest_route=\/wp\/v2\/posts\/63602\/revisions\/63603"}],"wp:featuredmedia":[{"embeddable":true,"href":"http:\/\/infois.ro\/index.php?rest_route=\/wp\/v2\/media\/17567"}],"wp:attachment":[{"href":"http:\/\/infois.ro\/index.php?rest_route=%2Fwp%2Fv2%2Fmedia&parent=63602"}],"wp:term":[{"taxonomy":"category","embeddable":true,"href":"http:\/\/infois.ro\/index.php?rest_route=%2Fwp%2Fv2%2Fcategories&post=63602"},{"taxonomy":"post_tag","embeddable":true,"href":"http:\/\/infois.ro\/index.php?rest_route=%2Fwp%2Fv2%2Ftags&post=63602"}],"curies":[{"name":"wp","href":"https:\/\/api.w.org\/{rel}","templated":true}]}}