{"id":63661,"date":"2022-06-30T18:37:56","date_gmt":"2022-06-30T15:37:56","guid":{"rendered":"http:\/\/infois.ro\/?p=63661"},"modified":"2022-07-01T09:39:46","modified_gmt":"2022-07-01T06:39:46","slug":"universitatea-al-i-cuza-participa-la-reuniunea-aliantelor-de-universitati-europene-de-la-paris","status":"publish","type":"post","link":"http:\/\/infois.ro\/?p=63661","title":{"rendered":"Universitatea \u201eAl.I. Cuza\u201d particip\u0103 la reuniunea alian\u021belor de universit\u0103\u021bi europene, de la Paris"},"content":{"rendered":"<p><a href=\"http:\/\/infois.ro\/wp-content\/uploads\/2021\/12\/cuza.jpg\"><img loading=\"lazy\" decoding=\"async\" class=\"alignleft  wp-image-59319\" src=\"http:\/\/infois.ro\/wp-content\/uploads\/2021\/12\/cuza.jpg\" alt=\"\" width=\"408\" height=\"254\" srcset=\"http:\/\/infois.ro\/wp-content\/uploads\/2021\/12\/cuza.jpg 640w, http:\/\/infois.ro\/wp-content\/uploads\/2021\/12\/cuza-300x187.jpg 300w\" sizes=\"(max-width: 408px) 100vw, 408px\" \/><\/a><\/p>\n<p style=\"text-align: justify;\">Conducerea Universit\u0103\u021bii \u201eAlexandru Ioan Cuza\u201d din Ia\u0219i (UAIC), reprezentat\u0103 de prof. univ. dr. Tudorel TOADER &#8211; Rector \u0219i prof. univ. dr. Daniela COJOCARU &#8211; Prorector pentru rela\u0163ii interna\u0163ionale \u015fi parteneriate de studii \u015fi cercetare, particip\u0103 ast\u0103zi, 30 iunie 2022, la Campusul Universit\u0103\u021bilor Europene. Acesta este ultimul eveniment major organizat \u00een cadrul Presedin\u021biei Franceze a Consiliului Uniunii Europene \u0219i a este dedicat alian\u021belor de universit\u0103\u021bi europene.<\/p>\n<p style=\"text-align: justify;\">Evenimentul este organizat la Palais des Congr\u00e8s de Versailles din Paris, cu peste 600 de participan\u021bi care\u00a0 reprezint\u0103 cele 41 de alian\u021be de universit\u0103\u021bi europene finan\u021bate \u00een prezent.<\/p>\n<p style=\"text-align: justify;\">Sesiunile plenare \u0219i atelierele de lucru organizate \u00een cadrul evenimentului abordeaz\u0103 teme precum: Modele diferite de universit\u0103\u021bi europene, dar cu provoc\u0103ri comune; Dezvoltarea de parteneriate cu actori socio-economici; Modele pentru transformarea \u00eenv\u0103\u021b\u0103m\u00e2ntului superior European; Prezentarea \u00eenv\u0103\u021b\u0103m\u00e2ntului superior european \u00een \u00eentreaga lume; Universit\u0103\u021bile europene din perspectiva studen\u021bilor.<\/p>\n<p style=\"text-align: justify;\">Alian\u021ba EC2U, din care UAIC face parte, este reprezentat\u0103 la eveniment de toate cele 7 universit\u0103\u021bi membre: Universitatea din Poitiers (\u00een calitate de coordonator), Universitatea din Coimbra, Universitatea \u201eAlexandru Ioan Cuza\u201d din Ia\u0219i, Universitatea din Salamanca, Universitatea din Pavia, Universitatea Friedrich Schiller din Jena \u0219i Universitatea din Turku. EC2U promoveaz\u0103 o ini\u021biativ\u0103 global\u0103 f\u0103r\u0103 precedent, bazat\u0103 pe provoc\u0103ri, care are \u00een prim-plan Obiectivele de Dezvoltare Durabil\u0103 (SDG) ale Na\u021biunilor Unite.<\/p>\n","protected":false},"excerpt":{"rendered":"<p>Conducerea Universit\u0103\u021bii \u201eAlexandru Ioan Cuza\u201d din Ia\u0219i (UAIC), reprezentat\u0103 de prof. univ. dr. Tudorel TOADER&#8230; <a class=\"meta-more\" href=\"http:\/\/infois.ro\/?p=63661\">more <span class=\"meta-nav\">&raquo;<\/span><\/a><\/p>\n","protected":false},"author":2,"featured_media":59319,"comment_status":"closed","ping_status":"closed","sticky":false,"template":"","format":"standard","meta":{"footnotes":""},"categories":[12,41],"tags":[74,15511,2507,40,147],"aioseo_notices":[],"_links":{"self":[{"href":"http:\/\/infois.ro\/index.php?rest_route=\/wp\/v2\/posts\/63661"}],"collection":[{"href":"http:\/\/infois.ro\/index.php?rest_route=\/wp\/v2\/posts"}],"about":[{"href":"http:\/\/infois.ro\/index.php?rest_route=\/wp\/v2\/types\/post"}],"author":[{"embeddable":true,"href":"http:\/\/infois.ro\/index.php?rest_route=\/wp\/v2\/users\/2"}],"replies":[{"embeddable":true,"href":"http:\/\/infois.ro\/index.php?rest_route=%2Fwp%2Fv2%2Fcomments&post=63661"}],"version-history":[{"count":1,"href":"http:\/\/infois.ro\/index.php?rest_route=\/wp\/v2\/posts\/63661\/revisions"}],"predecessor-version":[{"id":63662,"href":"http:\/\/infois.ro\/index.php?rest_route=\/wp\/v2\/posts\/63661\/revisions\/63662"}],"wp:featuredmedia":[{"embeddable":true,"href":"http:\/\/infois.ro\/index.php?rest_route=\/wp\/v2\/media\/59319"}],"wp:attachment":[{"href":"http:\/\/infois.ro\/index.php?rest_route=%2Fwp%2Fv2%2Fmedia&parent=63661"}],"wp:term":[{"taxonomy":"category","embeddable":true,"href":"http:\/\/infois.ro\/index.php?rest_route=%2Fwp%2Fv2%2Fcategories&post=63661"},{"taxonomy":"post_tag","embeddable":true,"href":"http:\/\/infois.ro\/index.php?rest_route=%2Fwp%2Fv2%2Ftags&post=63661"}],"curies":[{"name":"wp","href":"https:\/\/api.w.org\/{rel}","templated":true}]}}