{"id":63934,"date":"2022-07-12T15:40:54","date_gmt":"2022-07-12T12:40:54","guid":{"rendered":"http:\/\/infois.ro\/?p=63934"},"modified":"2022-07-12T15:40:54","modified_gmt":"2022-07-12T12:40:54","slug":"hub-academic-modern-proiectat-de-studenti-la-scoala-internationala-de-vara-best-iasi","status":"publish","type":"post","link":"http:\/\/infois.ro\/?p=63934","title":{"rendered":"Hub academic modern, proiectat de studen\u021bi la \u0218coala Interna\u021bional\u0103 de Var\u0103 BEST Ia\u0219i"},"content":{"rendered":"<p><a href=\"http:\/\/infois.ro\/wp-content\/uploads\/2022\/07\/hub-best-1.jpg\"><img loading=\"lazy\" decoding=\"async\" class=\"alignleft  wp-image-63935\" src=\"http:\/\/infois.ro\/wp-content\/uploads\/2022\/07\/hub-best-1.jpg\" alt=\"\" width=\"391\" height=\"260\" srcset=\"http:\/\/infois.ro\/wp-content\/uploads\/2022\/07\/hub-best-1.jpg 640w, http:\/\/infois.ro\/wp-content\/uploads\/2022\/07\/hub-best-1-300x200.jpg 300w\" sizes=\"(max-width: 391px) 100vw, 391px\" \/><\/a><\/p>\n<p style=\"text-align: justify;\">Luni, 11 iulie, la Fab Lab a avut loc deschiderea oficial\u0103 a \u0218colii Interna\u021bionale de Var\u0103 \u201eThe hubs and the bees, design the perfect academic hive!\u201d, organizat\u0103 de BEST Ia\u0219i cu sprijinul Universit\u0103\u021bii Tehnice \u201eGheorghe Asachi\u201d din Ia\u0219i (TUIASI).<\/p>\n<p style=\"text-align: justify;\">\n<p style=\"text-align: justify;\">\u00cen perioada 10 &#8211; 23 iulie, studen\u021bi rom\u00e2ni \u0219i interna\u021bionali particip\u0103 la un curs intensiv al c\u0103rui scop este de a-i provoca s\u0103 proiecteze un hub academic modern.<\/p>\n<p style=\"text-align: justify;\">\n<p style=\"text-align: justify;\">TUIASI sprijin\u0103 organizarea \u0218colii Interna\u021bionale de Var\u0103 \u00een special prin asigurarea \u0219i implicarea trainerilor, patru profesori, dintre care doi sunt beneficiari ai burselor Fulbright, burse de studiu \u00een SUA. Iar la finalul celor dou\u0103 s\u0103pt\u0103m\u00e2ni de lucru, hubul academic proiectat de c\u0103tre studen\u021bi va prinde via\u021b\u0103: un spa\u021biu din cl\u0103direa TEX 6 a Facult\u0103\u021bii de Design Industrial \u0219i Managementul Afacerilor, de la TUIASI, va fi reamenajat \u00een func\u021bie de ideile, conceptul \u0219i proiectul tinerilor participan\u021bi la \u0219coala de var\u0103.<\/p>\n<p style=\"text-align: justify;\">\n<p style=\"text-align: justify;\">Prof. univ. dr. ing. Irina Lungu, prorector responsabil cu rela\u021biile interna\u021bionale la TUIASI, le-a spus studen\u021bilor participan\u021bi c\u0103 au \u00een fa\u021b\u0103 o provocare important\u0103, aceea de a proiecta un spa\u021biu de lucru academic care \u00eei poate g\u0103zdui pe ei, profesori, mentori, reprezentan\u021bi ai mediului de afaceri \u0219i care s\u0103 poat\u0103 fi folosit inclusiv dup\u0103 absolvire.<\/p>\n<p style=\"text-align: justify;\">\n<p style=\"text-align: justify;\">\u201eAceste \u0219coli de var\u0103 de dou\u0103 s\u0103pt\u0103m\u00e2ni sunt g\u00e2ndite astfel \u00eenc\u00e2t s\u0103 deprinde\u021bi anumite competen\u021be de la profesori, care v\u0103 vor ghida prin mai multe metode de lucru. Profesorii pe care \u00eei ve\u021bi cunoa\u0219te au competen\u021be nea\u0219teptate. \u00cen mod normal, \u00eentr-o universitate tehnic\u0103 te a\u0219tep\u021bi ca inginerii s\u0103 se comporte \u00abinginere\u0219te\u00bb, adic\u0103 s\u0103 foloseasc\u0103 argumente din practic\u0103 \u0219i teorie. Colegii mei vin cu un background de arhitectur\u0103 neconven\u021bional\u0103, antreprenoriat, marketing, management\u201d, a declarat prof. univ. dr. ing. Irina Lungu.<\/p>\n<p style=\"text-align: justify;\">\u0218ef lucr\u0103ri dr. ing. Lidia Alexa, de la Facultatea de Design Industrial \u0219i Managementul Afacerilor, le-a spus studen\u021bilor c\u0103 vor petrece prima s\u0103pt\u0103m\u00e2n\u0103 a \u0219colii de var\u0103 \u00eempreun\u0103 \u00eenv\u0103\u021b\u00e2nd procesul de \u201edesign thinking\u201d.<\/p>\n<p style=\"text-align: justify;\">\n<p style=\"text-align: justify;\">\u201eVa fi o provocare. C\u00e2nd am fost cu bursa Fulbright la Universitatea din Rochester am aflat c\u0103 americanii nu folosesc cuv\u00e2ntul \u00abproblem\u0103\u00bb, ci \u00abprovocare\u00bb, lucru care ne arat\u0103 c\u0103 felul \u00een care ne raport\u0103m \u0219i cum privim o problem\u0103 e important \u0219i poate face parte din solu\u021bie, iar asta vom \u00eenv\u0103\u021ba \u0219i noi: s\u0103 identific\u0103m provocarea, s\u0103 ne schimb\u0103m perspectiva asupra problemei \u0219i s\u0103 g\u0103sim solu\u021bii pe termen scurt \u0219i lung\u201d, a spus \u0219ef lucr\u0103ri dr. ing. Lidia Alexa.<\/p>\n<p style=\"text-align: justify;\">\n<p style=\"text-align: justify;\">Conf. univ. dr. ing. Ciprian Com\u0219a, cadru didactic la Facultatea de Electronic\u0103, Telecomunica\u021bii \u0219i Tehnologia Informa\u021biei, le-a explicat studen\u021bilor c\u0103 experien\u021ba acestor dou\u0103 s\u0103pt\u0103m\u00e2ni trebuie s\u0103 fie una care s\u0103 le r\u0103m\u00e2n\u0103 aproape \u0219i \u00een viitor.<\/p>\n<p style=\"text-align: justify;\">\n<p style=\"text-align: justify;\">\u201eDup\u0103 cum vede\u021bi, \u00eenc\u0103 de la \u00eenceput suntem deja \u00eentr-un spa\u021biu neconven\u021bional. Vom trece printr-un proces de \u00abdesign thinking\u00bb, iar rezultatele acestui proces v\u0103 vor fi de folos \u00een viitor. Sunt \u0219i eu entuziasmat de aceast\u0103 experien\u021b\u0103 al\u0103turi de voi\u201d, le-a spus conf. univ. dr. ing. Ciprian Com\u0219a tinerilor.<\/p>\n<p style=\"text-align: justify;\">\n<p style=\"text-align: justify;\">Drd. arh. Oana Stanciu, de la Facultatea de Arhitectur\u0103 \u201eG.M. Cantacuzino\u201d, a pus accentul pe tema \u0219colii de var\u0103, pe care o consider\u0103 important\u0103, pentru c\u0103 demonstreaz\u0103 c\u0103 universitatea este centrat\u0103 \u00een jurul studen\u021bilor \u0219i vrea s\u0103 le ofere spa\u021bii \u00een func\u021bie de nevoile lor.<\/p>\n<p style=\"text-align: justify;\">\n<p style=\"text-align: justify;\">\u201eE foarte important ca studen\u021bii s\u0103 aib\u0103 spa\u021bii \u00een care s\u0103 se \u00eent\u00e2lneasc\u0103 \u00een afara orelor, pentru a schimba idei \u0219i a se \u00eembun\u0103t\u0103\u021bi, pentru c\u0103 a\u0219a apar afacerile, prin astfel de \u00eent\u00e2lniri\u201d, a explicat aceasta.<\/p>\n<p style=\"text-align: justify;\">\n<p style=\"text-align: justify;\">Drd. arh. Oana Stanciu a subliniat importan\u021ba spa\u021biului de lucru vorbind din experien\u021ba de arhitect. Spre exemplu, aceasta a explicat c\u0103 este important felul \u00een care avem aranjat biroul, cum st\u0103m pe scaun, toate fiind elemente necesare pentru a crea \u201eo baz\u0103\u201d, astfel \u00eenc\u00e2t spa\u021biul s\u0103 fie organizat \u00eentr-un mod c\u00e2t mai eficient, care s\u0103 permit\u0103 dezvoltarea creativit\u0103\u021bii.<\/p>\n<p style=\"text-align: justify;\">Asist. dr. arh. Tiberiu Teodor-Stanciu a spus c\u0103 \u0218coala de Var\u0103 va fi o provocare at\u00e2t pentru studen\u021bi c\u00e2t \u0219i pentru profesori.<\/p>\n<p style=\"text-align: justify;\">\n<p style=\"text-align: justify;\">\u201eChiar dac\u0103 nu sunte\u021bi to\u021bi arhitec\u021bi, ve\u021bi descoperi c\u0103 exist\u0103 un mic arhitect \u00een fiecare dintre voi \u0219i va fi misiunea noastr\u0103 s\u0103 \u00eel scoatem la suprafa\u021b\u0103 \u0219i s\u0103-l punem la treab\u0103\u201d, a punctat arhitectul.<\/p>\n<p style=\"text-align: justify;\">\n","protected":false},"excerpt":{"rendered":"<p>Luni, 11 iulie, la Fab Lab a avut loc deschiderea oficial\u0103 a \u0218colii Interna\u021bionale de&#8230; <a class=\"meta-more\" href=\"http:\/\/infois.ro\/?p=63934\">more <span class=\"meta-nav\">&raquo;<\/span><\/a><\/p>\n","protected":false},"author":2,"featured_media":63935,"comment_status":"closed","ping_status":"closed","sticky":false,"template":"","format":"standard","meta":{"footnotes":""},"categories":[12,41],"tags":[74,15560,40,2810],"aioseo_notices":[],"_links":{"self":[{"href":"http:\/\/infois.ro\/index.php?rest_route=\/wp\/v2\/posts\/63934"}],"collection":[{"href":"http:\/\/infois.ro\/index.php?rest_route=\/wp\/v2\/posts"}],"about":[{"href":"http:\/\/infois.ro\/index.php?rest_route=\/wp\/v2\/types\/post"}],"author":[{"embeddable":true,"href":"http:\/\/infois.ro\/index.php?rest_route=\/wp\/v2\/users\/2"}],"replies":[{"embeddable":true,"href":"http:\/\/infois.ro\/index.php?rest_route=%2Fwp%2Fv2%2Fcomments&post=63934"}],"version-history":[{"count":1,"href":"http:\/\/infois.ro\/index.php?rest_route=\/wp\/v2\/posts\/63934\/revisions"}],"predecessor-version":[{"id":63936,"href":"http:\/\/infois.ro\/index.php?rest_route=\/wp\/v2\/posts\/63934\/revisions\/63936"}],"wp:featuredmedia":[{"embeddable":true,"href":"http:\/\/infois.ro\/index.php?rest_route=\/wp\/v2\/media\/63935"}],"wp:attachment":[{"href":"http:\/\/infois.ro\/index.php?rest_route=%2Fwp%2Fv2%2Fmedia&parent=63934"}],"wp:term":[{"taxonomy":"category","embeddable":true,"href":"http:\/\/infois.ro\/index.php?rest_route=%2Fwp%2Fv2%2Fcategories&post=63934"},{"taxonomy":"post_tag","embeddable":true,"href":"http:\/\/infois.ro\/index.php?rest_route=%2Fwp%2Fv2%2Ftags&post=63934"}],"curies":[{"name":"wp","href":"https:\/\/api.w.org\/{rel}","templated":true}]}}