{"id":64301,"date":"2022-07-26T06:17:00","date_gmt":"2022-07-26T03:17:00","guid":{"rendered":"http:\/\/infois.ro\/?p=64301"},"modified":"2022-07-27T06:20:12","modified_gmt":"2022-07-27T03:20:12","slug":"scoala-de-vara-destinata-elevilor-participanti-la-etapa-nationala-a-olimpiadei-de-geografie","status":"publish","type":"post","link":"http:\/\/infois.ro\/?p=64301","title":{"rendered":"\u0218coal\u0103 de var\u0103 destinat\u0103 elevilor participan\u021bi la etapa na\u021bional\u0103 a Olimpiadei de geografie"},"content":{"rendered":"<p><a href=\"http:\/\/infois.ro\/wp-content\/uploads\/2022\/07\/scoala-de-geografie-1.jpg\"><img loading=\"lazy\" decoding=\"async\" class=\"alignleft  wp-image-64302\" src=\"http:\/\/infois.ro\/wp-content\/uploads\/2022\/07\/scoala-de-geografie-1.jpg\" alt=\"\" width=\"424\" height=\"318\" srcset=\"http:\/\/infois.ro\/wp-content\/uploads\/2022\/07\/scoala-de-geografie-1.jpg 640w, http:\/\/infois.ro\/wp-content\/uploads\/2022\/07\/scoala-de-geografie-1-300x225.jpg 300w\" sizes=\"(max-width: 424px) 100vw, 424px\" \/><\/a><\/p>\n<p style=\"text-align: justify;\">\u00cen Sta\u021biunea \u00a0de cercetare \u0219tiin\u021bific\u0103 \u0219i practic\u0103 studen\u021beasc\u0103 \u201eIon Gugiuman\u201d din Masivul Rar\u0103u, care apar\u021bine Universit\u0103\u021bii \u201cAlexandru Ioan Cuza\u201d din Ia\u0219i, s-a desf\u0103\u0219urat \u00een perioada 18-24 iulie \u0218coala de var\u0103 destinat\u0103 elevilor participan\u021bi la etapa na\u021bional\u0103 Olimpiadei de geografie din acest an.<\/p>\n<p style=\"text-align: justify;\">\u00cen cadrul acestei activit\u0103\u021bi, aflat\u0103 \u00een acest an la cea de-a treia edi\u021bie, tinerii pasiona\u021bi de geografie din \u00eentreaga \u021bar\u0103, cu performan\u021be validate \u00een competi\u021biile na\u021bionale geografice s-au reunit, pentru timp de o s\u0103pt\u0103m\u00e2n\u0103, pentru a participa la o serie de aplica\u021bii practice de teren, care au vizat aspecte geomorfologice, climatologice \u0219i de biogeografie montan\u0103. Principalele zone vizitate au fost Pietrele Doamnei, Piatra \u0218oimului, V\u00e2rful Rar\u0103u, Pochii Rar\u0103ului, Piatra Zimbrului, Codrul secular de la Sl\u0103tioara, f\u00e2ne\u021bele Todirescu \u0219i M\u0103n\u0103stirea Rar\u0103u. Timp de o s\u0103pt\u0103m\u00e2n\u0103 elevii au luat contact direct cu forme ale reliefului carstic \u0219i periglaciar, cu infrastructura specific\u0103 unei sta\u021bii meteorologice de altitudine, cu tipuri de vegeta\u021bie etajat\u0103 altitudinal, dar \u0219i cu condi\u021bii diferite de manifestare a turismului montan: drume\u021bia montan\u0103, escalada, tiroliana, turismul \u0219tiin\u021bific, cultural-religios, etc.<\/p>\n<p style=\"text-align: justify;\">\u201cAplica\u021biile practice de teren au fost zilnic completate de cursuri cu teme geografice de actualitate, sus\u021binute de c\u0103tre dou\u0103 cadre didactice universitare din cadrul Departamentului de Geografie.<a href=\"http:\/\/infois.ro\/wp-content\/uploads\/2022\/07\/scoala-de-geografie-2.jpg\"><img loading=\"lazy\" decoding=\"async\" class=\"wp-image-64303 alignright\" src=\"http:\/\/infois.ro\/wp-content\/uploads\/2022\/07\/scoala-de-geografie-2.jpg\" alt=\"\" width=\"345\" height=\"259\" srcset=\"http:\/\/infois.ro\/wp-content\/uploads\/2022\/07\/scoala-de-geografie-2.jpg 640w, http:\/\/infois.ro\/wp-content\/uploads\/2022\/07\/scoala-de-geografie-2-300x225.jpg 300w\" sizes=\"(max-width: 345px) 100vw, 345px\" \/><\/a><\/p>\n<p style=\"text-align: justify;\">Celor dou\u0103 tipuri de activit\u0103\u021bi, practice \u0219i teoretice, li s-au ad\u0103ugat momente de socializare prin activit\u0103\u021bi de divertisment \u0219i sportive,\u00a0 din Ia\u0219i particip\u00e2nd un grup de nou\u0103 elevi.<\/p>\n<p style=\"text-align: justify;\">La finalul \u0218colii de var\u0103, participan\u021bii au apreciat la superlativ aceast\u0103 oportunitate care conduce la cre\u0219terea interesului pentru cunoa\u0219tere, studiu \u0219i performan\u021b\u0103\u201d, precizeaz\u0103 reprezentan\u021bii Inspectoratului \u0218colar Jude\u021bean Ia\u0219i \u00eentr-un comunicat de pres\u0103.<\/p>\n","protected":false},"excerpt":{"rendered":"<p>\u00cen Sta\u021biunea \u00a0de cercetare \u0219tiin\u021bific\u0103 \u0219i practic\u0103 studen\u021beasc\u0103 \u201eIon Gugiuman\u201d din Masivul Rar\u0103u, care apar\u021bine&#8230; <a class=\"meta-more\" href=\"http:\/\/infois.ro\/?p=64301\">more <span class=\"meta-nav\">&raquo;<\/span><\/a><\/p>\n","protected":false},"author":2,"featured_media":64302,"comment_status":"closed","ping_status":"closed","sticky":false,"template":"","format":"standard","meta":{"footnotes":""},"categories":[12,41],"tags":[74,89,40,15599,15598,2810],"aioseo_notices":[],"_links":{"self":[{"href":"http:\/\/infois.ro\/index.php?rest_route=\/wp\/v2\/posts\/64301"}],"collection":[{"href":"http:\/\/infois.ro\/index.php?rest_route=\/wp\/v2\/posts"}],"about":[{"href":"http:\/\/infois.ro\/index.php?rest_route=\/wp\/v2\/types\/post"}],"author":[{"embeddable":true,"href":"http:\/\/infois.ro\/index.php?rest_route=\/wp\/v2\/users\/2"}],"replies":[{"embeddable":true,"href":"http:\/\/infois.ro\/index.php?rest_route=%2Fwp%2Fv2%2Fcomments&post=64301"}],"version-history":[{"count":1,"href":"http:\/\/infois.ro\/index.php?rest_route=\/wp\/v2\/posts\/64301\/revisions"}],"predecessor-version":[{"id":64304,"href":"http:\/\/infois.ro\/index.php?rest_route=\/wp\/v2\/posts\/64301\/revisions\/64304"}],"wp:featuredmedia":[{"embeddable":true,"href":"http:\/\/infois.ro\/index.php?rest_route=\/wp\/v2\/media\/64302"}],"wp:attachment":[{"href":"http:\/\/infois.ro\/index.php?rest_route=%2Fwp%2Fv2%2Fmedia&parent=64301"}],"wp:term":[{"taxonomy":"category","embeddable":true,"href":"http:\/\/infois.ro\/index.php?rest_route=%2Fwp%2Fv2%2Fcategories&post=64301"},{"taxonomy":"post_tag","embeddable":true,"href":"http:\/\/infois.ro\/index.php?rest_route=%2Fwp%2Fv2%2Ftags&post=64301"}],"curies":[{"name":"wp","href":"https:\/\/api.w.org\/{rel}","templated":true}]}}