{"id":64311,"date":"2022-07-25T06:27:52","date_gmt":"2022-07-25T03:27:52","guid":{"rendered":"http:\/\/infois.ro\/?p=64311"},"modified":"2022-07-27T06:29:48","modified_gmt":"2022-07-27T03:29:48","slug":"record-de-candidati-inscrisi-la-admitere-in-acest-an-la-universitatea-tehnica-gheorghe-asachi","status":"publish","type":"post","link":"http:\/\/infois.ro\/?p=64311","title":{"rendered":"Record de candida\u021bi \u00eenscri\u0219i la admitere, \u00een acest an, la Universitatea Tehnic\u0103 \u201cGheorghe Asachi\u201d"},"content":{"rendered":"<p><a href=\"http:\/\/infois.ro\/wp-content\/uploads\/2020\/07\/uti-tui-rectorat.jpg\"><img loading=\"lazy\" decoding=\"async\" class=\"alignleft  wp-image-48719\" src=\"http:\/\/infois.ro\/wp-content\/uploads\/2020\/07\/uti-tui-rectorat.jpg\" alt=\"\" width=\"385\" height=\"257\" srcset=\"http:\/\/infois.ro\/wp-content\/uploads\/2020\/07\/uti-tui-rectorat.jpg 640w, http:\/\/infois.ro\/wp-content\/uploads\/2020\/07\/uti-tui-rectorat-300x200.jpg 300w\" sizes=\"(max-width: 385px) 100vw, 385px\" \/><\/a><\/p>\n<p style=\"text-align: justify;\">Au fost afi\u0219ate rezultatele preliminare ale admiterii pentru anul universitar 2022 \u2013 2023 la Universitatea Tehnic\u0103 \u201eGheorghe Asachi\u201d din Ia\u0219i (TUIASI), iar num\u0103rul de candida\u021bi \u00eenscri\u0219i reprezint\u0103 un record al ultimilor ani din toate punctele de vedere: cu 40% mai mul\u021bi candida\u021bi pe locurile bugetate la licen\u021b\u0103 \u0219i 50% mai mul\u021bi candida\u021bi pe locurile destinate rom\u00e2nilor de pretutindeni.<\/p>\n<p style=\"text-align: justify;\">\n<p style=\"text-align: justify;\">\u201ePutem afirma foarte clar c\u0103 admiterea din acest an, la licen\u021b\u0103 \u0219i masterat, a reprezentat un record al ultimilor ani. Un succes care, recunosc deschis, mi-a dep\u0103\u0219it oarecum a\u0219tept\u0103rile, av\u00e2nd \u00een vedere dimensiunea promo\u021biei absolven\u021bilor de bacalaureat. \u00cen acela\u0219i timp, ne a\u0219teptam la rezultate bune, sus\u021binu\u021bi fiind de campania la nivel na\u021bional care eviden\u021biaz\u0103 rolul \u00eenv\u0103\u021b\u0103m\u00e2ntului tehnic \u0219i solicit\u0103rile uria\u0219e de speciali\u0219ti absolven\u021bi ai studiilor universitare tehnice. O campanie fireasc\u0103, av\u00e2nd \u00een vedere c\u0103 nicio \u021bar\u0103 nu poate spera s\u0103 se dezvolte f\u0103r\u0103 ingineri\u201d, a declarat prof. univ. dr. ing. Dan Ca\u0219caval, rectorul TUIASI.<\/p>\n<p style=\"text-align: justify;\">\n<p style=\"text-align: justify;\">La studiile de licen\u021b\u0103 a existat un num\u0103r de solicit\u0103ri cu 40% mai mare dec\u00e2t num\u0103rul locurilor bugetate alocate. Dat fiind sistemul unic de \u00eenmatriculare \u0219i urm\u0103rire a situa\u021biei \u00eenscrierilor implementat de TUIASI, \u00een care se contorizeaz\u0103 prima op\u021biune a unui candidat \u0219i nu toate specializ\u0103rile alese de c\u0103tre acesta, se poate observa c\u0103 la licen\u021b\u0103 au fost aproape 2.900 de candida\u021bi pe locurile de la buget, al\u021bii 134 opt\u00e2nd, de la \u00eenceput, pentru un loc la tax\u0103. La programele de master a fost 1.052 de candida\u021bi pe locurile bugetate \u0219i 65 au optat direct pentru locurile de la tax\u0103.<\/p>\n<p style=\"text-align: justify;\">\n<p style=\"text-align: justify;\">\u201ePentru ciclul de studii universitare de licen\u021b\u0103, modalitatea de \u00eenscriere din acest an a permis, pe de o parte, clarificarea \u0219i concentrarea op\u021biunilor candida\u021bilor, iar pe de alt\u0103 parte a permis o contorizare exact\u0103 a num\u0103rului acestora, pe platforma de \u00eenscriere ap\u0103r\u00e2nd doar candida\u021bii cu prima lor op\u021biune. La studiile de masterat, deoarece sus\u021binerea examenelor de finalizare s-a suprapus par\u021bial cu perioada de \u00eenscriere, num\u0103rul de candida\u021bi a fost doar egal cu cel de locuri considerate pentru admitere\u201d, a punctat prof. univ. dr. ing. Dan Ca\u0219caval.<\/p>\n<p style=\"text-align: justify;\">\n<p style=\"text-align: justify;\">Lucrurile arat\u0103 \u0219i mai bine atunci c\u00e2nd urm\u0103rim situa\u021bia concuren\u021bei la locurile destinate rom\u00e2nilor de pretutindeni, unde num\u0103rul candida\u021bilor a dep\u0103\u0219it cu peste 50% locurile alocate la licen\u021b\u0103 \u0219i master. Iar p\u00e2n\u0103 \u00een acest moment, exist\u0103 peste 200 de candida\u021bi din \u021b\u0103rile aflate \u00een afara Uniunii Europene care au primit aviz din partea Ministerului Educa\u021biei pentru a deveni studen\u021bi ai TUIASI, \u00eens\u0103 admiterea continu\u0103 \u0219i \u00een luna viitoare.<\/p>\n<p style=\"text-align: justify;\">\n<p style=\"text-align: justify;\">\u201eAfluen\u021ba acestor studen\u021bi devine o constant\u0103, \u00een ultimii trei ani num\u0103rul lor dep\u0103\u0219ind anual c\u00e2teva sute. \u00cen condi\u021biile pozitive ale cre\u0219terii interesului candida\u021bilor, dup\u0103 afi\u0219area rezultatelor finale ale admiterii \u0219i confirmarea locurilor ocupate de c\u0103tre candida\u021bi, este foarte probabil s\u0103 solicit\u0103m Ministerului Educa\u021biei suplimentarea locurilor alocate la licen\u021b\u0103 \u0219i masterat, at\u00e2t pentru studen\u021bii din \u021b\u0103rile UE, c\u00e2t \u0219i pentru rom\u00e2nii de pretutindeni. Aceasta \u00een condi\u021biile \u00een care num\u0103rul locurilor bugetate la studiile universitare deja dep\u0103\u0219e\u0219te 4.000\u201d, a completat prof. univ. dr. ing. Dan Ca\u0219caval.<\/p>\n<p style=\"text-align: justify;\">\n<p style=\"text-align: justify;\">La ciclul de studii doctorale a fost finalizat\u0103 doar prima rund\u0103 de \u00eenscrieri, urm\u00e2nd ca \u00een septembrie aceasta s\u0103 continue, atunci c\u00e2nd are loc \u0219i sus\u021binerea admiterii. \u00cen momentul de fa\u021b\u0103, 40% dintre locurile scoase la concurs pentru doctorat sunt deja acoperite prin \u00eenscrierea candida\u021bilor. Sesiunea de toamn\u0103 a admiterii la TUIASI \u00eencepe pe 5 septembrie \u0219i se va \u00eencheia pe 16 septembrie la licen\u021b\u0103 \u0219i pe 18 septembrie la master.<\/p>\n<p style=\"text-align: justify;\">\n","protected":false},"excerpt":{"rendered":"<p>Au fost afi\u0219ate rezultatele preliminare ale admiterii pentru anul universitar 2022 \u2013 2023 la Universitatea&#8230; <a class=\"meta-more\" href=\"http:\/\/infois.ro\/?p=64311\">more <span class=\"meta-nav\">&raquo;<\/span><\/a><\/p>\n","protected":false},"author":2,"featured_media":48719,"comment_status":"closed","ping_status":"closed","sticky":false,"template":"","format":"standard","meta":{"footnotes":""},"categories":[12,41],"tags":[74,5587,901,40,131,7627,11760],"aioseo_notices":[],"_links":{"self":[{"href":"http:\/\/infois.ro\/index.php?rest_route=\/wp\/v2\/posts\/64311"}],"collection":[{"href":"http:\/\/infois.ro\/index.php?rest_route=\/wp\/v2\/posts"}],"about":[{"href":"http:\/\/infois.ro\/index.php?rest_route=\/wp\/v2\/types\/post"}],"author":[{"embeddable":true,"href":"http:\/\/infois.ro\/index.php?rest_route=\/wp\/v2\/users\/2"}],"replies":[{"embeddable":true,"href":"http:\/\/infois.ro\/index.php?rest_route=%2Fwp%2Fv2%2Fcomments&post=64311"}],"version-history":[{"count":1,"href":"http:\/\/infois.ro\/index.php?rest_route=\/wp\/v2\/posts\/64311\/revisions"}],"predecessor-version":[{"id":64312,"href":"http:\/\/infois.ro\/index.php?rest_route=\/wp\/v2\/posts\/64311\/revisions\/64312"}],"wp:featuredmedia":[{"embeddable":true,"href":"http:\/\/infois.ro\/index.php?rest_route=\/wp\/v2\/media\/48719"}],"wp:attachment":[{"href":"http:\/\/infois.ro\/index.php?rest_route=%2Fwp%2Fv2%2Fmedia&parent=64311"}],"wp:term":[{"taxonomy":"category","embeddable":true,"href":"http:\/\/infois.ro\/index.php?rest_route=%2Fwp%2Fv2%2Fcategories&post=64311"},{"taxonomy":"post_tag","embeddable":true,"href":"http:\/\/infois.ro\/index.php?rest_route=%2Fwp%2Fv2%2Ftags&post=64311"}],"curies":[{"name":"wp","href":"https:\/\/api.w.org\/{rel}","templated":true}]}}