{"id":65031,"date":"2022-09-03T07:28:37","date_gmt":"2022-09-03T04:28:37","guid":{"rendered":"http:\/\/infois.ro\/?p=65031"},"modified":"2022-09-03T07:28:37","modified_gmt":"2022-09-03T04:28:37","slug":"universitatea-alexandru-ioan-cuza-organizeaza-o-noua-sesiune-de-admitere-in-perioada-5-7-septembrie","status":"publish","type":"post","link":"http:\/\/infois.ro\/?p=65031","title":{"rendered":"Universitatea \u201cAlexandru Ioan Cuza\u201d organizeaz\u0103 o nou\u0103 sesiune de admitere \u00een perioada 5-7 septembrie"},"content":{"rendered":"<p><a href=\"http:\/\/infois.ro\/wp-content\/uploads\/2021\/12\/cuza.jpg\"><img loading=\"lazy\" decoding=\"async\" class=\"alignleft  wp-image-59319\" src=\"http:\/\/infois.ro\/wp-content\/uploads\/2021\/12\/cuza.jpg\" alt=\"\" width=\"410\" height=\"255\" srcset=\"http:\/\/infois.ro\/wp-content\/uploads\/2021\/12\/cuza.jpg 640w, http:\/\/infois.ro\/wp-content\/uploads\/2021\/12\/cuza-300x187.jpg 300w\" sizes=\"(max-width: 410px) 100vw, 410px\" \/><\/a><\/p>\n<p style=\"text-align: justify;\">Universitatea \u201eAlexandru Ioan Cuza\u201d din Ia\u0219i (UAIC) organizeaz\u0103 \u00een perioada 5-7 septembrie 2022 o nou\u0103 sesiune de \u00eenscrieri pentru studii de licen\u021b\u0103 \u0219i master, la facult\u0103\u021bile \u0219i specializ\u0103rile unde au r\u0103mas locuri disponibile dup\u0103 admiterea din iulie.<\/p>\n<p style=\"text-align: justify;\">Candida\u021bii au posibilitatea de a se \u00eenscrie online, la adresa\u00a0<a href=\"https:\/\/eadmitere.uaic.ro\/auth\/login?return=%2Fcandidat\">inscriere.uaic.ro<\/a>, sau prin depunerea dosarului la sediul facult\u0103\u021bilor \u0219i filialelor UAIC.<\/p>\n<p style=\"text-align: justify;\">Pentru studiile de licen\u021b\u0103 vor fi scoase la concurs 2378 de locuri. Dintre acestea, 2056 de locuri pentru candida\u021bii rom\u00e2ni: 273 de locuri la buget (din care 15 locuri pentru candida\u021bii proveni\u021bi din sistemul de protec\u021bie social\u0103, 6 locuri pentru candida\u021bii cu cerin\u021be educa\u021bionale speciale\/dizabilit\u0103\u021bi, 36 de locuri pentru absolven\u021bii de licee situate \u00een mediul rural, 14 locuri pentru candida\u021bii etnici romi) \u0219i 1783 de locuri la tax\u0103. De asemenea, 322 de locuri sunt alocate pentru candida\u021bii rom\u00e2ni de pretutindeni: 268 de locuri la buget (dintre care 17 locuri la Extensiunea B\u0103l\u021bi \u0219i 41 de locuri la Extensiunea Chi\u0219in\u0103u) \u0219i 54 locuri la tax\u0103.<\/p>\n<p style=\"text-align: justify;\">La Facultatea de Drept \u0219i Facultatea de Informatic\u0103 nu se organizeaz\u0103 admitere pentru studii de licen\u021b\u0103 \u00een septembrie, \u00eentruc\u00e2t au fost ocupate toate locurile \u00een sesiunea de admitere din iulie.<\/p>\n<p style=\"text-align: justify;\">Candida\u021bii se pot \u00eenscrie \u00een perioada 5-7 septembrie 2022 pentru locurile r\u0103mase libere la specializ\u0103rile de licen\u021b\u0103 \u00een cadrul Filialelor UAIC de la Boto\u0219ani \u0219i Foc\u0219ani. Astfel, la Filiala Boto\u0219ani sunt disponibile 6 locuri cu tax\u0103 la progamul de studii Finan\u021be \u0219i B\u0103nci (ID) \u0219i 2 locuri cu tax\u0103 la programul de studii Administra\u021bie public\u0103 (ID). La Filiala Foc\u0219ani, candida\u021bii pot opta pentru programul de studii Limba \u0219i literatura rom\u00e2n\u0103 \u2013 Limba \u0219i literatura modern\u0103 (IF), unde sunt 4 locuri la buget \u0219i 9 locuri la tax\u0103 \u0219i pentru programul de studii Istorie (ID), ce pune la dispozi\u021bie 14 locuri la tax\u0103.<\/p>\n<p style=\"text-align: justify;\">Pentru admiterea la studii de master, facult\u0103\u021bile din cadrul UAIC vor scoate la concurs 1968 de locuri: 1682 de locuri pentru candida\u021bii rom\u00e2ni (383 de locuri la buget \u0219i 1299 de locuri la tax\u0103) \u0219i 286 de locuri pentru candida\u021bii rom\u00e2ni de pretutindeni: 180 de locuri la buget (dintre care 50 de locuri la Extensiunea Chi\u0219in\u0103u, 21 de locuri la Extensiunea B\u0103l\u021bi) \u0219i 106 locuri cu tax\u0103.<\/p>\n<p style=\"text-align: justify;\">Facultatea de Informatic\u0103 nu organizeaz\u0103 admitere pentru studii de master \u00een septembrie, deoarece toate locurile au fost ocupate \u00een sesiunea din iulie.<\/p>\n<p style=\"text-align: justify;\">Candida\u021bii care doresc s\u0103 urmeze studii universitare de master se pot \u00eenscrie, de asemenea, pentru locurile r\u0103mase neocupate la programele ce vor func\u021biona \u00een cadrul filialelor Filialelor UAIC de la Foc\u0219ani \u0219i Boto\u0219ani. Astfel, la Filiala Foc\u0219ani sunt disponibile 8 locuri la buget \u0219i 4 locuri la tax\u0103 la programul de studii Drept \u0219i ordine public\u0103 (IF), 23 de locuri cu tax\u0103 la programul de studii\u00a0Matematici fundamentale pentru \u00eenv\u0103\u021b\u0103m\u00e2nt (IFR)\u00a0\u0219i 1 loc cu tax\u0103 la programul de studii Evaluare clinic\u0103, consiliere \u0219i psihoterapie de cuplu \u0219i familie (IF). La Filiala Boto\u0219ani a Universit\u0103\u021bii, candida\u021bii se pot \u00eenscrie pentru cele 9 locuri la buget din cadrul programului de master\u00a0Retorica discursului \u0219tiin\u021bific, literar, jurnalistic, publicitar \u0219i electoral (IF).<\/p>\n<p style=\"text-align: justify;\">De asemenea, \u00een perioada 1-6 septembrie 2022 au loc \u00eenscrieri pentru studiile universitare de doctorat, pentru cele 150 de locuri la buget (75 de locuri cu burs\u0103 oferit\u0103 de Ministerul Educa\u021biei) \u0219i 119 locuri cu tax\u0103. \u00cen plus, pentru candida\u021bii rom\u00e2ni de pretutindeni sunt alocate de la Ministerul Educa\u021biei 14 locuri la buget (10 cu burs\u0103 \u0219i 4 f\u0103r\u0103 burs\u0103).<\/p>\n<p style=\"text-align: justify;\">Pentru a veni \u00een sprijinul candida\u021bilor la admitere, \u00een perioada 5-9 septembrie, \u00een intervalul orar 9:00-19:00, va func\u021biona call center-ul Admitere UAIC 2022.<\/p>\n<p style=\"text-align: justify;\">Mai multe informa\u021bii privind sesiunea de admitere din septembrie la Universitatea \u201eAlexandru Ioan Cuza\u201d din Ia\u0219i pot fi g\u0103site pe site-ul: <a href=\"https:\/\/admitere.uaic.ro\/\">admitere.uaic.ro<\/a><\/p>\n<p style=\"text-align: justify;\">\n<p style=\"text-align: justify;\">\n<p style=\"text-align: justify;\">\n","protected":false},"excerpt":{"rendered":"<p>Universitatea \u201eAlexandru Ioan Cuza\u201d din Ia\u0219i (UAIC) organizeaz\u0103 \u00een perioada 5-7 septembrie 2022 o nou\u0103&#8230; <a class=\"meta-more\" href=\"http:\/\/infois.ro\/?p=65031\">more <span class=\"meta-nav\">&raquo;<\/span><\/a><\/p>\n","protected":false},"author":2,"featured_media":59319,"comment_status":"closed","ping_status":"closed","sticky":false,"template":"","format":"standard","meta":{"footnotes":""},"categories":[12,41],"tags":[74,40,131,7627,11028,6648],"aioseo_notices":[],"_links":{"self":[{"href":"http:\/\/infois.ro\/index.php?rest_route=\/wp\/v2\/posts\/65031"}],"collection":[{"href":"http:\/\/infois.ro\/index.php?rest_route=\/wp\/v2\/posts"}],"about":[{"href":"http:\/\/infois.ro\/index.php?rest_route=\/wp\/v2\/types\/post"}],"author":[{"embeddable":true,"href":"http:\/\/infois.ro\/index.php?rest_route=\/wp\/v2\/users\/2"}],"replies":[{"embeddable":true,"href":"http:\/\/infois.ro\/index.php?rest_route=%2Fwp%2Fv2%2Fcomments&post=65031"}],"version-history":[{"count":1,"href":"http:\/\/infois.ro\/index.php?rest_route=\/wp\/v2\/posts\/65031\/revisions"}],"predecessor-version":[{"id":65032,"href":"http:\/\/infois.ro\/index.php?rest_route=\/wp\/v2\/posts\/65031\/revisions\/65032"}],"wp:featuredmedia":[{"embeddable":true,"href":"http:\/\/infois.ro\/index.php?rest_route=\/wp\/v2\/media\/59319"}],"wp:attachment":[{"href":"http:\/\/infois.ro\/index.php?rest_route=%2Fwp%2Fv2%2Fmedia&parent=65031"}],"wp:term":[{"taxonomy":"category","embeddable":true,"href":"http:\/\/infois.ro\/index.php?rest_route=%2Fwp%2Fv2%2Fcategories&post=65031"},{"taxonomy":"post_tag","embeddable":true,"href":"http:\/\/infois.ro\/index.php?rest_route=%2Fwp%2Fv2%2Ftags&post=65031"}],"curies":[{"name":"wp","href":"https:\/\/api.w.org\/{rel}","templated":true}]}}