{"id":65137,"date":"2022-09-06T15:07:32","date_gmt":"2022-09-06T12:07:32","guid":{"rendered":"http:\/\/infois.ro\/?p=65137"},"modified":"2022-09-06T22:11:00","modified_gmt":"2022-09-06T19:11:00","slug":"asociatia-zi-de-bine-moldova-initiaza-proiectul-tribuna-parc-un-spatiu-de-ateliere-dezbateri-si-recreere-in-mediul-rural","status":"publish","type":"post","link":"http:\/\/infois.ro\/?p=65137","title":{"rendered":"Asocia\u021bia Zi de Bine Moldova ini\u021biaz\u0103 proiectul Tribuna Parc &#8211; un spa\u021biu de ateliere, dezbateri \u0219i recreere \u00een mediul rural"},"content":{"rendered":"<p><a href=\"http:\/\/infois.ro\/wp-content\/uploads\/2022\/09\/proiect.jpg\"><img loading=\"lazy\" decoding=\"async\" class=\"alignleft  wp-image-65138\" src=\"http:\/\/infois.ro\/wp-content\/uploads\/2022\/09\/proiect.jpg\" alt=\"\" width=\"446\" height=\"332\" srcset=\"http:\/\/infois.ro\/wp-content\/uploads\/2022\/09\/proiect.jpg 640w, http:\/\/infois.ro\/wp-content\/uploads\/2022\/09\/proiect-300x223.jpg 300w\" sizes=\"(max-width: 446px) 100vw, 446px\" \/><\/a><\/p>\n<p style=\"text-align: justify;\">Proiectul <em>Tribuna Parc<\/em> face parte din seria de proiecte desf\u0103\u0219urate de asocia\u021bia Zi de Bine \u00een zona Moldovei. \u00cen luna august, Zi de Bine Moldova a finalizat Biblioteca Altfel, un proiect inedit, care ofer\u0103 o \u0219ans\u0103 copiilor din mediu rural s\u0103 descopere pl\u0103cerea de a lectura \u0219i de a-\u0219i cultiva imagina\u021bia \u0219i cuno\u0219tin\u021bele. Pentru luna septembrie, ZDB Moldova \u00ee\u0219i dore\u0219te s\u0103 promoveze starea de bine \u0219i productivitatea prin amenajarea unui spa\u021biu atractiv pentru copii, \u00een cadrul \u0218colii Gimnaziale \u201eDimitrie Anghel\u201d din Corne\u0219ti.<\/p>\n<p style=\"text-align: justify;\">\n<p style=\"text-align: justify;\">Zi de Bine Moldova, al\u0103turi de Asocia\u021bia De-a Arhitectura \u0219i A+noima, ini\u021biaz\u0103 proiectul Tribuna Parc, o abordare inedit\u0103, prin care cele trei asocia\u021bii \u00ee\u0219i doresc s\u0103 transforme gr\u0103dina generoas\u0103 a \u0218colii Gimnaziale \u201eDimitrie Anghel\u201d din Corne\u0219ti \u00eentr-un spa\u021biu de relaxare \u0219i zon\u0103 de petrecere a festivit\u0103\u021bilor \u0219i evenimentelor \u0219colare.<\/p>\n<p style=\"text-align: justify;\">\n<p style=\"text-align: justify;\"><em>\u201dTot anul, elevii de a VI-a din Corne\u0219ti, comuna Miroslava, jud. Ia\u0219i, al\u0103turi de arhitecta Alexandra Berdan \u0219i de profesoara de matematic\u0103 Diana Gheorghe, au luat problema pe toate p\u0103r\u021bile \u0219i, dup\u0103 ce au cercetat toate col\u021burile, ungherele \u0219i cotloanele, au venit cu un plan: s\u0103 fac\u0103 \u00een curtea \u0219colii un fel de spa\u021biu de ateliere \u0219i dezbateri. I-au zis Tribuna Parc, iar noi, la Zi de Bine Moldova, suntem bucuro\u0219i ca luna asta s\u0103-i ajut\u0103m s-o pun\u0103 pe picioare!\u201d<\/em>, men\u021bioneaz\u0103 Melania Medeleanu, co-fondator Asocia\u021bia Zi de BINE.<\/p>\n<p style=\"text-align: justify;\">\n<p style=\"text-align: justify;\">\u0218coala Gimnazial\u0103 \u201eDimitrie Anghel\u201d din Corne\u0219ti, jude\u021bul Ia\u0219i, a fost construit\u0103 \u00een 1879. Corpul vechi al \u0219colii, o cl\u0103dire ca un conac cu cerdac, a fost extins \u00een anii \u201960 \u0219i renovat apoi \u00een 2010 \u0219i 2012, dar cei aproximativ 100 de elevi din toat\u0103 comuna Miroslava care \u00eenva\u021b\u0103 aici nu au un loc potrivit de recreere. Pu\u021binele b\u0103nci amplasate l\u00e2ng\u0103 gard sunt foarte deteriorate, iar zona \u00eengust\u0103 de acces se supraaglomereaz\u0103 u\u0219or. Elevii \u0219colii \u0219i profesorii au c\u0103utat \u00eempreun\u0103 solu\u021bii pentru a transforma acest spa\u021biu \u00eentr-o zon\u0103 c\u00e2t mai atractiv\u0103 pentru copii \u0219i p\u0103rin\u021bi.<\/p>\n<p style=\"text-align: justify;\">\n<p style=\"text-align: justify;\">Bugetul necesar pentru implementarea proiectului Tribuna Parc &#8211; ZDBMoldova este de 12.000 euro \u0219i este oferit de ISOPAN \u2013 partener strategic. Mul\u021bumim \u0219i sponsorilor MASTER BUILD SRL, MERAKI SOLUTIONS SRL, ROMCIM SRL \u0219i ROSANA MEDICAL SRL.<\/p>\n<p style=\"text-align: justify;\">\n<p style=\"text-align: justify;\">S\u0103rb\u0103tori\u021bii lunii septembrie \u00ee\u0219i pot d\u0103rui ziua pentru acest proiect aici:<\/p>\n<p style=\"text-align: justify;\"><a href=\"https:\/\/ziuata.galantom.ro\/fundraising_pages\/create?id_project=1885\">https:\/\/ziuata.galantom.ro\/fundraising_pages\/create?id_project=1885<\/a><\/p>\n<p style=\"text-align: justify;\">\n<p style=\"text-align: justify;\">Tribuna Parc este un proiect \u00een care s-au implicat activ \u0219i copiii \u0218colii Gimnaziale \u201eDimitrie Anghel\u201d din Corne\u0219ti. Ace\u0219tia \u00ee\u0219i doresc s\u0103 construiasc\u0103 un amfiteatru-parc cu b\u0103nci personalizate, amplasate pe terenul \u00een pant\u0103 din spatele \u0219colii. Tribuna va servi unor scopuri polivalente, precum: un loc confortabil \u0219i sigur de discu\u021bii \u0219i petrecere a timpului, o zon\u0103 de relaxare, un spa\u021biu alternativ pentru ore \u0219i club de \u0219ah, o zon\u0103 de galerie la meciuri, un teatru pentru serb\u0103ri \u0219i proiec\u021bii de film, un loc unde p\u0103rin\u021bii pot sta jos c\u00e2t timp a\u0219teapt\u0103 s\u0103 ias\u0103 copiii de la gr\u0103dini\u021b\u0103. Va fi un punct de reper \u00een via\u021ba \u0219colii, dar \u0219i a \u00eentregii comunit\u0103\u021bi. Un spa\u021biu pe care elevii s\u0103-l simt\u0103 al lor. Copiii, al\u0103turi de \u00eendrum\u0103tori, vor lucra la realizarea proiectului.<\/p>\n<p style=\"text-align: justify;\">\n<p style=\"text-align: justify;\"><em>\u201dDup\u0103 ce am analizat aproape tot anul \u0219coala \u0219i curtea \u0219colii, am hot\u0103r\u00e2t s\u0103 construim un loc de relaxare pe dealul din spate. Am v\u0103zut la ora de arhitectur\u0103 mai multe propuneri, cu diferite forme de b\u0103nci \u0219i amfiteatre. Cele cu un singur loc nu ne-au pl\u0103cut, pentru c\u0103 nu putem vorbi \u00een grup. B\u0103ncile prea lungi nu sunt practice, c\u0103 nu ne mai auzim to\u021bi c\u00e2nd vorbim, iar cele \u00een form\u0103 de scar\u0103 sunt prea incomode. B\u0103ncile cu sp\u0103tar prea \u00eenalt \u00eei deranjeaz\u0103 pe cei din spate. B\u0103ncile l\u00e2ng\u0103 gard ne \u00eempiedic\u0103 s\u0103 ne deplas\u0103m \u00een voie. Nu ne g\u00e2ndim s\u0103 modific\u0103m mult terenul, pentru c\u0103 e scump \u0219i s-ar putea s\u0103 nu avem cu ce s\u0103 construim. Nu vrem hamace sau bare verticale pentru c\u0103\u021b\u0103rat, ci b\u0103nci c\u00e2t mai simple \u0219i folositoare, care s\u0103 ne plac\u0103. Un loc unde s\u0103 putem sta la soare sau s\u0103 facem ore.\u201d<\/em>,\u00a0 spun elevii clasei a VI-a.<\/p>\n<p style=\"text-align: justify;\">\n<p style=\"text-align: justify;\">Cei care doresc s\u0103 sus\u021bin\u0103 suplimentar proiectele realizate de Asocia\u021bia Zi de Bine, o pot face fie printr-un SMS cu textul SUS la 8845. Mai multe metode de implicare pot fi g\u0103site aici:<a href=\"https:\/\/www.zidebine.ro\/doneaza\"> https:\/\/www.zidebine.ro\/doneaza<\/a>.<\/p>\n<p style=\"text-align: justify;\">\n<p style=\"text-align: justify;\">\n<p style=\"text-align: justify;\">***<\/p>\n<p style=\"text-align: justify;\">Despre Asocia\u021bia Zi de BINE<\/p>\n<p style=\"text-align: justify;\">\n<p style=\"text-align: justify;\">Scopul Asocia\u021biei Zi de Bine este acela de a crea comunit\u0103\u021bi, de a sprijini mii de oameni afla\u021bi \u00een situa\u021bii vulnerabile \u0219i de a crea notorietate \u00een jurul unor cauze ignorate. Asocia\u021bia va sus\u021bine c\u00e2te un ONG \u00een fiecare lun\u0103 a anului. Fiecare cauz\u0103 selectat\u0103 de Asocia\u021bia Zi de Bine se adreseaz\u0103 unei comunit\u0103\u021bi \u0219i se implementeaz\u0103 cu ajutorul unui ONG local.<\/p>\n<p style=\"text-align: justify;\">Mecanismul de func\u021bionare este unul simplu: la fiecare \u00eenceput de lun\u0103 se va anun\u021ba cauza sus\u021binut\u0103 \u0219i se vor descrie nevoia \u0219i beneficiarii. La finalul lunii, donatorii vor afla ce s-a \u00eent\u00e2mplat cu banii \u0219i vor fi invita\u021bi s\u0103 vad\u0103 rezultatul implic\u0103rii lor.<\/p>\n<p style=\"text-align: justify;\">\u00cen cei doi ani de existen\u021b\u0103, Asocia\u021bia a implementat deja peste 30 de proiecte \u00een domenii ca educa\u021bie, s\u0103n\u0103tate,incluziune social\u0103, \u00een valoare de peste 2.000.000 de euro.<\/p>\n<p style=\"text-align: justify;\">Dac\u0103 ave\u021bi un proiect \u00een care crede\u021bi, dar pentru care nu a\u021bi g\u0103sit \u00eenc\u0103 finan\u021bare, \u00eel pute\u021bi \u00eenscrie pe<a href=\"http:\/\/www.zidebine.ro\/\"> www.zidebine.ro<\/a>.<\/p>\n<p style=\"text-align: justify;\">\n","protected":false},"excerpt":{"rendered":"<p>Proiectul Tribuna Parc face parte din seria de proiecte desf\u0103\u0219urate de asocia\u021bia Zi de Bine&#8230; <a class=\"meta-more\" href=\"http:\/\/infois.ro\/?p=65137\">more <span class=\"meta-nav\">&raquo;<\/span><\/a><\/p>\n","protected":false},"author":2,"featured_media":65138,"comment_status":"closed","ping_status":"closed","sticky":false,"template":"","format":"standard","meta":{"footnotes":""},"categories":[41,32],"tags":[74,15216,2507,40,3112,15711],"aioseo_notices":[],"_links":{"self":[{"href":"http:\/\/infois.ro\/index.php?rest_route=\/wp\/v2\/posts\/65137"}],"collection":[{"href":"http:\/\/infois.ro\/index.php?rest_route=\/wp\/v2\/posts"}],"about":[{"href":"http:\/\/infois.ro\/index.php?rest_route=\/wp\/v2\/types\/post"}],"author":[{"embeddable":true,"href":"http:\/\/infois.ro\/index.php?rest_route=\/wp\/v2\/users\/2"}],"replies":[{"embeddable":true,"href":"http:\/\/infois.ro\/index.php?rest_route=%2Fwp%2Fv2%2Fcomments&post=65137"}],"version-history":[{"count":1,"href":"http:\/\/infois.ro\/index.php?rest_route=\/wp\/v2\/posts\/65137\/revisions"}],"predecessor-version":[{"id":65139,"href":"http:\/\/infois.ro\/index.php?rest_route=\/wp\/v2\/posts\/65137\/revisions\/65139"}],"wp:featuredmedia":[{"embeddable":true,"href":"http:\/\/infois.ro\/index.php?rest_route=\/wp\/v2\/media\/65138"}],"wp:attachment":[{"href":"http:\/\/infois.ro\/index.php?rest_route=%2Fwp%2Fv2%2Fmedia&parent=65137"}],"wp:term":[{"taxonomy":"category","embeddable":true,"href":"http:\/\/infois.ro\/index.php?rest_route=%2Fwp%2Fv2%2Fcategories&post=65137"},{"taxonomy":"post_tag","embeddable":true,"href":"http:\/\/infois.ro\/index.php?rest_route=%2Fwp%2Fv2%2Ftags&post=65137"}],"curies":[{"name":"wp","href":"https:\/\/api.w.org\/{rel}","templated":true}]}}