{"id":65146,"date":"2022-09-07T17:19:29","date_gmt":"2022-09-07T14:19:29","guid":{"rendered":"http:\/\/infois.ro\/?p=65146"},"modified":"2022-09-08T07:21:46","modified_gmt":"2022-09-08T04:21:46","slug":"candidatii-pentru-ocuparea-functiei-de-director-de-scoala-sustin-joi-prima-proba-scrisa-a-concursului","status":"publish","type":"post","link":"http:\/\/infois.ro\/?p=65146","title":{"rendered":"Candida\u021bii pentru ocuparea func\u021biei de director de \u0219coal\u0103 sus\u021bin joi prima prob\u0103 scris\u0103 a concursului"},"content":{"rendered":"<p><a href=\"http:\/\/infois.ro\/wp-content\/uploads\/2015\/05\/isj-iasi.jpg\"><img loading=\"lazy\" decoding=\"async\" class=\"alignleft  wp-image-17567\" src=\"http:\/\/infois.ro\/wp-content\/uploads\/2015\/05\/isj-iasi.jpg\" alt=\"\" width=\"360\" height=\"240\" srcset=\"http:\/\/infois.ro\/wp-content\/uploads\/2015\/05\/isj-iasi.jpg 600w, http:\/\/infois.ro\/wp-content\/uploads\/2015\/05\/isj-iasi-300x200.jpg 300w\" sizes=\"(max-width: 360px) 100vw, 360px\" \/><\/a><\/p>\n<p style=\"text-align: justify;\">Joi, 8 septembrie, la centrul special organizat la \u0218coala Postliceal\u0103 Sanitar\u0103 \u201eGr. Ghica Vod\u0103\u201d este programat\u0103 proba scris\u0103 a concursului de ocupare a posturilor de director \u0219i director adjunct din unit\u0103\u021bile de \u00eenv\u0103\u021b\u0103m\u00e2nt preuniversitar de stat din jude\u021bul Ia\u0219i (sesiunea iunie-octombrie 2022), informeaz\u0103 Inspectoratul \u0218colar Jude\u021bean.<\/p>\n<p style=\"text-align: justify;\">\n<p style=\"text-align: justify;\">La nivelul jude\u021bului Ia\u0219i, pentru cele 48 de posturi vacante de directori \u0219i directori adjunc\u021bi sunt \u00eenscri\u0219, \u00een vederea sus\u021binerii\u00a0 probei scrise\u00a0 42 de candida\u021bi.<\/p>\n<p style=\"text-align: justify;\">\n<p style=\"text-align: justify;\">Accesul candida\u0163ilor \u00een sala de concurs se va face \u00een intervalul orar\u00a008.00\u00a0\u2013 08.45, pe baz\u0103 buletinului de identitate, c\u0103r\u021bii de identitate, c\u0103r\u021bii de identitate provizorie sau a pa\u0219aportului.<\/p>\n<p style=\"text-align: justify;\">\n<p style=\"text-align: justify;\">Proba scris\u0103 va \u00eencepe la ora\u00a010.00, durata acesteia fiind de 120 minute, candida\u021bii care nu vor fi prezen\u0163i \u00een sala de examen \u00een momentul deschiderii plicului cu subiecte urm\u00e2nd s\u0103 piard\u0103 dreptul de a mai sus\u0163ine examenul.<\/p>\n<p style=\"text-align: justify;\">\n<p style=\"text-align: justify;\">Primele rezultate la proba scris\u0103 vor fi afi\u0219ate \u00een data de 8 septembrie 2022.<\/p>\n<p style=\"text-align: justify;\">\n<p style=\"text-align: justify;\">Conform calendarului concursului, perioada pentru contesta\u021bii este 8-9 septembrie 2022. Contesta\u021biile la proba scris\u0103 pot fi transmise online la adresa\u00a0<a href=\"mailto:concursdirectoriis@gmail.com\">concursdirectoriis@gmail.com<\/a>, sau pot fi depuse la registratura Inspectoratului \u0218colar Jude\u021bean Ia\u0219i: pe 8 septembrie 2022, \u00een intervalul orar 15.30-16.30, \u0219i pe 9 septembrie 2022, \u00een intervalul orar 9.00-13.00. \u00a0\u00cen cazul \u00een care contesta\u021bia este transmis\u0103 electronic, candidatul va anexa \u0219i o copie a buletinului\/c\u0103r\u021bii de identitate.<\/p>\n<p style=\"text-align: justify;\">\n<p style=\"text-align: justify;\">Rezultatele finale la proba scris\u0103 vor fi afi\u0219ate \u00een data de 13 septembrie 2022.<\/p>\n<p style=\"text-align: justify;\">\n<p style=\"text-align: justify;\">Este declarat \u201eadmis&#8221; la proba scris\u0103 candidatul care a ob\u0163inut cel pu\u0163in nota 7.<\/p>\n<p style=\"text-align: justify;\">\n<p style=\"text-align: justify;\">Pot participa la proba de interviu doar candida\u0163ii declara\u0163i admi\u015fi la proba scris\u0103.<\/p>\n<p style=\"text-align: justify;\">\n<p style=\"text-align: justify;\">\u00cen perioada\u00a014\u201418 septembrie se \u00eenregistreaz\u0103 op\u021biunile candida\u021bilor pentru unitatea la care candideaz\u0103 \u0219i, \u00een func\u021bie de op\u021biune, se depun documentele pentru unit\u0103\u021bile de \u00eenv\u0103\u021b\u0103m\u00e2nt care necesit\u0103 avize suplimentare, conform art. 8 alin. (1) lit. n) din metodologia concursului.<\/p>\n<p style=\"text-align: justify;\">\n<p style=\"text-align: justify;\">Perioada 19\u201420 septembrie\u00a0 este prev\u0103zut\u0103 pentru constituirea comisiilor pentru proba de interviu, iar pe 21 septembrie\u00a0 se va publica graficul de desf\u0103\u0219urare a interviurilor.<\/p>\n<p style=\"text-align: justify;\">\n<p style=\"text-align: justify;\">Desf\u0103\u0219urarea probei de interviu va avea loc \u00een perioada 22\u201429 septembrie. \u00cen perioada 23-30 septembrie este prev\u0103zut\u0103 depunerea contesta\u021biilor la proba de interviu \u0219i solu\u021bionarea acestora.<\/p>\n<p style=\"text-align: justify;\">\n<p style=\"text-align: justify;\">Pe 30 septembrie vor fi afi\u0219ate rezultatele finale, iar pe 3 octombrie\u00a0 candida\u021bii declara\u021bi admi\u0219i pentru mai multe func\u021bii\/unit\u0103\u021bi de \u00eenv\u0103\u021b\u0103m\u00e2nt \u00ee\u0219i vor exprima op\u021biunile.<\/p>\n<p style=\"text-align: justify;\">Pe 4 octombrie\u00a0 vor fi validate rezultatele finale, iar pe 5 octombrie \u00a0se vor emite deciziile de numire.<\/p>\n<p style=\"text-align: justify;\">\n","protected":false},"excerpt":{"rendered":"<p>Joi, 8 septembrie, la centrul special organizat la \u0218coala Postliceal\u0103 Sanitar\u0103 \u201eGr. Ghica Vod\u0103\u201d este&#8230; <a class=\"meta-more\" href=\"http:\/\/infois.ro\/?p=65146\">more <span class=\"meta-nav\">&raquo;<\/span><\/a><\/p>\n","protected":false},"author":2,"featured_media":17567,"comment_status":"closed","ping_status":"closed","sticky":false,"template":"","format":"standard","meta":{"footnotes":""},"categories":[12,41],"tags":[74,901,362,15714,40],"aioseo_notices":[],"_links":{"self":[{"href":"http:\/\/infois.ro\/index.php?rest_route=\/wp\/v2\/posts\/65146"}],"collection":[{"href":"http:\/\/infois.ro\/index.php?rest_route=\/wp\/v2\/posts"}],"about":[{"href":"http:\/\/infois.ro\/index.php?rest_route=\/wp\/v2\/types\/post"}],"author":[{"embeddable":true,"href":"http:\/\/infois.ro\/index.php?rest_route=\/wp\/v2\/users\/2"}],"replies":[{"embeddable":true,"href":"http:\/\/infois.ro\/index.php?rest_route=%2Fwp%2Fv2%2Fcomments&post=65146"}],"version-history":[{"count":1,"href":"http:\/\/infois.ro\/index.php?rest_route=\/wp\/v2\/posts\/65146\/revisions"}],"predecessor-version":[{"id":65147,"href":"http:\/\/infois.ro\/index.php?rest_route=\/wp\/v2\/posts\/65146\/revisions\/65147"}],"wp:featuredmedia":[{"embeddable":true,"href":"http:\/\/infois.ro\/index.php?rest_route=\/wp\/v2\/media\/17567"}],"wp:attachment":[{"href":"http:\/\/infois.ro\/index.php?rest_route=%2Fwp%2Fv2%2Fmedia&parent=65146"}],"wp:term":[{"taxonomy":"category","embeddable":true,"href":"http:\/\/infois.ro\/index.php?rest_route=%2Fwp%2Fv2%2Fcategories&post=65146"},{"taxonomy":"post_tag","embeddable":true,"href":"http:\/\/infois.ro\/index.php?rest_route=%2Fwp%2Fv2%2Ftags&post=65146"}],"curies":[{"name":"wp","href":"https:\/\/api.w.org\/{rel}","templated":true}]}}