{"id":65244,"date":"2022-09-12T15:17:45","date_gmt":"2022-09-12T12:17:45","guid":{"rendered":"http:\/\/infois.ro\/?p=65244"},"modified":"2022-09-12T15:17:45","modified_gmt":"2022-09-12T12:17:45","slug":"delgaz-grid-sustine-invatamantul-dual-prin-parteneriate-incheiate-cu-institutiile-cu-profil-tehnic","status":"publish","type":"post","link":"http:\/\/infois.ro\/?p=65244","title":{"rendered":"Delgaz Grid sus\u021bine \u00eenv\u0103\u021b\u0103m\u00e2ntul dual prin parteneriate \u00eencheiate cu institu\u021biile cu profil tehnic"},"content":{"rendered":"<p><a href=\"http:\/\/infois.ro\/wp-content\/uploads\/2022\/09\/eonul-si-dualul.jpg\"><img loading=\"lazy\" decoding=\"async\" class=\"alignleft  wp-image-65245\" src=\"http:\/\/infois.ro\/wp-content\/uploads\/2022\/09\/eonul-si-dualul.jpg\" alt=\"\" width=\"405\" height=\"228\" srcset=\"http:\/\/infois.ro\/wp-content\/uploads\/2022\/09\/eonul-si-dualul.jpg 640w, http:\/\/infois.ro\/wp-content\/uploads\/2022\/09\/eonul-si-dualul-300x169.jpg 300w, http:\/\/infois.ro\/wp-content\/uploads\/2022\/09\/eonul-si-dualul-140x80.jpg 140w\" sizes=\"(max-width: 405px) 100vw, 405px\" \/><\/a><\/p>\n<p style=\"text-align: justify;\">Delgaz Grid, compania de distribu\u021bie a energiei electrice \u0219i gazelor naturale parte a grupului E.ON, continu\u0103 \u0219i \u00een acest an parteneriatele cu institu\u021bii de \u00eenv\u0103\u021b\u0103m\u00e2nt tehnic pentru formarea viitorilor electricieni \u0219i instalatori\/sudori.<\/p>\n<p style=\"text-align: justify;\">Noul an \u0219colar va aduce \u00een stagii de practic\u0103 \u00een cadrul companiei peste 100 de elevi care studiaz\u0103 \u00een sistem de \u00eenv\u0103\u021b\u0103m\u00e2nt dual \u00een 9 institu\u021bii cu profil tehnic.<\/p>\n<p style=\"text-align: justify;\">Astfel, 79 de elevi se preg\u0103tesc pentru meseria de instalator\/sudor (23 \u00een Alba Iulia, 10 \u00een Zal\u0103u, 10 \u00een Media\u0219, 14 \u00een Bac\u0103u, 12 la Cluj-Napoca, 10 la Hunedoara) \u0219i 35 de elevi pentru meseria de electrician (14 \u00een Ia\u0219i, 12 \u00een Piatra Neam\u021b, 9 \u00een Bac\u0103u).<\/p>\n<p style=\"text-align: justify;\">Pe l\u00e2ng\u0103 instruirea teoretic\u0103 \u0219i practic\u0103 derulat\u0103 cu speciali\u0219tii no\u0219tri, Delgaz Grid asigur\u0103 \u0219i echipamentele individuale de protec\u021bie, precum \u0219i baza tehnic\u0103 \u0219i material\u0103 necesar\u0103 procesului de \u00eenv\u0103\u021bare. De asemenea, compania asigur\u0103 elevilor \u0219i burse pe durata studiilor. Dup\u0103 ob\u021binerea calific\u0103rii de electrician sau instalator\/sudor, tinerii au posibilitatea de a se angaja \u00een cadrul companiei noastre.<\/p>\n<p style=\"text-align: justify;\">\u201eToate aceste parteneriate reprezint\u0103 pentru noi o baz\u0103 de selec\u021bie pentru \u00eentinerirea for\u021bei de munc\u0103 din companie prin intermediul Programului START. \u00cenceput \u00een anul 2016, acest program a adus \u00een cadrul companiei noastre peste 330 de tineri ingineri, instalatori \u0219i electricieni. Le doresc mult succes tuturor elevilor \u00een noul an \u0219colar \u0219i \u00eemi exprim speran\u021ba ca \u00een viitorul nu prea \u00eendep\u0103rtat s\u0103 devenim colegi\u201d, declar\u0103 Cristian Seco\u0219an, director general al Delgaz Grid.<\/p>\n<p style=\"text-align: justify;\">Num\u0103rul de angaja\u021bi ai Delgaz Grid cu v\u00e2rsta sub 30 de ani a crescut an de an, ajung\u00e2nd \u00een prezent la circa 20% din for\u021ba de munc\u0103.<\/p>\n<p style=\"text-align: justify;\">Compania este aproape de sistemul educa\u021bional rom\u00e2nesc \u0219i investe\u0219te an de an pentru genera\u021biile viitorului. Unul dintre cele mai cunoscute proiecte este \u201eEnergie \u00een \u0219colile copil\u0103riei\u201d prin care ne-am propus s\u0103 \u00eembun\u0103t\u0103\u021bim condi\u021biile de studiu \u0219i s\u0103 eficientiz\u0103m consumul de energie prin iluminarea bazat\u0103 pe tehnologie LED, p\u00e2n\u0103 \u00een prezent fiind \u00eenlocuite sistemele de iluminat \u00een71 de \u0219coli din 18 jude\u021be. Acest proiect a fost premiat recent la categoria \u201eResponsabilitate pentru Viitor\u201d \u00een cadrul Galei Aniversare de 20 de ani a Camerei de Comer\u021b \u0219i Industrie Rom\u00e2no-Germane (AHK).<\/p>\n<p style=\"text-align: justify;\">Un alt proiect este \u201eLec\u021bii despre energie\u201d care a debutat \u00een anul 2009 cu scopul de a-i familiariza pe cei mici cu regulile de utilizare \u00een condi\u021bii de siguran\u021b\u0103 a diferitelor forme de energie. \u00cen cei 13 ani, \u00een acest program au fost implica\u021bi aproximativ 1.200 de voluntari, care le-au \u00eemp\u0103rt\u0103\u0219it informa\u021bii despre energie \u0219i siguran\u021b\u0103 unui num\u0103r de21.000 de elevi din 600 de \u0219coli din zona de activitate E.ON \u0219i Delgaz Grid.<\/p>\n<p style=\"text-align: justify;\">Mai multe detalii despre ac\u021biunile \u0219i proiectele noastre prin care ne propunem s\u0103 contribuim la dezvoltarea sustenabil\u0103 a comunit\u0103\u021bilor, av\u00e2nd grij\u0103 s\u0103 oferim genera\u021biilor urm\u0103toare \u0219ansa la un viitor promi\u021b\u0103tor, g\u0103si\u021bi \u00een <a href=\"https:\/\/delgaz.ro\/getattachment\/d77494ce-33d7-40d6-b3b3-8d642811557e\/Raport-E-ON-Romania-2021-web-RO.pdf\">Raportul de Sustenabilitate pentru anul 2021<\/a> al E.ON Rom\u00e2nia, grup din care face parte \u0219i Delgaz Grid.<\/p>\n<p style=\"text-align: justify;\">\n","protected":false},"excerpt":{"rendered":"<p>Delgaz Grid, compania de distribu\u021bie a energiei electrice \u0219i gazelor naturale parte a grupului E.ON,&#8230; <a class=\"meta-more\" href=\"http:\/\/infois.ro\/?p=65244\">more <span class=\"meta-nav\">&raquo;<\/span><\/a><\/p>\n","protected":false},"author":2,"featured_media":65245,"comment_status":"closed","ping_status":"closed","sticky":false,"template":"","format":"standard","meta":{"footnotes":""},"categories":[6,41],"tags":[74,8936,7594,410,40,8904],"aioseo_notices":[],"_links":{"self":[{"href":"http:\/\/infois.ro\/index.php?rest_route=\/wp\/v2\/posts\/65244"}],"collection":[{"href":"http:\/\/infois.ro\/index.php?rest_route=\/wp\/v2\/posts"}],"about":[{"href":"http:\/\/infois.ro\/index.php?rest_route=\/wp\/v2\/types\/post"}],"author":[{"embeddable":true,"href":"http:\/\/infois.ro\/index.php?rest_route=\/wp\/v2\/users\/2"}],"replies":[{"embeddable":true,"href":"http:\/\/infois.ro\/index.php?rest_route=%2Fwp%2Fv2%2Fcomments&post=65244"}],"version-history":[{"count":1,"href":"http:\/\/infois.ro\/index.php?rest_route=\/wp\/v2\/posts\/65244\/revisions"}],"predecessor-version":[{"id":65246,"href":"http:\/\/infois.ro\/index.php?rest_route=\/wp\/v2\/posts\/65244\/revisions\/65246"}],"wp:featuredmedia":[{"embeddable":true,"href":"http:\/\/infois.ro\/index.php?rest_route=\/wp\/v2\/media\/65245"}],"wp:attachment":[{"href":"http:\/\/infois.ro\/index.php?rest_route=%2Fwp%2Fv2%2Fmedia&parent=65244"}],"wp:term":[{"taxonomy":"category","embeddable":true,"href":"http:\/\/infois.ro\/index.php?rest_route=%2Fwp%2Fv2%2Fcategories&post=65244"},{"taxonomy":"post_tag","embeddable":true,"href":"http:\/\/infois.ro\/index.php?rest_route=%2Fwp%2Fv2%2Ftags&post=65244"}],"curies":[{"name":"wp","href":"https:\/\/api.w.org\/{rel}","templated":true}]}}