{"id":65640,"date":"2022-09-26T19:57:39","date_gmt":"2022-09-26T16:57:39","guid":{"rendered":"http:\/\/infois.ro\/?p=65640"},"modified":"2022-09-27T10:02:54","modified_gmt":"2022-09-27T07:02:54","slug":"s-a-deschis-noul-an-academic-la-universitatea-alexandru-ioan-cuza","status":"publish","type":"post","link":"http:\/\/infois.ro\/?p=65640","title":{"rendered":"S-a deschis noul an academic la Universitatea \u201eAlexandru Ioan Cuza\u201d"},"content":{"rendered":"<p><a href=\"http:\/\/infois.ro\/wp-content\/uploads\/2022\/09\/uaic-aula.jpg\"><img loading=\"lazy\" decoding=\"async\" class=\"alignleft  wp-image-65641\" src=\"http:\/\/infois.ro\/wp-content\/uploads\/2022\/09\/uaic-aula.jpg\" alt=\"\" width=\"391\" height=\"261\" srcset=\"http:\/\/infois.ro\/wp-content\/uploads\/2022\/09\/uaic-aula.jpg 640w, http:\/\/infois.ro\/wp-content\/uploads\/2022\/09\/uaic-aula-300x200.jpg 300w\" sizes=\"(max-width: 391px) 100vw, 391px\" \/><\/a><\/p>\n<p style=\"text-align: justify;\">Luni, 26 septembrie, a avut loc inaugurarea noului an academic la Universitatea \u201eAlexandru Ioan Cuza\u201d. La eveniment au fost prezen\u021bi, al\u0103turi de conducerea universit\u0103\u021bii, reprezentan\u021bii autorit\u0103\u021bilor locale, cadre didactice \u0219i studen\u021bi ai UAIC.<\/p>\n<p style=\"text-align: justify;\">\n<p style=\"text-align: justify;\">Ceremonia a fost deschis\u0103 de rectorul UAIC, prof. univ. dr. Tudorel Toader, care \u00een discursul s\u0103u a subliniat importan\u021ba actului academic.<\/p>\n<p style=\"text-align: justify;\">\n<p style=\"text-align: justify;\">\u00a0\u201eNoul an universitar ne readuce fa\u021b\u0103 \u00een fa\u021b\u0103, red\u0103 depline valen\u021be vie\u021bii academice, \u0219tiin\u021bifice \u0219i studen\u021be\u0219ti. Va trebui s\u0103 men\u021binem calea \u00eendeplinirii misiunii academice asumate, trec\u00e2nd peste amenin\u021b\u0103rile pandemice, economice \u0219i geostrategice. Bun venit la UAIC studen\u021bilor din anul I, bun revenit la UAIC tuturor studen\u021bilor universit\u0103\u021bii noastre\u201d, a afirmat Tudorel Toader.<a href=\"http:\/\/infois.ro\/wp-content\/uploads\/2022\/09\/uaic-toader.jpg\"><img loading=\"lazy\" decoding=\"async\" class=\"wp-image-65642 alignright\" src=\"http:\/\/infois.ro\/wp-content\/uploads\/2022\/09\/uaic-toader.jpg\" alt=\"\" width=\"391\" height=\"261\" srcset=\"http:\/\/infois.ro\/wp-content\/uploads\/2022\/09\/uaic-toader.jpg 640w, http:\/\/infois.ro\/wp-content\/uploads\/2022\/09\/uaic-toader-300x200.jpg 300w\" sizes=\"(max-width: 391px) 100vw, 391px\" \/><\/a><\/p>\n<p style=\"text-align: justify;\">\n<p style=\"text-align: justify;\">Rectorul UAIC a prezentat \u00een continuare cele mai actuale informa\u021bii despre universitate, men\u021bion\u00e2nd varietatea ofertei academice \u0219i noile programe de studii, rezultatele remarcabile ob\u021binute la admiterea 2022, rezultatele deosebite \u00een cercetare sau interna\u021bionalizare dar \u0219i stadiul investi\u021biilor finalizate sau \u00een curs de finalizare. Prof. univ. dr. Tudorel Toader a \u00eencheiat cu mul\u021bumiri \u0219i o urare adresat\u0103 \u00eentregii comunit\u0103\u021bi academice: \u201eV\u0103 mul\u021bumesc pentru participarea la acest eveniment \u0219i pentru eforturile depuse \u00een slujba Universit\u0103\u021bii noastre. V\u0103 doresc s\u0103n\u0103tate \u00een noul universitar. Vivat Academia!\u201d<\/p>\n<p style=\"text-align: justify;\">\n<p style=\"text-align: justify;\">\u00cen cuv\u00e2ntul s\u0103u, primarul Mihai Chirica, absolvent al Universit\u0103\u021bii \u201eAlexandru Ioan Cuza\u201d, a subliniat c\u0103 administra\u021bia local\u0103 este \u00eentotdeauna deschis\u0103 realiz\u0103rii de parteneriate cu institu\u021biile de \u00eenv\u0103\u021b\u0103m\u00e2nt superior, fie ele de stat sau private, acesta fiind una din elementele esen\u021biale ale strategiei de dezvoltare a Ia\u0219ului.<\/p>\n<p style=\"text-align: justify;\"><a href=\"http:\/\/infois.ro\/wp-content\/uploads\/2022\/09\/uaic-chirica.jpg\"><img loading=\"lazy\" decoding=\"async\" class=\"alignleft  wp-image-65643\" src=\"http:\/\/infois.ro\/wp-content\/uploads\/2022\/09\/uaic-chirica.jpg\" alt=\"\" width=\"390\" height=\"258\" srcset=\"http:\/\/infois.ro\/wp-content\/uploads\/2022\/09\/uaic-chirica.jpg 640w, http:\/\/infois.ro\/wp-content\/uploads\/2022\/09\/uaic-chirica-300x198.jpg 300w\" sizes=\"(max-width: 390px) 100vw, 390px\" \/><\/a><\/p>\n<p style=\"text-align: justify;\">\u201e\u00cen fiecare toamn\u0103, zecile de mii de studen\u021bi care iau cu asalt ora\u0219ul transform\u0103 radical Ia\u0219ul. E un zumzet, o efervescen\u021b\u0103, o explozie de tinere\u021be \u0219i entuziasm peste tot \u00een jur! Ia\u0219ul devine Capitala Tinere\u021bii! Ca absolvent al Universit\u0103\u021bii \u201eAlexandru Ioan Cuza\u201d, pot spune c\u0103 este o onoare s\u0103 \u00eenve\u021bi la cea mai veche universitate din \u021bar\u0103! Dar este \u0219i o obliga\u021bie s\u0103 aplic\u0103m ceea ce \u00eenv\u0103\u021b\u0103m pentru a face mai bun\u0103 via\u021ba celor de l\u00e2ng\u0103 noi. De aceea, administra\u021bia local\u0103 este \u00eentotdeauna deschis\u0103 parteneriatelor cu universitatea \u0219i facem tot ce ne st\u0103 \u00een putin\u021b\u0103 pentru a conecta, la r\u00e2ndul nostru, mediul academic cu mediul privat. Acesta este unul dintre elementele esen\u021biale ale strategiei de dezvoltare durabil\u0103 a Ia\u0219ului\u201d, a spus primarul.<\/p>\n<p style=\"text-align: justify;\">\n<p style=\"text-align: justify;\">Adres\u00e2ndu-se studen\u021bilor, \u0219eful municipalit\u0103\u021bii le-a cerut acestora s\u0103 se implice active \u00een via\u021ba comunit\u0103\u021bii, s\u0103 intre \u00een politic\u0103 \u0219i s\u0103 se \u00eendrepte spre administra\u021bie, pentru a aduce un suflu nou acestor domenii.<a href=\"http:\/\/infois.ro\/wp-content\/uploads\/2022\/09\/uaic-studenti.jpg\"><img loading=\"lazy\" decoding=\"async\" class=\"wp-image-65644 alignright\" src=\"http:\/\/infois.ro\/wp-content\/uploads\/2022\/09\/uaic-studenti.jpg\" alt=\"\" width=\"390\" height=\"260\" srcset=\"http:\/\/infois.ro\/wp-content\/uploads\/2022\/09\/uaic-studenti.jpg 640w, http:\/\/infois.ro\/wp-content\/uploads\/2022\/09\/uaic-studenti-300x200.jpg 300w\" sizes=\"(max-width: 390px) 100vw, 390px\" \/><\/a><\/p>\n<p style=\"text-align: justify;\">\n<p style=\"text-align: justify;\">\u201cProfita\u021bi de faptul c\u0103 Ia\u0219ul organizeaz\u0103 an de an o multitudine de evenimente dedicate culturii \u0219i educa\u021biei. Profita\u021bi c\u0103 Ia\u0219ul este un ora\u0219 care se dezvolt\u0103 rapid \u0219i are tot mai mult\u0103 nevoie de for\u021b\u0103 de munc\u0103 bine calificat\u0103. Am convingerea c\u0103 Educa\u021bia va deveni \u00een cele din urm\u0103, \u00een pofida ezit\u0103rilor tuturor guvernan\u021bilor din ultimele peste trei decenii, cu adev\u0103rat o prioritate na\u021bional\u0103! Datorit\u0103 dumneavoastr\u0103! V\u0103 doresc mult succes \u00een noul an universitar!\u201d, se arat\u0103 \u00een \u00eencheierea mesajului transmis de primarul Mihai Chirica.<\/p>\n<p style=\"text-align: justify;\">\n<p style=\"text-align: justify;\">\n","protected":false},"excerpt":{"rendered":"<p>Luni, 26 septembrie, a avut loc inaugurarea noului an academic la Universitatea \u201eAlexandru Ioan Cuza\u201d&#8230;. <a class=\"meta-more\" href=\"http:\/\/infois.ro\/?p=65640\">more <span class=\"meta-nav\">&raquo;<\/span><\/a><\/p>\n","protected":false},"author":2,"featured_media":65641,"comment_status":"closed","ping_status":"closed","sticky":false,"template":"","format":"standard","meta":{"footnotes":""},"categories":[12,41],"tags":[],"aioseo_notices":[],"_links":{"self":[{"href":"http:\/\/infois.ro\/index.php?rest_route=\/wp\/v2\/posts\/65640"}],"collection":[{"href":"http:\/\/infois.ro\/index.php?rest_route=\/wp\/v2\/posts"}],"about":[{"href":"http:\/\/infois.ro\/index.php?rest_route=\/wp\/v2\/types\/post"}],"author":[{"embeddable":true,"href":"http:\/\/infois.ro\/index.php?rest_route=\/wp\/v2\/users\/2"}],"replies":[{"embeddable":true,"href":"http:\/\/infois.ro\/index.php?rest_route=%2Fwp%2Fv2%2Fcomments&post=65640"}],"version-history":[{"count":1,"href":"http:\/\/infois.ro\/index.php?rest_route=\/wp\/v2\/posts\/65640\/revisions"}],"predecessor-version":[{"id":65645,"href":"http:\/\/infois.ro\/index.php?rest_route=\/wp\/v2\/posts\/65640\/revisions\/65645"}],"wp:featuredmedia":[{"embeddable":true,"href":"http:\/\/infois.ro\/index.php?rest_route=\/wp\/v2\/media\/65641"}],"wp:attachment":[{"href":"http:\/\/infois.ro\/index.php?rest_route=%2Fwp%2Fv2%2Fmedia&parent=65640"}],"wp:term":[{"taxonomy":"category","embeddable":true,"href":"http:\/\/infois.ro\/index.php?rest_route=%2Fwp%2Fv2%2Fcategories&post=65640"},{"taxonomy":"post_tag","embeddable":true,"href":"http:\/\/infois.ro\/index.php?rest_route=%2Fwp%2Fv2%2Ftags&post=65640"}],"curies":[{"name":"wp","href":"https:\/\/api.w.org\/{rel}","templated":true}]}}