{"id":65790,"date":"2022-10-03T18:31:38","date_gmt":"2022-10-03T15:31:38","guid":{"rendered":"http:\/\/infois.ro\/?p=65790"},"modified":"2022-10-04T08:38:31","modified_gmt":"2022-10-04T05:38:31","slug":"asociatia-zi-de-bine-moldova-finalizeaza-proiectul-tribuna-parc-un-spatiu-de-ateliere-dezbateri-si-recreere-in-mediul-rural","status":"publish","type":"post","link":"http:\/\/infois.ro\/?p=65790","title":{"rendered":"Asocia\u021bia Zi de Bine Moldova finalizeaz\u0103 proiectul Tribuna Parc &#8211; un spa\u021biu de ateliere, dezbateri \u0219i recreere \u00een mediul rural"},"content":{"rendered":"<p><a href=\"http:\/\/infois.ro\/wp-content\/uploads\/2022\/10\/tribuna-parc-cornesti-5.jpg\"><img loading=\"lazy\" decoding=\"async\" class=\"alignleft  wp-image-65791\" src=\"http:\/\/infois.ro\/wp-content\/uploads\/2022\/10\/tribuna-parc-cornesti-5.jpg\" alt=\"\" width=\"391\" height=\"220\" srcset=\"http:\/\/infois.ro\/wp-content\/uploads\/2022\/10\/tribuna-parc-cornesti-5.jpg 640w, http:\/\/infois.ro\/wp-content\/uploads\/2022\/10\/tribuna-parc-cornesti-5-300x169.jpg 300w, http:\/\/infois.ro\/wp-content\/uploads\/2022\/10\/tribuna-parc-cornesti-5-140x80.jpg 140w\" sizes=\"(max-width: 391px) 100vw, 391px\" \/><\/a><\/p>\n<p style=\"text-align: justify;\">Zi de Bine Moldova, al\u0103turi de Asocia\u021bia De-a Arhitectura \u0219i A+noima, a finalizat proiectul Tribuna Parc. Copiii de la \u0218coala din Corne\u0219ti, comuna Miroslava, jude\u021bul Ia\u0219i, sunt m\u00e2ndri s\u0103 aib\u0103 un loc at\u00e2t de cool \u00een curtea \u0219colii. Toate pauzele le petrec \u00een Tribuna Parc, pe b\u0103nci, \u00eemp\u0103rt\u0103\u0219ind experien\u021bele de la ore, printre gust\u0103rile de pr\u00e2nz.<\/p>\n<p style=\"text-align: justify;\">\n<p style=\"text-align: justify;\">\u201dUnii dintre ei deja \u0219i-au mutat orele de consiliere cu dirigin\u021bii acolo, afar\u0103. Numai toamna s\u0103 fie lung\u0103 \u0219i c\u0103lduroas\u0103, c\u0103 ei au multe planuri la Tribuna Parc. Proiectul a fost apreciat \u00een egal\u0103 m\u0103sur\u0103 \u0219i de profesori \u0219i de p\u0103rin\u021bii copiilor, care spun c\u0103 sunt noroco\u0219i s\u0103 aib\u0103 \u00een curtea \u0219colii un astfel de spa\u021biu inedit \u0219i c\u0103 va fi, cu siguran\u021b\u0103, folosit intens de copii, \u00een pauze \u0219i \u00eentre schimburi dar \u0219i pentru evenimentele \u0219colii.\u201d, men\u021bioneaz\u0103 Melania Medeleanu, co-fondator Asocia\u021bia Zi de BINE.<\/p>\n<p style=\"text-align: justify;\"><a href=\"http:\/\/infois.ro\/wp-content\/uploads\/2022\/10\/tribuna-parc-cornesti-1.jpg\"><img loading=\"lazy\" decoding=\"async\" class=\"wp-image-65792 alignright\" src=\"http:\/\/infois.ro\/wp-content\/uploads\/2022\/10\/tribuna-parc-cornesti-1.jpg\" alt=\"\" width=\"391\" height=\"220\" srcset=\"http:\/\/infois.ro\/wp-content\/uploads\/2022\/10\/tribuna-parc-cornesti-1.jpg 640w, http:\/\/infois.ro\/wp-content\/uploads\/2022\/10\/tribuna-parc-cornesti-1-300x169.jpg 300w, http:\/\/infois.ro\/wp-content\/uploads\/2022\/10\/tribuna-parc-cornesti-1-140x80.jpg 140w\" sizes=\"(max-width: 391px) 100vw, 391px\" \/><\/a><\/p>\n<p style=\"text-align: justify;\">Tribuna Parc este un spa\u021biu g\u00e2ndit de la zero de copiii din clasa a VI-a de la \u0219coala din satul Corne\u0219ti, \u00eempreun\u0103 cu Alexandra Berdan, arhitect A+Noima, \u00een cadrul programului My school can be cool al Asocia\u021biei De-a Arhitectura. Lansarea oficial\u0103 a avut loc vineri, 30 septembrie, c\u00e2nd au fost prezen\u021bi copiii, profesorii, dar \u0219i echipa de arhitectur\u0103 A+Noima, care a lucrat voluntar, timp de 12 luni, cu copiii, \u00eenv\u0103\u021b\u00e2ndu-i elemente esen\u021biale din domeniul arhitecturii.<\/p>\n<p style=\"text-align: justify;\">\n<p style=\"text-align: justify;\">Evenimentul de inaugurare a fost o adev\u0103rat\u0103 s\u0103rb\u0103toare a \u0219colii. Copiii au dansat, au c\u00e2ntat \u0219i au recitat din poeziile poetului Dimitrie Anghel, cel care d\u0103 \u0219i numele \u0219colii, inaugur\u00e2nd, astfel, scena amplasat\u0103 \u00een curtea \u0219colii \u00een cadrul proiectului Tribuna Parc. Mai bine de 100 de copii au participat la eveniment, b\u0103ncile Tribunei dovedindu-se ne\u00eenc\u0103p\u0103toare. Deopotriv\u0103 copii, p\u0103rin\u021bi \u0219i cadre didactice au luat parte la eveniment.<\/p>\n<p style=\"text-align: justify;\"><a href=\"http:\/\/infois.ro\/wp-content\/uploads\/2022\/10\/tribuna-parc-cornesti-2.jpg\"><img loading=\"lazy\" decoding=\"async\" class=\"alignleft  wp-image-65793\" src=\"http:\/\/infois.ro\/wp-content\/uploads\/2022\/10\/tribuna-parc-cornesti-2.jpg\" alt=\"\" width=\"391\" height=\"220\" srcset=\"http:\/\/infois.ro\/wp-content\/uploads\/2022\/10\/tribuna-parc-cornesti-2.jpg 640w, http:\/\/infois.ro\/wp-content\/uploads\/2022\/10\/tribuna-parc-cornesti-2-300x169.jpg 300w, http:\/\/infois.ro\/wp-content\/uploads\/2022\/10\/tribuna-parc-cornesti-2-140x80.jpg 140w\" sizes=\"(max-width: 391px) 100vw, 391px\" \/><\/a><\/p>\n<p style=\"text-align: justify;\">\u201dInaugurarea Tribunei Parc a fost chiar o s\u0103rb\u0103toare pentru \u0219coala noastr\u0103. Noi avem \u0219ase structuri \u0219i toate \u0219i-au dorit s\u0103 fie prezente la eveniment cu c\u00e2te un moment artistic. Mai mult, dup\u0103 ce au v\u0103zut locul, b\u0103ncile amenajate a\u0219a de frumos, mai mul\u021bi \u00eenv\u0103\u021b\u0103tori mi-au spus c\u0103 vor \u0219i ei s\u0103 vin\u0103 cu copiii s\u0103 fac\u0103 ore \u00een aer liber aici. Cred c\u0103 o s\u0103 facem o lista de a\u0219teptare.\u201d, declar\u0103 Mihaela Roibu, director al \u0218colii Gimnaziale \u201dDimitrie Anghel\u201d Corne\u0219ti.<\/p>\n<p style=\"text-align: justify;\">\n<p style=\"text-align: justify;\">Bugetul necesar pentru implementarea proiectului Tribuna Parc \u2013 ZDBMoldova a fost oferit de partenerul strategic, Isopan, al\u0103turi de sponsorii MASTER BUILD SRL, MERAKI SOLUTIONS SRL, ROMCIM SRL, ROSANA MEDICAL SRL.<\/p>\n<p style=\"text-align: justify;\">\n<p style=\"text-align: justify;\">\u00cen realizarea acestui proiect au participat activ elevii \u0219colii Gimnaziale \u201eDimitrie Anghel\u201d din Corne\u0219ti. Copiii au plecat de la evaluarea nevoilor lor \u0219i au decis c\u0103 un astfel de proiect inedit le-ar fi foarte util \u00een curtea \u0219colii.\u00a0 Fiecare a contribuit cu propriile idei \u0219i, \u00eempreun\u0103, au reu\u0219it s\u0103 realizeze un spa\u021biu atractiv de petrecere a timpului liber.<\/p>\n<p style=\"text-align: justify;\"><a href=\"http:\/\/infois.ro\/wp-content\/uploads\/2022\/10\/tribuna-parc-cornesti-3.jpg\"><img loading=\"lazy\" decoding=\"async\" class=\"wp-image-65794 alignright\" src=\"http:\/\/infois.ro\/wp-content\/uploads\/2022\/10\/tribuna-parc-cornesti-3.jpg\" alt=\"\" width=\"391\" height=\"220\" srcset=\"http:\/\/infois.ro\/wp-content\/uploads\/2022\/10\/tribuna-parc-cornesti-3.jpg 640w, http:\/\/infois.ro\/wp-content\/uploads\/2022\/10\/tribuna-parc-cornesti-3-300x169.jpg 300w, http:\/\/infois.ro\/wp-content\/uploads\/2022\/10\/tribuna-parc-cornesti-3-140x80.jpg 140w\" sizes=\"(max-width: 391px) 100vw, 391px\" \/><\/a><\/p>\n<p style=\"text-align: justify;\">\u201dNoi am decis s\u0103 facem un proiect cu b\u0103nci, cu mese \u0219i felinare care se aprind cu lumin\u0103 de la soare. Eu am vopsit mesele cu ro\u0219u, ceilal\u021bi colegi au vopsit sp\u0103tarele, care aveau forme variate, cu diferite culori. Marginile de la sp\u0103tare au fost vopsite cu galben.Mie \u00eemi place foarte mult acest proiect deoarece pe teren, b\u0103ie\u021bii, \u00een pauz\u0103, joac\u0103 fotbal, iar noi, ceilal\u021bi colegi, putem privi ca spectatori jocul de pe b\u0103nci. Fiecare banc\u0103 are c\u00e2te o mas\u0103, iar pe masa aceea putem juca \u0219i c\u0103r\u021bi sau putem lua masa. Proiectul este foarte bine pl\u0103nuit deoarece, de exemplu, c\u00e2nd avem ora de dirigen\u021bie putem face ora \u00een aer liber, afar\u0103, pe b\u0103nci.\u201d \u2013 declar\u0103 Daria, elev\u0103 \u00een clasa a VI-a.<\/p>\n<p style=\"text-align: justify;\">Proiectul Tribuna Parc face parte din seria de proiecte desf\u0103\u0219urate de asocia\u021bia Zi de Bine \u00een zona Moldovei. \u00cen luna august, Zi de Bine Moldova a finalizat Biblioteca Altfel, un proiect inedit, care ofer\u0103 o \u0219ans\u0103 copiilor din mediu rural s\u0103 descopere pl\u0103cerea de a lectura \u0219i de a-\u0219i cultiva imagina\u021bia \u0219i cuno\u0219tin\u021bele. Pentru luna septembrie, ZDB Moldova a amenajat un spa\u021biu atractiv pentru copii, o tribun\u0103 \u00een curtea \u0218colii Gimnaziale \u201eDimitrie Anghel\u201d din Corne\u0219ti.<\/p>\n<p style=\"text-align: justify;\"><a href=\"http:\/\/infois.ro\/wp-content\/uploads\/2022\/10\/tribuna-parc-cornesti-4.jpg\"><img loading=\"lazy\" decoding=\"async\" class=\"alignleft  wp-image-65795\" src=\"http:\/\/infois.ro\/wp-content\/uploads\/2022\/10\/tribuna-parc-cornesti-4.jpg\" alt=\"\" width=\"391\" height=\"220\" srcset=\"http:\/\/infois.ro\/wp-content\/uploads\/2022\/10\/tribuna-parc-cornesti-4.jpg 640w, http:\/\/infois.ro\/wp-content\/uploads\/2022\/10\/tribuna-parc-cornesti-4-300x169.jpg 300w, http:\/\/infois.ro\/wp-content\/uploads\/2022\/10\/tribuna-parc-cornesti-4-140x80.jpg 140w\" sizes=\"(max-width: 391px) 100vw, 391px\" \/><\/a><\/p>\n<p style=\"text-align: justify;\">Cei care doresc s\u0103 sus\u021bin\u0103 suplimentar proiectele realizate de Asocia\u021bia Zi de Bine, o pot face fie printr-un SMS cu textul SUS la 8845. Mai multe metode de implicare pot fi g\u0103site aici:<a href=\"https:\/\/www.zidebine.ro\/doneaza\"> https:\/\/www.zidebine.ro\/doneaza<\/a>.<\/p>\n<p style=\"text-align: justify;\">\n<p style=\"text-align: justify;\">Despre Asocia\u021bia Zi de BINE<\/p>\n<p style=\"text-align: justify;\">\n<p style=\"text-align: justify;\">Scopul Asocia\u021biei Zi de Bine este acela de a crea comunit\u0103\u021bi, de a sprijini mii de oameni afla\u021bi \u00een situa\u021bii vulnerabile \u0219i de a crea notorietate \u00een jurul unor cauze ignorate. Asocia\u021bia va sus\u021bine c\u00e2te un ONG \u00een fiecare lun\u0103 a anului. Fiecare cauz\u0103 selectat\u0103 de Asocia\u021bia Zi de Bine se adreseaz\u0103 unei comunit\u0103\u021bi \u0219i se implementeaz\u0103 cu ajutorul unui ONG local.<\/p>\n<p style=\"text-align: justify;\">\n<p style=\"text-align: justify;\">Mecanismul de func\u021bionare este unul simplu: la fiecare \u00eenceput de lun\u0103 se va anun\u021ba cauza sus\u021binut\u0103 \u0219i se vor descrie nevoia \u0219i beneficiarii. La finalul lunii, donatorii vor afla ce s-a \u00eent\u00e2mplat cu banii \u0219i vor fi invita\u021bi s\u0103 vad\u0103 rezultatul implic\u0103rii lor.<\/p>\n<p style=\"text-align: justify;\">\u00cen cei doi ani de existen\u021b\u0103, Asocia\u021bia a implementat deja peste 30 de proiecte \u00een domenii ca educa\u021bie, s\u0103n\u0103tate, incluziune social\u0103, \u00een valoare de peste 2.000.000 de euro.<\/p>\n<p style=\"text-align: justify;\">\n<p style=\"text-align: justify;\">Dac\u0103 ave\u021bi un proiect \u00een care crede\u021bi, dar pentru care nu a\u021bi g\u0103sit \u00eenc\u0103 finan\u021bare, \u00eel pute\u021bi \u00eenscrie pe<a href=\"http:\/\/www.zidebine.ro\/\"> www.zidebine.ro<\/a>.<\/p>\n<p style=\"text-align: justify;\">\n","protected":false},"excerpt":{"rendered":"<p>Zi de Bine Moldova, al\u0103turi de Asocia\u021bia De-a Arhitectura \u0219i A+noima, a finalizat proiectul Tribuna&#8230; <a class=\"meta-more\" href=\"http:\/\/infois.ro\/?p=65790\">more <span class=\"meta-nav\">&raquo;<\/span><\/a><\/p>\n","protected":false},"author":2,"featured_media":65791,"comment_status":"closed","ping_status":"closed","sticky":false,"template":"","format":"standard","meta":{"footnotes":""},"categories":[41,32],"tags":[74,15216,89,40,15800,15711],"aioseo_notices":[],"_links":{"self":[{"href":"http:\/\/infois.ro\/index.php?rest_route=\/wp\/v2\/posts\/65790"}],"collection":[{"href":"http:\/\/infois.ro\/index.php?rest_route=\/wp\/v2\/posts"}],"about":[{"href":"http:\/\/infois.ro\/index.php?rest_route=\/wp\/v2\/types\/post"}],"author":[{"embeddable":true,"href":"http:\/\/infois.ro\/index.php?rest_route=\/wp\/v2\/users\/2"}],"replies":[{"embeddable":true,"href":"http:\/\/infois.ro\/index.php?rest_route=%2Fwp%2Fv2%2Fcomments&post=65790"}],"version-history":[{"count":1,"href":"http:\/\/infois.ro\/index.php?rest_route=\/wp\/v2\/posts\/65790\/revisions"}],"predecessor-version":[{"id":65796,"href":"http:\/\/infois.ro\/index.php?rest_route=\/wp\/v2\/posts\/65790\/revisions\/65796"}],"wp:featuredmedia":[{"embeddable":true,"href":"http:\/\/infois.ro\/index.php?rest_route=\/wp\/v2\/media\/65791"}],"wp:attachment":[{"href":"http:\/\/infois.ro\/index.php?rest_route=%2Fwp%2Fv2%2Fmedia&parent=65790"}],"wp:term":[{"taxonomy":"category","embeddable":true,"href":"http:\/\/infois.ro\/index.php?rest_route=%2Fwp%2Fv2%2Fcategories&post=65790"},{"taxonomy":"post_tag","embeddable":true,"href":"http:\/\/infois.ro\/index.php?rest_route=%2Fwp%2Fv2%2Ftags&post=65790"}],"curies":[{"name":"wp","href":"https:\/\/api.w.org\/{rel}","templated":true}]}}