{"id":65825,"date":"2022-10-04T17:48:25","date_gmt":"2022-10-04T14:48:25","guid":{"rendered":"http:\/\/infois.ro\/?p=65825"},"modified":"2022-10-05T08:50:17","modified_gmt":"2022-10-05T05:50:17","slug":"gala-premiilor-pentru-directorii-anului-cei-mai-buni-directori-de-scoala-din-romania-vor-fi-premiati","status":"publish","type":"post","link":"http:\/\/infois.ro\/?p=65825","title":{"rendered":"Gala Premiilor pentru Directorii Anului: cei mai buni directori de \u0219coal\u0103 din Rom\u00e2nia vor fi premia\u021bi"},"content":{"rendered":"<p><a href=\"http:\/\/infois.ro\/wp-content\/uploads\/2022\/10\/directorii-anului.jpg\"><img loading=\"lazy\" decoding=\"async\" class=\"alignleft  wp-image-65826\" src=\"http:\/\/infois.ro\/wp-content\/uploads\/2022\/10\/directorii-anului.jpg\" alt=\"\" width=\"443\" height=\"232\" srcset=\"http:\/\/infois.ro\/wp-content\/uploads\/2022\/10\/directorii-anului.jpg 640w, http:\/\/infois.ro\/wp-content\/uploads\/2022\/10\/directorii-anului-300x157.jpg 300w\" sizes=\"(max-width: 443px) 100vw, 443px\" \/><\/a><\/p>\n<p style=\"text-align: justify;\">AVE (Asocia\u021bia pentru Valori \u00een Educa\u021bie) continu\u0103 s\u0103 premieze excelen\u021ba \u00een mediul preuniversitar \u0219i anun\u021b\u0103 \u00eenscrierile la Gala Premiile pentru Directorii Anului 2022. Directorii \u0219i directorii adjunc\u021bi din liceele, \u0219colile \u0219i gr\u0103dini\u021bele publice din Rom\u00e2nia, care au fost \u00een func\u021bie \u00een anul \u0219colar 2021 \u2013 2022, se pot \u00eenscrie p\u00e2n\u0103 pe data de 31 octombrie. Anul acesta, Gala Premiilor pentru Directorii Anului va avea loc pe 23 noiembrie, la Ateneul Rom\u00e2n.<\/p>\n<p style=\"text-align: justify;\">\u201eConsider\u0103m c\u0103 directorul de \u0219coal\u0103 este de o importan\u021b\u0103 strategic\u0103 pentru c\u0103 prin pozi\u021bia pe care o ocup\u0103 are capacitatea de a influen\u021ba via\u021ba a mii de elevi, familiile acestora \u0219i comunitate, prin fiecare decizie pe care o ia. Tocmai de aceea, \u00een fiecare an premiem directorii cu rezultate excep\u021bionale. Aceste modele de leadership educa\u021bional sunt un combustibil f\u0103r\u0103 de care nu vom putea vedea educa\u021bia din Rom\u00e2nia transformat\u0103 cu adev\u0103rat\u201d, spune Andreea Nistor, Director Executiv al AVE.<\/p>\n<p style=\"text-align: justify;\">\u00cen cadrul Galei Premiilor pentru Directorii Anului le sunt recunoscute meritele liderilor din educa\u021bie care au demonstrat calit\u0103\u021bi de leadership, management \u0219i strategie, pe care le-au ar\u0103tat prin implicarea proactiv\u0103 \u00een transformarea educa\u021biei \u00een comunit\u0103\u021bile \u0219i \u0219colile din care fac parte. Premiile vor fi oferite pentru patru categorii, respectiv Inovare, Antreprenoriat, Egalitate de \u0218anse, precum \u0219i marele premiu, Directorul Anului 2022. Detalii complete despre fiecare categorie sunt disponibile pe site-ul AVE,<a href=\"https:\/\/ave-romania.ro\/gala-premiilor-pentru-directorii-anului-2022\/\">https:\/\/ave-romania.ro\/gala-premiilor-pentru-directorii-anului-2022\/<\/a><a href=\"https:\/\/ave-romania.ro\/gala-premiilor-pentru-directorii-anului-2022\/\">aici<\/a>.<\/p>\n<p style=\"text-align: justify;\">Peste 25.000 de euro, premii pentru directorii premia\u021bi la Gala Premiile pentru Directorii Anului 2022<\/p>\n<p style=\"text-align: justify;\">Vor fi premia\u021bi patru lideri din educa\u021bie care demonstreaz\u0103 ini\u021biativ\u0103 \u0219i dorin\u021b\u0103 de schimbare profund\u0103 pentru comunit\u0103\u021bile lor \u0219colare. Directorii se pot pre\u00eenscrie \u00een doar c\u00e2teva minute, prin completarea unui formular disponibil online, pe site-ul <a href=\"http:\/\/www.ave-romania.ro\/\">www.ave-romania.ro\/<\/a>, sec\u021biunea Gala Premiilor pentru Directorii Anului 2022. O singur\u0103 aplica\u021bie poate fi \u00eenscris\u0103 pentru maximum dou\u0103 categorii de premii, iar fiecare director \u00eenscris este luat automat luat \u00een considerare \u0219i pentru mare premiu, Directorul Anului 2022.<\/p>\n<p style=\"text-align: justify;\">To\u021bi cei care cunosc un director pasionat sunt \u00eencuraja\u021bi s\u0103 \u00eel recomande pentru \u00eenscriere, prin completarea unui<a href=\"https:\/\/form.jotform.com\/222154129546353\"> formular online, disponibil aici<\/a>. Ulterior, directorii recomanda\u021bi vor fi contacta\u021bi pentru \u00eenscriere de reprezentan\u021bii AVE.<\/p>\n<p style=\"text-align: justify;\">Fiecare din cei patru directori c\u00e2\u0219tig\u0103tori ai acestei edi\u021bii a Galei Premiilor pentru Directorii Anului va primi un premiu \u00een valoare de 3.500 de euro. Scopul acestui premiu este de a sus\u021bine directorii \u00een proiectele pe care le au \u00een derulare sau care urmeaz\u0103 s\u0103 fie \u00eencepute \u00een \u0219coala din care fac parte.<\/p>\n<p style=\"text-align: justify;\">\u00cen plus, cei patru c\u00e2\u0219tig\u0103tori vor primi \u0219i o burs\u0103 integral\u0103 la Academia de Leadership \u0219i Management \u0218colar, program organizat de AVE pentru dezvoltarea \u0219i cre\u0219terea abilit\u0103\u021bilor de leadership \u0219i management dedicat directorilor de \u0219coli \u0219i gr\u0103dini\u021be care vor s\u0103 \u00eembun\u0103t\u0103\u021beasc\u0103 rezultatele educa\u021bionale din institu\u021biile pe care le conduc. Bursa valoreaz\u0103 3.300 de euro \u0219i este oferit\u0103 de AVE \u0219i <a href=\"https:\/\/ave-romania.ro\/academia-de-leadership\/parteneri-leadership\/\">partenerii Academiei<\/a>.<\/p>\n<p style=\"text-align: justify;\">Gala Premiilor pentru Directorii Anului este un eveniment organizat pentru al \u0219aselea an consecutiv de c\u0103tre AVE (Asocia\u021bia pentru Valori \u00een Educa\u021bie), pentru a sus\u021bine \u0219i premia directorii de \u0219coal\u0103 care se remarc\u0103 printr-o activitate extraordinar\u0103 \u0219i ajut\u0103 la transformarea educa\u021biei din Rom\u00e2nia, \u00eencep\u00e2nd cu propriile lor comunit\u0103\u021bi.<\/p>\n<p style=\"text-align: justify;\"><strong>Despre Asocia\u021bia pentru Valori \u00een Educa\u021bie<\/strong><\/p>\n<p style=\"text-align: justify;\">Asocia\u021bia pentru Valori \u00een Educa\u021bie (AVE) este o organiza\u021bie non-profit, al c\u0103rei principal obiectiv este acela de a aduce sistemul educa\u021bional din Rom\u00e2nia \u00een top 10 din Europa, p\u00e2n\u0103 \u00een 2035. Programele coordonate de AVE sunt Academia de Leadership \u0219i Management \u0218colar, EduNetworks, HumanKind \u0219i ALFABETAR. Detalii complete pot fi g\u0103site pe site-ul<a href=\"https:\/\/ave-romania.ro\/\"> https:\/\/ave-romania.ro\/<\/a>.<\/p>\n<p style=\"text-align: justify;\">\n","protected":false},"excerpt":{"rendered":"<p>AVE (Asocia\u021bia pentru Valori \u00een Educa\u021bie) continu\u0103 s\u0103 premieze excelen\u021ba \u00een mediul preuniversitar \u0219i anun\u021b\u0103&#8230; <a class=\"meta-more\" href=\"http:\/\/infois.ro\/?p=65825\">more <span class=\"meta-nav\">&raquo;<\/span><\/a><\/p>\n","protected":false},"author":2,"featured_media":65826,"comment_status":"closed","ping_status":"closed","sticky":false,"template":"","format":"standard","meta":{"footnotes":""},"categories":[12,41],"tags":[74,271,15804,40,3737],"aioseo_notices":[],"_links":{"self":[{"href":"http:\/\/infois.ro\/index.php?rest_route=\/wp\/v2\/posts\/65825"}],"collection":[{"href":"http:\/\/infois.ro\/index.php?rest_route=\/wp\/v2\/posts"}],"about":[{"href":"http:\/\/infois.ro\/index.php?rest_route=\/wp\/v2\/types\/post"}],"author":[{"embeddable":true,"href":"http:\/\/infois.ro\/index.php?rest_route=\/wp\/v2\/users\/2"}],"replies":[{"embeddable":true,"href":"http:\/\/infois.ro\/index.php?rest_route=%2Fwp%2Fv2%2Fcomments&post=65825"}],"version-history":[{"count":1,"href":"http:\/\/infois.ro\/index.php?rest_route=\/wp\/v2\/posts\/65825\/revisions"}],"predecessor-version":[{"id":65827,"href":"http:\/\/infois.ro\/index.php?rest_route=\/wp\/v2\/posts\/65825\/revisions\/65827"}],"wp:featuredmedia":[{"embeddable":true,"href":"http:\/\/infois.ro\/index.php?rest_route=\/wp\/v2\/media\/65826"}],"wp:attachment":[{"href":"http:\/\/infois.ro\/index.php?rest_route=%2Fwp%2Fv2%2Fmedia&parent=65825"}],"wp:term":[{"taxonomy":"category","embeddable":true,"href":"http:\/\/infois.ro\/index.php?rest_route=%2Fwp%2Fv2%2Fcategories&post=65825"},{"taxonomy":"post_tag","embeddable":true,"href":"http:\/\/infois.ro\/index.php?rest_route=%2Fwp%2Fv2%2Ftags&post=65825"}],"curies":[{"name":"wp","href":"https:\/\/api.w.org\/{rel}","templated":true}]}}