{"id":65839,"date":"2022-10-05T09:15:31","date_gmt":"2022-10-05T06:15:31","guid":{"rendered":"http:\/\/infois.ro\/?p=65839"},"modified":"2022-10-05T09:15:31","modified_gmt":"2022-10-05T06:15:31","slug":"universitatea-alexandru-ioan-cuza-a-primit-vizita-unei-delegatii-a-universitatii-kocaeli-din-turcia","status":"publish","type":"post","link":"http:\/\/infois.ro\/?p=65839","title":{"rendered":"Universitatea \u201cAlexandru Ioan Cuza\u201d a primit vizita unei delega\u021bii a Universit\u0103\u021bii Kocaeli din Turcia"},"content":{"rendered":"<p><a href=\"http:\/\/infois.ro\/wp-content\/uploads\/2022\/10\/kocaeli.jpg\"><img loading=\"lazy\" decoding=\"async\" class=\"alignleft  wp-image-65840\" src=\"http:\/\/infois.ro\/wp-content\/uploads\/2022\/10\/kocaeli.jpg\" alt=\"\" width=\"363\" height=\"272\" srcset=\"http:\/\/infois.ro\/wp-content\/uploads\/2022\/10\/kocaeli.jpg 640w, http:\/\/infois.ro\/wp-content\/uploads\/2022\/10\/kocaeli-300x225.jpg 300w\" sizes=\"(max-width: 363px) 100vw, 363px\" \/><\/a><\/p>\n<p style=\"text-align: justify;\">Universitatea \u201eAlexandru Ioan Cuza\u201d din Ia\u0219i (UAIC) a primit mar\u021bi, 4 octombrie, vzita unei delega\u021bii a Universit\u0103\u021bii Kocaeli din Turcia, format\u0103 din Prof. Dr. Ahmet K\u00dc\u00c7\u00dcK \u2013 Prorector, Prof.Dr. Mehmet YILDIRIM \u2013 Decan al Facult\u0103\u021bii de Tehnologie \u0219i Mahmut MERT, reprezentant al Departamentului de Rela\u021bii Interna\u021bionale. Delega\u021bii au participat la o \u00eent\u00e2lnire cu prof. univ. dr. Tudorel TOADER, Rectorul UAIC. La \u00eent\u00e2lnire au mai participat prof. univ. dr. Daniela COJOCARU, Prorector pentru rela\u0163ii interna\u0163ionale \u015fi parteneriate de studii \u015fi cercetare \u0219i \u015eenel GER\u00c7EK, lector \u00een cadrul Lectoratului de limb\u0103 turc\u0103 al UAIC.<\/p>\n<p style=\"text-align: justify;\">\u00cen cadrul \u00eent\u00e2lnirii a fost semnat un acord de cooperare academic\u0103 \u00een domeniile comune \u00eentre cele dou\u0103 universit\u0103\u021bi, \u00een continuarea colabor\u0103rii \u00eencepute \u00een anul 2020 prin acordul Erasmus+, prin intermediul c\u0103ruia au loc schimburi de studen\u021bi \u0219i cadre didactice. Acordul de cooperare prevede facilitarea mobilit\u0103\u021bilor de predare, cercetare sau studiu \u00eentre cele dou\u0103 institu\u021bii, precum \u0219i derularea de proiecte comune \u00een domenii \u0219tiin\u021bifice \u0219i educa\u021bionale de interes comun. Discu\u021biile au eviden\u021biat buna colaborare dintre Universitatea \u201eAlexandru Ioan Cuza\u201d din Ia\u0219i \u0219i universit\u0103\u021bi din Turcia, demarat\u0103 \u00een anul 1998 prin acordul \u00eencheiat cu EGE University of Izmir. \u00cen perioada 2010 \u2013 2022, studen\u021bii, cadrele didactice \u0219i cercet\u0103torii UAIC au efectuat 822 de vizite la institu\u021bii de \u00eenv\u0103\u021b\u0103m\u00e2nt superior din Turcia, unde au derulat stagii de studiu, predare, formare, cercetare sau au participat la diferite evenimente \u0219tiin\u021bifice. \u00cen acela\u0219i interval, cercet\u0103torii UAIC au publicat 546 de lucr\u0103ri \u0219tiin\u021bifice elaborate \u00een comun cu parteneri turci (conform Web of Science).<\/p>\n<p style=\"text-align: justify;\">De asemenea, s-a discutat \u0219i despre rezultatele bune pe care le are lectoratul de limb\u0103 turc\u0103 din cadrul UAIC, \u00eenfiin\u021bat \u00een anul 2021, afiliat Universit\u0103\u021bii Kocaeli. Av\u00e2nd \u00een vedere interesul crescut al studen\u021bilor UAIC pentru cursurile de limba turc\u0103, sus\u021binute de lectorul \u015eenel GER\u00c7EK \u00een anul academic anterior, \u00eencep\u00e2nd cu anul universitar 2022-2023, cursurile de limba turc\u0103 sunt incluse \u00een disciplinele facultative ale Facult\u0103\u021bii de Litere a UAIC.<\/p>\n<p style=\"text-align: justify;\">Bazele acordului de cooperare dintre cele dou\u0103 institu\u021bii au fost puse \u00een luna mai a acestui an, c\u00e2nd o delega\u021bie format\u0103 din prof. univ. dr. Tudorel TOADER, Rectorul UAIC, prof. univ. dr. Daniela COJOCARU, Prorector pentru rela\u0163ii interna\u0163ionale \u015fi parteneriate de studii \u015fi cercetare \u0219i conf. univ. dr. Constantin-Iulian DAMIAN, Prorector pentru programe de licen\u0163\u0103, masterat \u015fi activit\u0103\u0163i de formare a personalului didactic din \u00eenv\u0103\u0163\u0103m\u00e2ntul preuniversitar, a efectuat o vizit\u0103 de lucru la Universitatea Kocaeli din Turcia.<\/p>\n<p style=\"text-align: justify;\">\n","protected":false},"excerpt":{"rendered":"<p>Universitatea \u201eAlexandru Ioan Cuza\u201d din Ia\u0219i (UAIC) a primit mar\u021bi, 4 octombrie, vzita unei delega\u021bii&#8230; <a class=\"meta-more\" href=\"http:\/\/infois.ro\/?p=65839\">more <span class=\"meta-nav\">&raquo;<\/span><\/a><\/p>\n","protected":false},"author":2,"featured_media":65840,"comment_status":"closed","ping_status":"closed","sticky":false,"template":"","format":"standard","meta":{"footnotes":""},"categories":[12,41],"tags":[74,40,6648,15806],"aioseo_notices":[],"_links":{"self":[{"href":"http:\/\/infois.ro\/index.php?rest_route=\/wp\/v2\/posts\/65839"}],"collection":[{"href":"http:\/\/infois.ro\/index.php?rest_route=\/wp\/v2\/posts"}],"about":[{"href":"http:\/\/infois.ro\/index.php?rest_route=\/wp\/v2\/types\/post"}],"author":[{"embeddable":true,"href":"http:\/\/infois.ro\/index.php?rest_route=\/wp\/v2\/users\/2"}],"replies":[{"embeddable":true,"href":"http:\/\/infois.ro\/index.php?rest_route=%2Fwp%2Fv2%2Fcomments&post=65839"}],"version-history":[{"count":1,"href":"http:\/\/infois.ro\/index.php?rest_route=\/wp\/v2\/posts\/65839\/revisions"}],"predecessor-version":[{"id":65841,"href":"http:\/\/infois.ro\/index.php?rest_route=\/wp\/v2\/posts\/65839\/revisions\/65841"}],"wp:featuredmedia":[{"embeddable":true,"href":"http:\/\/infois.ro\/index.php?rest_route=\/wp\/v2\/media\/65840"}],"wp:attachment":[{"href":"http:\/\/infois.ro\/index.php?rest_route=%2Fwp%2Fv2%2Fmedia&parent=65839"}],"wp:term":[{"taxonomy":"category","embeddable":true,"href":"http:\/\/infois.ro\/index.php?rest_route=%2Fwp%2Fv2%2Fcategories&post=65839"},{"taxonomy":"post_tag","embeddable":true,"href":"http:\/\/infois.ro\/index.php?rest_route=%2Fwp%2Fv2%2Ftags&post=65839"}],"curies":[{"name":"wp","href":"https:\/\/api.w.org\/{rel}","templated":true}]}}