{"id":65912,"date":"2022-10-06T15:33:51","date_gmt":"2022-10-06T12:33:51","guid":{"rendered":"http:\/\/infois.ro\/?p=65912"},"modified":"2022-10-07T10:36:37","modified_gmt":"2022-10-07T07:36:37","slug":"acord-de-colaborare-incheiat-de-uaic-cu-departamentul-pentru-romanii-de-pretutindeni","status":"publish","type":"post","link":"http:\/\/infois.ro\/?p=65912","title":{"rendered":"Acord de colaborare \u00eencheiat de UAIC cu Departamentul pentru Rom\u00e2nii de Pretutindeni"},"content":{"rendered":"<p><a href=\"http:\/\/infois.ro\/wp-content\/uploads\/2022\/10\/acord-cu-departamentul.jpg\"><img loading=\"lazy\" decoding=\"async\" class=\"alignleft  wp-image-65913\" src=\"http:\/\/infois.ro\/wp-content\/uploads\/2022\/10\/acord-cu-departamentul.jpg\" alt=\"\" width=\"423\" height=\"282\" srcset=\"http:\/\/infois.ro\/wp-content\/uploads\/2022\/10\/acord-cu-departamentul.jpg 640w, http:\/\/infois.ro\/wp-content\/uploads\/2022\/10\/acord-cu-departamentul-300x200.jpg 300w\" sizes=\"(max-width: 423px) 100vw, 423px\" \/><\/a><\/p>\n<p style=\"text-align: justify;\">Universitatea \u201eAlexandru Ioan Cuza\u201d din Ia\u0219i (UAIC) a \u00eencheiat joi, 6 octombrie, un acord de colaborare cu Departamentul pentru Rom\u00e2nii de Pretutindeni din cadrul Guvernului Rom\u00e2niei.<\/p>\n<p style=\"text-align: justify;\">Cu acest prilej, \u00een Sala Senatului a UAIC a avut loc o conferin\u021b\u0103 de pres\u0103, la eveniment fiind prezen\u021bi prof. univ. dr. Tudorel TOADER \u2013 Rectorul UAIC, Gheorghe-Florin C\u00c2RCIU \u2013 Secretar de Stat, Departamentul pentru Rom\u00e2nii de Pretutindeni din cadrul Guvernului Rom\u00e2niei, acad. Victor SPINEI \u2013 Vicepre\u0219edinte al Academiei Rom\u00e2ne, Petru-Bogdan COJOCARU \u2013 Prefectul Jude\u0163ului Ia\u015fi, Maricel POPA \u2013 Senator \u00een Senatul Rom\u00e2niei, Marius Sorin DANG\u0102 \u2013 Vicepre\u0219edinte al Consiliului Jude\u0163ean Ia\u015fi, Mihai CHIRICA \u2013 Primarul Municipiului Ia\u015fi \u0219i Constantin LUPU \u2013 Consilier la Departamentul pentru Rom\u00e2nii de Pretutindeni.<\/p>\n<p style=\"text-align: justify;\">\u201eAcest moment important dorim s\u0103 fie un \u00eenceput pentru realizarea unui parteneriat strategic \u00een folosul \u0219tiin\u021bei, culturii educa\u021biei, \u00een folosul Universit\u0103\u021bii \u201eAlexandru Ioan Cuza\u201d din Ia\u0219i, al Academiei Rom\u00e2ne \u2013 Filiala Ia\u0219i \u0219i, \u00een egal\u0103 m\u0103sur\u0103, a rom\u00e2nilor de pretutindeni. Prin acest protocol punem bazele unei colabor\u0103ri mai ample \u00eentre Universitate \u0219i Departamentul pentru Rom\u00e2nii de Pretutindeni, \u00eentre misiunea academic\u0103, \u0219tiin\u021bific\u0103, cultural\u0103 pe care o avem \u0219i rom\u00e2nii de pretutindeni, \u00een principal tinerii care sunt sau doresc s\u0103 devin\u0103 studen\u021bii UAIC, dar \u0219i mediul academic, \u0219tiin\u021bific, cultural din toate \u021b\u0103rile de pe toate continentele\u201d, a declarat \u00een deschiderea conferin\u021bei prof. univ. dr. Tudorel TOADER, rectorul Universit\u0103\u021bii \u201cAlexandru Ioan Cuza\u201d.<\/p>\n<p style=\"text-align: justify;\">Acesta a precizat UAIC, \u00eempreun\u0103 cu Academia Rom\u00e2n\u0103- Filiala Ia\u0219i, prin Departamentul pentru Rom\u00e2nii de Pretutindeni, va prelua biblioteca de la Freiburg, \u00een care diaspora a publicat, a creat, a cercetat, s-a refugiat din punct de vedere ideologic. \u201cAceast\u0103 bibliotec\u0103 inestimabil\u0103 de\u021bine manuscrise, c\u0103r\u021bi, lucr\u0103ri de specialitate de la mari personalit\u0103\u021bi ale culturii rom\u00e2ne, iar fondatorii doresc s\u0103 ni le ofere nou\u0103, statului rom\u00e2n, prin UAIC \u0219i Academia Rom\u00e2n\u0103 \u2013 Filiala Ia\u0219i\u201d, a spus Tudorel TOADER.<\/p>\n<p style=\"text-align: justify;\">\u201eEste o zi istoric\u0103 pentru Departamentul pentru Rom\u00e2nii de Pretutindeni \u00eentruc\u00e2t ast\u0103zi \u00eencheiem cu Universitatea \u201eAlexandru Ioan Cuza\u201d din Ia\u0219i primul parteneriat cu o institu\u021bie de \u00eenv\u0103\u021b\u0103m\u00e2nt superior din Rom\u00e2nia. Sunt convins c\u0103 acest parteneriat este \u0219i va fi \u00een folosul rom\u00e2nilor de pretutindeni. V\u0103 asigur\u0103m de tot sprijinul \u0219i \u00eencrederea pe care le acord\u0103m educa\u021biei pe care rom\u00e2nii din afara grani\u021belor o pot primi de la universitatea dumneavoastr\u0103\u201d. a declarat, la r\u00e2ndul s\u0103u, Gheorghe-Florin C\u00c2RCIU, secretar de Stat, \u0219eful Departamentului pentru Rom\u00e2nii de Pretutindeni din Guvernul Rom\u00e2niei.<\/p>\n<p style=\"text-align: justify;\">Acordul prevede consolidarea rela\u021biilor de cooperare academic\u0103 \u0219i cultural\u0103 dintre Departamentul pentru Rom\u00e2nii de Pretutindeni din cadrul Guvernului Rom\u00e2niei \u0219i Universitatea \u201eAlexandru Ioan Cuza\u201d din Ia\u0219i \u00een vederea sprijinirii studen\u021bilor rom\u00e2ni de pretutindeni care studiaz\u0103 la UAIC \u0219i a integr\u0103rii acestora \u00een comunitatea academic\u0103 local\u0103.<\/p>\n<p style=\"text-align: justify;\">\n","protected":false},"excerpt":{"rendered":"<p>Universitatea \u201eAlexandru Ioan Cuza\u201d din Ia\u0219i (UAIC) a \u00eencheiat joi, 6 octombrie, un acord de&#8230; <a class=\"meta-more\" href=\"http:\/\/infois.ro\/?p=65912\">more <span class=\"meta-nav\">&raquo;<\/span><\/a><\/p>\n","protected":false},"author":2,"featured_media":65913,"comment_status":"closed","ping_status":"closed","sticky":false,"template":"","format":"standard","meta":{"footnotes":""},"categories":[12,41],"tags":[7848,74,15824,40,6648],"aioseo_notices":[],"_links":{"self":[{"href":"http:\/\/infois.ro\/index.php?rest_route=\/wp\/v2\/posts\/65912"}],"collection":[{"href":"http:\/\/infois.ro\/index.php?rest_route=\/wp\/v2\/posts"}],"about":[{"href":"http:\/\/infois.ro\/index.php?rest_route=\/wp\/v2\/types\/post"}],"author":[{"embeddable":true,"href":"http:\/\/infois.ro\/index.php?rest_route=\/wp\/v2\/users\/2"}],"replies":[{"embeddable":true,"href":"http:\/\/infois.ro\/index.php?rest_route=%2Fwp%2Fv2%2Fcomments&post=65912"}],"version-history":[{"count":1,"href":"http:\/\/infois.ro\/index.php?rest_route=\/wp\/v2\/posts\/65912\/revisions"}],"predecessor-version":[{"id":65914,"href":"http:\/\/infois.ro\/index.php?rest_route=\/wp\/v2\/posts\/65912\/revisions\/65914"}],"wp:featuredmedia":[{"embeddable":true,"href":"http:\/\/infois.ro\/index.php?rest_route=\/wp\/v2\/media\/65913"}],"wp:attachment":[{"href":"http:\/\/infois.ro\/index.php?rest_route=%2Fwp%2Fv2%2Fmedia&parent=65912"}],"wp:term":[{"taxonomy":"category","embeddable":true,"href":"http:\/\/infois.ro\/index.php?rest_route=%2Fwp%2Fv2%2Fcategories&post=65912"},{"taxonomy":"post_tag","embeddable":true,"href":"http:\/\/infois.ro\/index.php?rest_route=%2Fwp%2Fv2%2Ftags&post=65912"}],"curies":[{"name":"wp","href":"https:\/\/api.w.org\/{rel}","templated":true}]}}