{"id":66234,"date":"2022-10-19T10:52:57","date_gmt":"2022-10-19T07:52:57","guid":{"rendered":"http:\/\/infois.ro\/?p=66234"},"modified":"2022-10-19T11:25:18","modified_gmt":"2022-10-19T08:25:18","slug":"congres-stiintific-cu-participare-internationala-organizat-de-universitatea-de-stiintele-vietii","status":"publish","type":"post","link":"http:\/\/infois.ro\/?p=66234","title":{"rendered":"Congres \u015ftiin\u0163ific cu participare interna\u0163ional\u0103, organizat de Universitatea de \u015etiin\u0163ele Vie\u0163ii"},"content":{"rendered":"\n<p>Universitatea de \u0218tiin\u021bele Vie\u021bii \u201eIon Ionescu de la Brad\u201d (USV) din Ia\u0219i organizeaz\u0103 \u00een perioada 20 \u2013 21 octombrie Congresul \u0218tiin\u021bific Interna\u021bional \u201eLife sciencestoday for tomorrow\u201d. Al\u0103turi de cadrele didactice, cercet\u0103torii \u0219i doctoranzii din cadrul universit\u0103\u0163ii ie\u015fene, la eveniment \u015fi-au anun\u0163at participarea aproximativ 400 de participan\u021bi din Rom\u00e2nia \u0219i str\u0103in\u0103tate, la sesiunile organizate de c\u0103tre Facult\u0103\u021bile de Agricultur\u0103, Horticultur\u0103, Ingineria Resurselor Animale \u0219i Alimentare \u0219i Medicin\u0103 Veterinar\u0103, m<strong>anifestarea reprezent\u00e2nd un excelent prilej pentru cercet\u0103torii din \u00eentreaga lume de a se conecta, prin schimbul de experien\u021be \u0219tiin\u021bifice, idei \u0219i concepte inovatoare. <\/strong><\/p>\n\n\n\n<figure class=\"wp-block-image size-full is-resized\"><a href=\"http:\/\/infois.ro\/wp-content\/uploads\/2019\/09\/sediul-usamv.jpg\"><img loading=\"lazy\" decoding=\"async\" src=\"http:\/\/infois.ro\/wp-content\/uploads\/2019\/09\/sediul-usamv.jpg\" alt=\"\" class=\"wp-image-43436\" width=\"433\" height=\"288\" srcset=\"http:\/\/infois.ro\/wp-content\/uploads\/2019\/09\/sediul-usamv.jpg 640w, http:\/\/infois.ro\/wp-content\/uploads\/2019\/09\/sediul-usamv-300x200.jpg 300w\" sizes=\"(max-width: 433px) 100vw, 433px\" \/><\/a><\/figure>\n\n\n\n<p>\u201e\u00cen tematica general\u0103 abordat\u0103 se afl\u0103 ca \u0219i prezent\u0103ri \u0219i discu\u021bii subiecte de actualitate pe agenda mondial\u0103 din domeniul bioeconomiei, politicii agricole comune, biotehnologii impuse de schimb\u0103rile climatice, agricultura ecologic\u0103. \u00cen prezent\u0103rile \u0219i discu\u021biile speciali\u0219tilor din cadrul acestui Congres, vor mai fi prezentate \u0219i aspecte ale patologiei animalelor, biosecurit\u0103\u021bii alimentare, antibiorezisten\u021ba sau editarea genomului\u201d, a declarat prof. univ. dr. Liviu Miron, prorector cu cercetarea \u0219tiin\u021bific\u0103 \u0219i rela\u021biile interna\u021bionale.<\/p>\n\n\n\n<p><strong>Din str\u0103in\u0103tate, la conferin\u021ba de la Ia\u015fi vor sus\u021bine prelegeri speciali\u0219ti din<\/strong>Egipt, Fran\u021ba, Germania, Indonezia, Italia, Lituania, Olanda, Republica Moldova, Spania, Turcia, Ucraina \u0219i Ungaria.<\/p>\n\n\n\n<p>Congresul din acest an va fi dedicat celebr\u0103rii a 180 de ani de la primul Curs Superior de Agricultur\u0103 sus\u021binut de Ion Ionescu de la Brad, la Academia Mih\u0103ilean\u0103 din Ia\u0219i, \u00een martie 1842. \u00ce<strong>n anul 1841, <\/strong>Ion Ionescu de la Brad <strong>\u00eencepe predarea primelor cursuri de agricultur\u0103 la \u201eAcademia Mih\u0103ilean\u0103&#8221;, care vor dura p\u00e2n\u0103 \u00een august 1848, perioad\u0103 care \u00eel consacr\u0103 drept p\u0103rinte al \u00eenv\u0103\u0163\u0103m\u00e2ntului agricol predat \u00eentr-o institu\u0163ie de nivel superior \u015fi primul profesor agronom din \u0162\u0103rile Rom\u00e2ne. <\/strong>Prin st\u0103ruin\u021ba \u0219i exemplul s\u0103u, Ion Ionescu de la Brad a determinat oficialit\u0103\u021bile s\u0103 \u00eenfiin\u021beze \u0219i \u00eenv\u0103\u021b\u0103m\u00e2ntul agricol practic, profesional, care a evoluat \u00een timp p\u00e2n\u0103 la liceele de profil, de ast\u0103zi. Toate acestea sunt motive suficiente ca s\u0103 putem considera c\u0103 \u00eenceputul \u00eenv\u0103\u021b\u0103m\u00e2ntului agronomic superior a fost la Ia\u0219i.<a><\/a><\/p>\n","protected":false},"excerpt":{"rendered":"<p>Universitatea de \u0218tiin\u021bele Vie\u021bii \u201eIon Ionescu de la Brad\u201d (USV) din Ia\u0219i organizeaz\u0103 \u00een perioada&#8230; <a class=\"meta-more\" href=\"http:\/\/infois.ro\/?p=66234\">more <span class=\"meta-nav\">&raquo;<\/span><\/a><\/p>\n","protected":false},"author":2,"featured_media":66240,"comment_status":"closed","ping_status":"closed","sticky":false,"template":"","format":"standard","meta":{"footnotes":""},"categories":[12,41],"tags":[74],"aioseo_notices":[],"_links":{"self":[{"href":"http:\/\/infois.ro\/index.php?rest_route=\/wp\/v2\/posts\/66234"}],"collection":[{"href":"http:\/\/infois.ro\/index.php?rest_route=\/wp\/v2\/posts"}],"about":[{"href":"http:\/\/infois.ro\/index.php?rest_route=\/wp\/v2\/types\/post"}],"author":[{"embeddable":true,"href":"http:\/\/infois.ro\/index.php?rest_route=\/wp\/v2\/users\/2"}],"replies":[{"embeddable":true,"href":"http:\/\/infois.ro\/index.php?rest_route=%2Fwp%2Fv2%2Fcomments&post=66234"}],"version-history":[{"count":2,"href":"http:\/\/infois.ro\/index.php?rest_route=\/wp\/v2\/posts\/66234\/revisions"}],"predecessor-version":[{"id":66238,"href":"http:\/\/infois.ro\/index.php?rest_route=\/wp\/v2\/posts\/66234\/revisions\/66238"}],"wp:featuredmedia":[{"embeddable":true,"href":"http:\/\/infois.ro\/index.php?rest_route=\/wp\/v2\/media\/66240"}],"wp:attachment":[{"href":"http:\/\/infois.ro\/index.php?rest_route=%2Fwp%2Fv2%2Fmedia&parent=66234"}],"wp:term":[{"taxonomy":"category","embeddable":true,"href":"http:\/\/infois.ro\/index.php?rest_route=%2Fwp%2Fv2%2Fcategories&post=66234"},{"taxonomy":"post_tag","embeddable":true,"href":"http:\/\/infois.ro\/index.php?rest_route=%2Fwp%2Fv2%2Ftags&post=66234"}],"curies":[{"name":"wp","href":"https:\/\/api.w.org\/{rel}","templated":true}]}}