{"id":66307,"date":"2022-10-20T16:34:00","date_gmt":"2022-10-20T13:34:00","guid":{"rendered":"http:\/\/infois.ro\/?p=66307"},"modified":"2022-10-21T08:37:41","modified_gmt":"2022-10-21T05:37:41","slug":"universitatea-alexandru-ioan-cuza-din-iasi-aniverseaza-162-de-ani-de-la-infiintare","status":"publish","type":"post","link":"http:\/\/infois.ro\/?p=66307","title":{"rendered":"Universitatea \u201eAlexandru Ioan Cuza\u201d din Ia\u0219i aniverseaz\u0103 162 de ani de la \u00eenfiin\u021bare"},"content":{"rendered":"\n<figure class=\"wp-block-image size-full\"><a href=\"http:\/\/infois.ro\/wp-content\/uploads\/2014\/05\/universitatea-al.i.-cuza.jpg\"><img loading=\"lazy\" decoding=\"async\" width=\"640\" height=\"427\" src=\"http:\/\/infois.ro\/wp-content\/uploads\/2014\/05\/universitatea-al.i.-cuza.jpg\" alt=\"\" class=\"wp-image-11041\" srcset=\"http:\/\/infois.ro\/wp-content\/uploads\/2014\/05\/universitatea-al.i.-cuza.jpg 640w, http:\/\/infois.ro\/wp-content\/uploads\/2014\/05\/universitatea-al.i.-cuza-300x200.jpg 300w\" sizes=\"(max-width: 640px) 100vw, 640px\" \/><\/a><\/figure>\n\n\n\n<p><em>Universitatea \u201eAlexandru Ioan Cuza\u201d din Ia\u0219i (UAIC) organizeaz\u0103, \u00een perioada 20-31 octombrie o suit\u0103 de evenimente dedicate anivers\u0103rii a 162 de ani de la \u00eenfiin\u021bare.<\/em><\/p>\n\n\n\n<p><em>Ceremonia aniversar\u0103 va avea loc miercuri, 26 octombrie, la ora 11.00, \u00een Aula Magna \u201eMihai Eminescu\u201d \u0219i va include conferin\u021ba \u201eSuveranii Rom\u00e2niei \u0219i Universitatea ie\u0219ean\u0103 \u2013 Fragmentarium istoric\u201d, sus\u021binut\u0103 de prof. dr. C\u0103t\u0103lin TURLIUC, cercet\u0103tor \u0219tiin\u021bific gr. I \u00een cadrul Academiei Rom\u00e2ne, Filiala Ia\u0219i. \u00cen cadrul festivit\u0103\u021bii va fi decernat titlul de Professor Emeritus \u0219i vor fi premia\u021bi tinerii cercet\u0103tori care au ob\u021binut rezultate deosebite \u00een activitatea de cercetare \u0219tiin\u021bific\u0103 pe parcursul anului calendaristic 2021. De asemenea, se va anun\u021ba \u0219i c\u00e2\u0219tig\u0103torul Bursei \u201eSf\u00e2ntul Dumitru\u201d, oferit\u0103 de UAIC \u015fi prof. univ. dr. Dumitru OPREA, fost rector al Universit\u0103\u0163ii \u00een perioada 2000-2008. \u00centreaga ceremonie va putea fi urm\u0103rit\u0103 \u00een direct, online, pe&nbsp;<a href=\"https:\/\/www.youtube.com\/c\/UaicRo\">canalul de YouTube al UAIC<\/a>.<\/em><\/p>\n\n\n\n<p><em>S\u00e2mb\u0103t\u0103, 22 octombrie, la ora 11.00, dr. ing. Dumitru PRUNARIU va sus\u021bine conferin\u021ba \u201eExplorarea lunii de la Apollo la Artemis \u0219i mai departe\u201d, \u00een Aula Magna \u201eMihai Eminescu\u201d. Joi, 27 octombrie, \u00een intervalul orar 9.00 \u2013 13.00, va avea loc evenimentul \u201eZiua Cercet\u0103torului la UAIC\u201d, care va consta \u00eentr-o expozi\u021bie cu rezultatele activit\u0103\u021bii de cercetare \u00een Sala Pa\u0219ilor Pierdu\u021bi. Tot joi, 27 octombrie, la ora 18.00, \u00een Sala Pa\u0219ilor Pierdu\u021bi, va fi vernisat\u0103 expozi\u021bia de art\u0103 plastic\u0103 \u201eDialog \u00eentre form\u0103 \u0219i culoare\u201d, organizat\u0103 \u00een parteneriat cu Uniunea Arti\u0219tilor Plastici din Rom\u00e2nia \u0219i Uniunea Arti\u0219tilor Plastici din Republica Moldova. Duminic\u0103, 30 octombrie, la ora 11.00, va fi deschis\u0103 expozi\u021bia \u201eFlori de toamn\u0103\u201d, edi\u021bia a XLVI-a, la Gr\u0103dina Botanic\u0103 \u201eAnastasie F\u0103tu\u201d a UAIC.<\/em><\/p>\n\n\n\n<p><em>Cele 15 facult\u0103\u021bi ale UAIC organizeaz\u0103 peste 60 de evenimente academice dedicate anivers\u0103rii Universit\u0103\u021bii, incluz\u00e2nd sesiuni de comunic\u0103ri \u015ftiin\u0163ifice, expozi\u0163ii, workshopuri, conferin\u0163e, simpozioane, colocvii, dezbateri, mese rotunde \u015fi activit\u0103\u021bi sportive.<\/em><\/p>\n","protected":false},"excerpt":{"rendered":"<p>Universitatea \u201eAlexandru Ioan Cuza\u201d din Ia\u0219i (UAIC) organizeaz\u0103, \u00een perioada 20-31 octombrie o suit\u0103 de&#8230; <a class=\"meta-more\" href=\"http:\/\/infois.ro\/?p=66307\">more <span class=\"meta-nav\">&raquo;<\/span><\/a><\/p>\n","protected":false},"author":2,"featured_media":11041,"comment_status":"closed","ping_status":"closed","sticky":false,"template":"","format":"standard","meta":{"footnotes":""},"categories":[12,41],"tags":[74,3125,6142,40,15876,6648],"aioseo_notices":[],"_links":{"self":[{"href":"http:\/\/infois.ro\/index.php?rest_route=\/wp\/v2\/posts\/66307"}],"collection":[{"href":"http:\/\/infois.ro\/index.php?rest_route=\/wp\/v2\/posts"}],"about":[{"href":"http:\/\/infois.ro\/index.php?rest_route=\/wp\/v2\/types\/post"}],"author":[{"embeddable":true,"href":"http:\/\/infois.ro\/index.php?rest_route=\/wp\/v2\/users\/2"}],"replies":[{"embeddable":true,"href":"http:\/\/infois.ro\/index.php?rest_route=%2Fwp%2Fv2%2Fcomments&post=66307"}],"version-history":[{"count":1,"href":"http:\/\/infois.ro\/index.php?rest_route=\/wp\/v2\/posts\/66307\/revisions"}],"predecessor-version":[{"id":66308,"href":"http:\/\/infois.ro\/index.php?rest_route=\/wp\/v2\/posts\/66307\/revisions\/66308"}],"wp:featuredmedia":[{"embeddable":true,"href":"http:\/\/infois.ro\/index.php?rest_route=\/wp\/v2\/media\/11041"}],"wp:attachment":[{"href":"http:\/\/infois.ro\/index.php?rest_route=%2Fwp%2Fv2%2Fmedia&parent=66307"}],"wp:term":[{"taxonomy":"category","embeddable":true,"href":"http:\/\/infois.ro\/index.php?rest_route=%2Fwp%2Fv2%2Fcategories&post=66307"},{"taxonomy":"post_tag","embeddable":true,"href":"http:\/\/infois.ro\/index.php?rest_route=%2Fwp%2Fv2%2Ftags&post=66307"}],"curies":[{"name":"wp","href":"https:\/\/api.w.org\/{rel}","templated":true}]}}