{"id":66397,"date":"2022-10-24T15:40:17","date_gmt":"2022-10-24T12:40:17","guid":{"rendered":"http:\/\/infois.ro\/?p=66397"},"modified":"2022-10-24T15:40:18","modified_gmt":"2022-10-24T12:40:18","slug":"ziua-cercetatorului-la-uaic","status":"publish","type":"post","link":"http:\/\/infois.ro\/?p=66397","title":{"rendered":"\u201eZiua cercet\u0103torului la UAIC\u201d"},"content":{"rendered":"\n<p><a href=\"http:\/\/infois.ro\/wp-content\/uploads\/2022\/10\/ZIUA-CERCETATORULUI-LA-UAIC.jpg\"><img loading=\"lazy\" decoding=\"async\" class=\"alignleft  wp-image-66398\" src=\"http:\/\/infois.ro\/wp-content\/uploads\/2022\/10\/ZIUA-CERCETATORULUI-LA-UAIC.jpg\" alt=\"\" width=\"430\" height=\"242\" srcset=\"http:\/\/infois.ro\/wp-content\/uploads\/2022\/10\/ZIUA-CERCETATORULUI-LA-UAIC.jpg 640w, http:\/\/infois.ro\/wp-content\/uploads\/2022\/10\/ZIUA-CERCETATORULUI-LA-UAIC-300x169.jpg 300w, http:\/\/infois.ro\/wp-content\/uploads\/2022\/10\/ZIUA-CERCETATORULUI-LA-UAIC-140x80.jpg 140w\" sizes=\"(max-width: 430px) 100vw, 430px\" \/><\/a><\/p>\n<p style=\"text-align: justify;\">Institutul de Cercet\u0103ri Interdisciplinare al UAIC organizeaz\u0103, cu ocazia s\u0103rb\u0103toririi a 162 de ani de la \u00eenfiin\u021barea Universit\u0103\u021bii \u201eAlexandru Ioan Cuza\u201d din Ia\u0219i, evenimentul \u201eZiua cercet\u0103torului la UAIC\u201d. Evenimentul va avea loc \u00een Sala Pa\u0219ilor Pierdu\u021bi, Corpul A, \u00een data de 27 octombrie 2022, \u00eentre orele 09:00-13:00.<\/p>\n<p style=\"text-align: justify;\">\u00cen cadrul expozi\u021biei, vor fi prezentate cele mai \u00eensemnate rezultate al cercet\u0103torilor din \u0219tiin\u021bele exacte, \u0219tiin\u021bele vie\u021bii, mediului \u0219i ale p\u0103m\u00e2ntului \u0219i din \u0219tiin\u021bele umaniste \u0219i sociale. Evenimentul \u00ee\u0219i propune s\u0103 reuneasc\u0103 cadre didactice, cercet\u0103tori, studen\u021bi \u0219i reprezentan\u021bi ai publicului larg, urm\u0103rind promovarea rezultatelor ob\u021binute din activitatea de cercetare.<\/p>\n<p style=\"text-align: justify;\">Parteneri: Sta\u0163iunea de Cercetare-Dezvoltare pentru Acvacultur\u0103 \u015fi Ecologie Acvatic\u0103 Ia\u015fi, Sta\u0163iunea de Cercetare \u015fi Practic\u0103 Studen\u0163easc\u0103 \u201eIon Gugiuman\u201d Rar\u0103u, Sta\u0163iunea de Cercetare \u015fi Practic\u0103 Studen\u0163easc\u0103 \u201eSimion Mehedin\u0163i\u201d Tulnici, Sta\u021biunea de Cercet\u0103ri Fizico-Geografice \u0219i de Monitorizare a Calit\u0103\u021bii Mediului M\u0103d\u00e2rjac, jud. Ia\u0219i<\/p>\n","protected":false},"excerpt":{"rendered":"<p>Institutul de Cercet\u0103ri Interdisciplinare al UAIC organizeaz\u0103, cu ocazia s\u0103rb\u0103toririi a 162 de ani de&#8230; <a class=\"meta-more\" href=\"http:\/\/infois.ro\/?p=66397\">more <span class=\"meta-nav\">&raquo;<\/span><\/a><\/p>\n","protected":false},"author":2,"featured_media":66398,"comment_status":"closed","ping_status":"closed","sticky":false,"template":"","format":"standard","meta":{"footnotes":""},"categories":[12,41],"tags":[74,40,15893,6648,15894],"aioseo_notices":[],"_links":{"self":[{"href":"http:\/\/infois.ro\/index.php?rest_route=\/wp\/v2\/posts\/66397"}],"collection":[{"href":"http:\/\/infois.ro\/index.php?rest_route=\/wp\/v2\/posts"}],"about":[{"href":"http:\/\/infois.ro\/index.php?rest_route=\/wp\/v2\/types\/post"}],"author":[{"embeddable":true,"href":"http:\/\/infois.ro\/index.php?rest_route=\/wp\/v2\/users\/2"}],"replies":[{"embeddable":true,"href":"http:\/\/infois.ro\/index.php?rest_route=%2Fwp%2Fv2%2Fcomments&post=66397"}],"version-history":[{"count":1,"href":"http:\/\/infois.ro\/index.php?rest_route=\/wp\/v2\/posts\/66397\/revisions"}],"predecessor-version":[{"id":66399,"href":"http:\/\/infois.ro\/index.php?rest_route=\/wp\/v2\/posts\/66397\/revisions\/66399"}],"wp:featuredmedia":[{"embeddable":true,"href":"http:\/\/infois.ro\/index.php?rest_route=\/wp\/v2\/media\/66398"}],"wp:attachment":[{"href":"http:\/\/infois.ro\/index.php?rest_route=%2Fwp%2Fv2%2Fmedia&parent=66397"}],"wp:term":[{"taxonomy":"category","embeddable":true,"href":"http:\/\/infois.ro\/index.php?rest_route=%2Fwp%2Fv2%2Fcategories&post=66397"},{"taxonomy":"post_tag","embeddable":true,"href":"http:\/\/infois.ro\/index.php?rest_route=%2Fwp%2Fv2%2Ftags&post=66397"}],"curies":[{"name":"wp","href":"https:\/\/api.w.org\/{rel}","templated":true}]}}