{"id":66685,"date":"2022-11-07T15:24:10","date_gmt":"2022-11-07T13:24:10","guid":{"rendered":"http:\/\/infois.ro\/?p=66685"},"modified":"2022-11-07T15:24:10","modified_gmt":"2022-11-07T13:24:10","slug":"zilele-tuiasi-2022-85-de-ani-de-la-infiintarea-scolii-politehnice-gheorghe-asachi","status":"publish","type":"post","link":"http:\/\/infois.ro\/?p=66685","title":{"rendered":"Zilele TUIASI 2022. 85 de ani de la \u00eenfiin\u021barea \u0218colii Politehnice \u201eGheorghe Asachi\u201d"},"content":{"rendered":"<p><a href=\"http:\/\/infois.ro\/wp-content\/uploads\/2022\/11\/zilele-tuiasi-2022.jpg\"><img loading=\"lazy\" decoding=\"async\" class=\"alignleft  wp-image-66686\" src=\"http:\/\/infois.ro\/wp-content\/uploads\/2022\/11\/zilele-tuiasi-2022.jpg\" alt=\"\" width=\"344\" height=\"486\" srcset=\"http:\/\/infois.ro\/wp-content\/uploads\/2022\/11\/zilele-tuiasi-2022.jpg 640w, http:\/\/infois.ro\/wp-content\/uploads\/2022\/11\/zilele-tuiasi-2022-212x300.jpg 212w\" sizes=\"(max-width: 344px) 100vw, 344px\" \/><\/a><\/p>\n<p style=\"text-align: justify;\">Universitatea Tehnic\u0103 \u201eGheorghe Asachi\u201d din Ia\u0219i (TUIASI) celebreaz\u0103 \u00een perioada 9 \u2013 17 noiembrie 2022 85 de ani la \u00eenfiin\u021barea Institutului Politehnic ie\u0219ean \u0219i 209 ani de c\u00e2nd \u00eenv\u0103\u021batul Gheorghe Asachi a sus\u021binut primele cursuri de inginerie \u00een limba rom\u00e2n\u0103 din istoria \u021b\u0103rii, la Ia\u0219i. Pentru a marca aceste dou\u0103 momente, de Zilele TUIASI 2022 vor fi organizate mai multe evenimente care vor implica \u00eentreaga comunitate academic\u0103 a Politehnicii ie\u0219ene: de la concursuri de tip Treasure Hunt pentru studen\u021bi, la conferin\u021be omagiale \u00een care vor fi premia\u021bi profesorii seniori \u0219i cercet\u0103torii universit\u0103\u021bii, c\u00e2t \u0219i diferite manifest\u0103ri \u0219tiin\u021bifice interna\u021bionale.<\/p>\n<p style=\"text-align: justify;\">\n<p style=\"text-align: justify;\">Evenimentele vor \u00eencepe miercuri, 9 noiembrie, prin conferin\u021ba \u201eStudiile doctorale \u00een TUIASI \u2013 de la experien\u021ba personal\u0103 la voca\u021bia excelen\u021bei\u201d, care va avea loc de la ora 11.00 \u00een Sala de Conferin\u021be \u201eCristea Niculescu-Otin\u201d, de la parterul Corpului T \u2013 Rectorat. Ziua urm\u0103toare, joi, 10 noiembrie, va avea loc cea de-a XIV-a edi\u021bie a \u201eSimpozionului de Istoria \u00cenv\u0103\u021b\u0103m\u00e2ntului \u0219i \u0218tiin\u021belor Tehnice\u201d, \u00een aceea\u0219i sal\u0103, de la ora 09.00. Vineri, 11 noiembrie, cele mai bune fotografii \u00eenscrise la concursul de fotografie \u201eStuden\u021bia la TUIASI\u201d, vor fi premiate \u0219i expuse la Iulius Mall.<\/p>\n<p style=\"text-align: justify;\">\n<p style=\"text-align: justify;\">Punctul central al celebr\u0103rilor este programat pentru ziua de miercuri, 16 noiembrie, atunci c\u00e2nd va avea loc ceremonia de omagiere a 85 de ani de la \u00eentemeierea \u0218colii Politehnice \u201eGheorghe Asachi\u201d din Ia\u0219i, singura institu\u021bie de \u00eenv\u0103\u021b\u0103m\u00e2nt superior care era abilitat\u0103, la momentul respectiv, s\u0103 acorde titlul de inginer. Atunci vor fi premia\u021bi \u0219i cei mai prolifici cercet\u0103tori \u0219tiin\u021bifici din anul precedent, de la TUIASI, vor fi decernate titlurile de \u201eProfesor Emerit\u201d \u0219i \u201eProfesor Senior\u201d, c\u00e2t \u0219i cele de \u201eMembru onorific al comunit\u0103\u021bii academice\u201d.<\/p>\n<p style=\"text-align: justify;\">\u201eS\u0103rb\u0103torim \u00een acest an 209 ani de la deschiderea cursurilor primei \u0219coli de inginerie \u00een limba rom\u00e2n\u0103 din \u021bar\u0103 \u0219i 85 de ani de existen\u021b\u0103 oficial\u0103 a \u0218colii Politehnice ie\u0219ene. Se \u00eent\u00e2mpl\u0103 ca aceste anivers\u0103ri s\u0103 coexiste cu o perioad\u0103 dinamic\u0103, agitat\u0103, a \u00eenv\u0103\u021b\u0103m\u00e2ntului rom\u00e2nesc, perioad\u0103 generat\u0103 at\u00e2t de proiectul noii Legi a educa\u021biei, c\u00e2t \u0219i de revenirea la sistemul de predare \u00abfa\u021b\u0103 \u00een fa\u021b\u0103\u00bb, dup\u0103 o perioad\u0103 \u00een care no\u021biunile simbiotice dasc\u0103l-student s-au cam distan\u021bat, \u0219i, din p\u0103cate, generat\u0103 \u0219i de alterarea cadrului social \u0219i economic creat\u0103 de r\u0103zboiul din Ucraina\u201d, a declarat prof. univ. dr. ing. Dan Ca\u0219caval, rectorul TUIASI.<\/p>\n<p style=\"text-align: justify;\">\n<p style=\"text-align: justify;\">Rectorul a explicat c\u0103 acestea nu sunt singurele perioade mai dificile prin care a trecut \u00eenv\u0103\u021b\u0103m\u00e2ntul rom\u00e2nesc, \u0219i, implicit, odat\u0103 cu el, Politehnica ie\u0219ean\u0103. De aceea acesta va vorbi, \u00een discursul s\u0103u de la ceremonia de omagiere de miercuri, 16 noiembrie, despre contextul \u00een care s-a format Politehnica ie\u0219ean\u0103 \u0219i diferen\u021bele \u00eentre acel moment \u0219i cel actual.<\/p>\n<p style=\"text-align: justify;\">\n<p style=\"text-align: justify;\">\u201e\u00cen cuv\u00e2ntarea mea din acest an, prilejuit\u0103 de Zilele TUIASI, voi insista pe contextele academice de acum 209 ani, 85 de ani, contexte care nu s-au modificat substan\u021bial, ci doar au c\u0103p\u0103tat nuan\u021bele unei diploma\u021bii universitare protejate de consilii \u0219i consor\u021bii. \u00cen fapt, a\u0219a cum spunea \u0219i Oscar Wilde: \u00abmul\u021bi se doresc f\u0103uritori de istorie, dar numai oamenii adev\u0103ra\u021bi scriu istoria\u00bb. Iar Gheorghe Asachi a fost un astfel de om adev\u0103rat! La mul\u021bi ani \u0218colii lui Asachi! La mul\u021bi ani tuturor politehni\u0219tilor ie\u0219eni \u0219i prietenilor acestora!\u201d, a precizat prof. univ. dr. ing. Dan Ca\u0219caval.<\/p>\n<p style=\"text-align: justify;\">\n<p style=\"text-align: justify;\">\n","protected":false},"excerpt":{"rendered":"<p>Universitatea Tehnic\u0103 \u201eGheorghe Asachi\u201d din Ia\u0219i (TUIASI) celebreaz\u0103 \u00een perioada 9 \u2013 17 noiembrie 2022&#8230; <a class=\"meta-more\" href=\"http:\/\/infois.ro\/?p=66685\">more <span class=\"meta-nav\">&raquo;<\/span><\/a><\/p>\n","protected":false},"author":2,"featured_media":66686,"comment_status":"closed","ping_status":"closed","sticky":false,"template":"","format":"standard","meta":{"footnotes":""},"categories":[12,41],"tags":[74,3709,227,40,3276,2334,5618],"aioseo_notices":[],"_links":{"self":[{"href":"http:\/\/infois.ro\/index.php?rest_route=\/wp\/v2\/posts\/66685"}],"collection":[{"href":"http:\/\/infois.ro\/index.php?rest_route=\/wp\/v2\/posts"}],"about":[{"href":"http:\/\/infois.ro\/index.php?rest_route=\/wp\/v2\/types\/post"}],"author":[{"embeddable":true,"href":"http:\/\/infois.ro\/index.php?rest_route=\/wp\/v2\/users\/2"}],"replies":[{"embeddable":true,"href":"http:\/\/infois.ro\/index.php?rest_route=%2Fwp%2Fv2%2Fcomments&post=66685"}],"version-history":[{"count":1,"href":"http:\/\/infois.ro\/index.php?rest_route=\/wp\/v2\/posts\/66685\/revisions"}],"predecessor-version":[{"id":66687,"href":"http:\/\/infois.ro\/index.php?rest_route=\/wp\/v2\/posts\/66685\/revisions\/66687"}],"wp:featuredmedia":[{"embeddable":true,"href":"http:\/\/infois.ro\/index.php?rest_route=\/wp\/v2\/media\/66686"}],"wp:attachment":[{"href":"http:\/\/infois.ro\/index.php?rest_route=%2Fwp%2Fv2%2Fmedia&parent=66685"}],"wp:term":[{"taxonomy":"category","embeddable":true,"href":"http:\/\/infois.ro\/index.php?rest_route=%2Fwp%2Fv2%2Fcategories&post=66685"},{"taxonomy":"post_tag","embeddable":true,"href":"http:\/\/infois.ro\/index.php?rest_route=%2Fwp%2Fv2%2Ftags&post=66685"}],"curies":[{"name":"wp","href":"https:\/\/api.w.org\/{rel}","templated":true}]}}