{"id":66899,"date":"2022-11-16T15:58:58","date_gmt":"2022-11-16T13:58:58","guid":{"rendered":"http:\/\/infois.ro\/?p=66899"},"modified":"2022-11-17T08:01:16","modified_gmt":"2022-11-17T06:01:16","slug":"ziua-nationala-fara-tutun-marcata-la-colegiul-national-pedagogic-vasile-lupu","status":"publish","type":"post","link":"http:\/\/infois.ro\/?p=66899","title":{"rendered":"Ziua Na\u0163ional\u0103 F\u0103r\u0103 Tutun, marcat\u0103 la Colegiul Na\u0163ional Pedagogic &#8220;Vasile Lupu&#8221;"},"content":{"rendered":"<p><img loading=\"lazy\" decoding=\"async\" class=\" wp-image-66900 alignleft\" src=\"http:\/\/infois.ro\/wp-content\/uploads\/2022\/11\/ziua-nationala-fara-tutun-in-scoli-300x225.jpg\" alt=\"\" width=\"383\" height=\"287\" srcset=\"http:\/\/infois.ro\/wp-content\/uploads\/2022\/11\/ziua-nationala-fara-tutun-in-scoli-300x225.jpg 300w, http:\/\/infois.ro\/wp-content\/uploads\/2022\/11\/ziua-nationala-fara-tutun-in-scoli.jpg 640w\" sizes=\"(max-width: 383px) 100vw, 383px\" \/><\/p>\n<p style=\"text-align: justify;\">\u00cen fiecare an, \u00een cea de-a treia zi de joi din luna noiembrie, \u00een Rom\u00e2nia este marcat\u0103 \u201eZiua Na\u0163ional\u0103 f\u0103r\u0103 Tutun\u201d. Cu aceast\u0103 ocazie,\u00a0Colegiul Na\u021bional Pedagogic \u201dVasile Lupu\u201d , \u00een colaborare cu Spitalul Clinic de Pneumoftiziologie, organizeaz\u0103 o ac\u021biune de prezentare a riscurilor fumatului, transmi\u0163\u00e2nd, totodat\u0103, elevilor, cadrelor didactice \u0219i p\u0103rin\u021bilor mesajul: <em>Tutunul distruge s\u0103n\u0103tatea!<\/em><\/p>\n<p style=\"text-align: justify;\">&#8220;Scopul ac\u021biunii care se va desf\u0103\u0219ura la nivelul colegiului este de a motiva elevii s\u0103 r\u0103m\u00e2n\u0103 nefum\u0103tori \u0219i de a descuraja experimentarea fumatului. Totodat\u0103, campania \u00ee\u0219i propune s\u0103 determine adolescen\u021bii s\u0103 renun\u021be la fumat, s\u0103 li se explice care sunt consecin\u0163ele fumatului asupra propriei s\u0103n\u0103t\u0103\u0163i \u015fi a celor din jur \u0219i s\u0103 ofere consiliere medical\u0103 \u00een vederea renun\u021b\u0103rii la fumat&#8221;, precizeaz\u0103 organizatorii \u00eentr-un comunicat de pres\u0103.<\/p>\n<p style=\"text-align: justify;\">Joi, 17 noiembrie, la ora 13.00, speciali\u0219ti, persoane cu expertiz\u0103 \u00een domeniu &#8211; prof. univ. dr. Antigona Carmen Trofor, coordonator al Programului Na\u021bional de renun\u021bare la fumat la adul\u021bi \u0219i adolescen\u021bi 2005-2009, dr. Adriana Sorete Arbore, pneumolog senior \u0219i expert \u00een tuberculoz\u0103 \u0219i dr. Ionela Grosu Creang\u0103, medic specialist pneumolog, de la Spitalul Clinic de Pneumoftiziologie Ia\u0219i, vor implica elevii \u00eentr-o serie de activit\u0103\u021bi interactive \u0219i le vor explica c\u00e2t de mult afecteaz\u0103 tutunul s\u0103n\u0103tatea.<\/p>\n<p style=\"text-align: justify;\">Participan\u0163ii vor avea prilejul de a adresa \u00eentreb\u0103ri legate de acest subiect, de a fi implica\u021bi \u00een activit\u0103\u0163i interactive, de a participa la expozi\u021bii, prezent\u0103ri foto \u0219i video pe tot parcursul zilei.<\/p>\n<p style=\"text-align: justify;\">Prin realizarea acestei activit\u0103\u021bi, Colegiul Na\u021bional Pedagogic \u201eVasile Lupu\u201d Ia\u0219i construie\u0219te contextul necesar pentru a oferi elevilor informa\u021bii utile, astfel \u00eenc\u00e2t ei s\u0103 \u00een\u021beleag\u0103 care sunt riscurile fumatului at\u00e2t pe termen scurt, c\u00e2t \u015fi pe termen lung, dar \u0219i modul \u00een care \u00ee\u0219i pot proteja s\u0103n\u0103tatea.<\/p>\n<p style=\"text-align: justify;\">\n","protected":false},"excerpt":{"rendered":"<p>\u00cen fiecare an, \u00een cea de-a treia zi de joi din luna noiembrie, \u00een Rom\u00e2nia&#8230; <a class=\"meta-more\" href=\"http:\/\/infois.ro\/?p=66899\">more <span class=\"meta-nav\">&raquo;<\/span><\/a><\/p>\n","protected":false},"author":2,"featured_media":66900,"comment_status":"closed","ping_status":"closed","sticky":false,"template":"","format":"standard","meta":{"footnotes":""},"categories":[12,41],"tags":[74,8890,40,2215,15963],"aioseo_notices":[],"_links":{"self":[{"href":"http:\/\/infois.ro\/index.php?rest_route=\/wp\/v2\/posts\/66899"}],"collection":[{"href":"http:\/\/infois.ro\/index.php?rest_route=\/wp\/v2\/posts"}],"about":[{"href":"http:\/\/infois.ro\/index.php?rest_route=\/wp\/v2\/types\/post"}],"author":[{"embeddable":true,"href":"http:\/\/infois.ro\/index.php?rest_route=\/wp\/v2\/users\/2"}],"replies":[{"embeddable":true,"href":"http:\/\/infois.ro\/index.php?rest_route=%2Fwp%2Fv2%2Fcomments&post=66899"}],"version-history":[{"count":1,"href":"http:\/\/infois.ro\/index.php?rest_route=\/wp\/v2\/posts\/66899\/revisions"}],"predecessor-version":[{"id":66901,"href":"http:\/\/infois.ro\/index.php?rest_route=\/wp\/v2\/posts\/66899\/revisions\/66901"}],"wp:featuredmedia":[{"embeddable":true,"href":"http:\/\/infois.ro\/index.php?rest_route=\/wp\/v2\/media\/66900"}],"wp:attachment":[{"href":"http:\/\/infois.ro\/index.php?rest_route=%2Fwp%2Fv2%2Fmedia&parent=66899"}],"wp:term":[{"taxonomy":"category","embeddable":true,"href":"http:\/\/infois.ro\/index.php?rest_route=%2Fwp%2Fv2%2Fcategories&post=66899"},{"taxonomy":"post_tag","embeddable":true,"href":"http:\/\/infois.ro\/index.php?rest_route=%2Fwp%2Fv2%2Ftags&post=66899"}],"curies":[{"name":"wp","href":"https:\/\/api.w.org\/{rel}","templated":true}]}}