{"id":67152,"date":"2022-11-24T17:29:08","date_gmt":"2022-11-24T15:29:08","guid":{"rendered":"http:\/\/infois.ro\/?p=67152"},"modified":"2022-11-25T07:30:44","modified_gmt":"2022-11-25T05:30:44","slug":"unda-verde-pentru-inceperea-lucrarilor-de-reabilitare-a-gradinitei-cu-program-normal-nr-13","status":"publish","type":"post","link":"http:\/\/infois.ro\/?p=67152","title":{"rendered":"&#8220;Und\u0103 verde&#8221; pentru \u00eenceperea lucr\u0103rilor de reabilitare a gr\u0103dini\u0163ei cu program normal nr. 13"},"content":{"rendered":"<p><img loading=\"lazy\" decoding=\"async\" class=\"alignleft  wp-image-67153\" src=\"http:\/\/infois.ro\/wp-content\/uploads\/2022\/11\/gradinita-13.jpg\" alt=\"\" width=\"395\" height=\"284\" srcset=\"http:\/\/infois.ro\/wp-content\/uploads\/2022\/11\/gradinita-13.jpg 640w, http:\/\/infois.ro\/wp-content\/uploads\/2022\/11\/gradinita-13-390x280.jpg 390w\" sizes=\"(max-width: 395px) 100vw, 395px\" \/><\/p>\n<p style=\"text-align: justify;\">Consilierii locali ie\u015feni au aprobat \u00een \u015fedin\u0163a de joi documenta\u0163ia \u015fi proiectul tehnic \u0219i de execu\u0163ie a indicatorilor tehnico-economici precum \u015fi devizul general pentru obiectivul \u201eReabilitare Gr\u0103dini\u0163a cu Program Normal nr. 13\u201d, situat\u0103 la intersec\u021bia str\u0103zilor Arcu \u0219i Graviil Musicescu, investi\u0163ie \u00een valoare total\u0103 de 5.078.933,99 de lei, inclusiv TVA.Durata prognozat\u0103 pentru realizarea investi\u0163iei este de 36 luni, din care durata de execu\u0163ie a lucr\u0103rilor este de 24 luni.<\/p>\n<p style=\"text-align: justify;\">Potrivit notei de fundamentarer, lucr\u0103rile vizeaz\u0103 refacerea zonelor fisurate sau cr\u0103pate ale zid\u0103riei \u0219i realizarea elementelor din beton armat. Corni\u015fele se vor reface din zid\u0103rie de c\u0103r\u0103mid\u0103 dispuse pe o structur\u0103 metalic\u0103, se va realiza c\u0103m\u0103\u0219uirea co\u015furilor de fum din zid\u0103rie, se vor realiza repara\u0163ii locale la nivelul plan\u0219eului de lemn. La nivelul podului se vor realiza centuri, se vor verifica toate elementele din lemn de peste parter, se vor verifica toate elementele din lemn din componen\u021ba \u015farpantei, fiind prev\u0103zute solu\u0163ii de consolidare local\u0103 sau eventual \u00eenlocuire complet\u0103.<\/p>\n","protected":false},"excerpt":{"rendered":"<p>Consilierii locali ie\u015feni au aprobat \u00een \u015fedin\u0163a de joi documenta\u0163ia \u015fi proiectul tehnic \u0219i de&#8230; <a class=\"meta-more\" href=\"http:\/\/infois.ro\/?p=67152\">more <span class=\"meta-nav\">&raquo;<\/span><\/a><\/p>\n","protected":false},"author":2,"featured_media":67153,"comment_status":"closed","ping_status":"closed","sticky":false,"template":"","format":"standard","meta":{"footnotes":""},"categories":[12,41],"tags":[74,15999,40,2700],"aioseo_notices":[],"_links":{"self":[{"href":"http:\/\/infois.ro\/index.php?rest_route=\/wp\/v2\/posts\/67152"}],"collection":[{"href":"http:\/\/infois.ro\/index.php?rest_route=\/wp\/v2\/posts"}],"about":[{"href":"http:\/\/infois.ro\/index.php?rest_route=\/wp\/v2\/types\/post"}],"author":[{"embeddable":true,"href":"http:\/\/infois.ro\/index.php?rest_route=\/wp\/v2\/users\/2"}],"replies":[{"embeddable":true,"href":"http:\/\/infois.ro\/index.php?rest_route=%2Fwp%2Fv2%2Fcomments&post=67152"}],"version-history":[{"count":1,"href":"http:\/\/infois.ro\/index.php?rest_route=\/wp\/v2\/posts\/67152\/revisions"}],"predecessor-version":[{"id":67154,"href":"http:\/\/infois.ro\/index.php?rest_route=\/wp\/v2\/posts\/67152\/revisions\/67154"}],"wp:featuredmedia":[{"embeddable":true,"href":"http:\/\/infois.ro\/index.php?rest_route=\/wp\/v2\/media\/67153"}],"wp:attachment":[{"href":"http:\/\/infois.ro\/index.php?rest_route=%2Fwp%2Fv2%2Fmedia&parent=67152"}],"wp:term":[{"taxonomy":"category","embeddable":true,"href":"http:\/\/infois.ro\/index.php?rest_route=%2Fwp%2Fv2%2Fcategories&post=67152"},{"taxonomy":"post_tag","embeddable":true,"href":"http:\/\/infois.ro\/index.php?rest_route=%2Fwp%2Fv2%2Ftags&post=67152"}],"curies":[{"name":"wp","href":"https:\/\/api.w.org\/{rel}","templated":true}]}}