{"id":67183,"date":"2022-11-25T17:14:59","date_gmt":"2022-11-25T15:14:59","guid":{"rendered":"http:\/\/infois.ro\/?p=67183"},"modified":"2022-11-26T07:24:26","modified_gmt":"2022-11-26T05:24:26","slug":"dezbatere-despre-corelarea-ofertei-educationale-cu-cerintele-de-pe-piata-muncii-la-universitatea-alexandru-ioan-cuza","status":"publish","type":"post","link":"http:\/\/infois.ro\/?p=67183","title":{"rendered":"Dezbatere despre corelarea ofertei educa\u0163ionale cu cerin\u021bele de pe pia\u0163a muncii, la Universitatea &#8220;Alexandru Ioan Cuza&#8221;"},"content":{"rendered":"<p style=\"text-align: justify;\"><img loading=\"lazy\" decoding=\"async\" class=\"alignleft  wp-image-24761\" src=\"http:\/\/infois.ro\/wp-content\/uploads\/2016\/08\/cuza.jpg\" alt=\"\" width=\"402\" height=\"319\" srcset=\"http:\/\/infois.ro\/wp-content\/uploads\/2016\/08\/cuza.jpg 640w, http:\/\/infois.ro\/wp-content\/uploads\/2016\/08\/cuza-300x238.jpg 300w\" sizes=\"(max-width: 402px) 100vw, 402px\" \/>Universitatea \u201eAlexandru Ioan Cuza\u201d din Ia\u0219i (UAIC) \u2013 Facultatea de Economie \u015fi Administrarea Afacerilor (FEAA) a organizat, \u00een data de 24 noiembrie, o dezbatere despre corelarea ofertei educa\u0163ionale cu cerin\u0163ele angajatorilor pe pia\u0163a muncii, \u00een contextul posibilit\u0103\u0163ii apari\u0163iei \u00eenv\u0103\u0163\u0103m\u00e2ntului universitar dual.<\/p>\n<p style=\"text-align: justify;\">\u00cent\u00e2lnirea a fost organizat\u0103 \u00een cadrul proiectului institu\u0163ional CNFIS-FDI-2022-0553 \u2013 ACCESS 2.0 &#8211; \u201eDezvoltarea rela\u0163iilor interinstitu\u0163ionale \u015fi a parteneriatelor cu mediul economico-social prin corelarea ofertei educa\u0163ionale cu cererea pie\u0163ei muncii, consilierea \u015fi orientarea \u00een carier\u0103\u201d.<\/p>\n<p style=\"text-align: justify;\">La eveniment au participat studen\u021bi, cadre didactice din cadrul Facult\u0103\u021bii de Economie \u015fi Administrarea Afacerilor \u0219i reprezentan\u0163i ai urm\u0103toarelor organiza\u021bii: Camera de Comer\u0163 \u015fi Industrie Ia\u015fi, Antibiotice, AJOFM Ia\u015fi, Organiza\u021bia Femeilor Antreprenor &#8211; OFA UGIR, Romanian Business Leaders, BorgWarner, Conduent, SCC, Funda\u0163ia \u201eAl\u0103turi de Voi\u201d, Iulius Center, BDO Rom\u00e2nia, Coaching Partners, Avisso, Ageo Events, Prim\u0103ria Ia\u015fi \u0219i Raiffeisen Bank.<\/p>\n<p style=\"text-align: justify;\">Pe parcursul dezbaterii s-a discutat despre competen\u0163ele pe care studen\u0163ii \u015fi le \u00eensu\u015fesc \u00een mediul universitar \u0219i desprenecesitatea complet\u0103rii acestora prin transferul de cuno\u0219tin\u021be de la angajatori.Participan\u021bii au subliniatfaptul c\u0103, de\u0219i notele studen\u021bilor nu sunt \u00eentotdeauna criterii primare de selec\u021bie la angajare, acesteasunt relevantedeoarece se reflect\u0103 \u00een profesionalismul dovedit ulterior de angaja\u0163i. De asemenea, angajatorii din regiunea de Nord-Este prezen\u021bi la eveniment consider\u0103 prioritar\u0103 atragerea \u015fi men\u0163inerea resursei umane \u00een organiza\u0163ii prin pachete salariale atractive.<\/p>\n<p style=\"text-align: justify;\">Un aspectimportantabordat \u00een cadrul \u00eent\u00e2lnirii a fost despre posibilitatea implement\u0103rii \u00eenv\u0103\u0163\u0103m\u00e2ntului universitar dual la Facultatea de Economie \u015fi Administrarea Afacerilor. Angajatorii au fost receptivi la implicarea \u00een implementarea unor astfel de programe, preciz\u00e2nd c\u0103, \u00een prezent, cadrul legislativ nu este \u00eenc\u0103 suficient de clar \u0219i de complet pentru agen\u0163ii economici. De asemenea, a fost eviden\u021biat\u0103 nevoia sus\u021binerii financiare pentru studen\u0163i \u015fi angajatori, cei prezen\u021bi preciz\u00e2nd faptul c\u0103 bursele sau alte beneficii financiare i-ar motiva pe studen\u021bi s\u0103 urmeze astfel de programe. Pe de alt\u0103 parte, angajatorii ar putea beneficia de scutiri de taxe, impozite \u0219i deducerea sumelor investite \u00een astfel de colabor\u0103ri, pentru a fi stimula\u021bi s\u0103 devin\u0103 parteneri ai programelor. Totodat\u0103, s-a subliniat \u0219i faptul c\u0103 prin organizarea unorprograme \u00een sistem universitar dual, angajatorii ar putea beneficia de o baz\u0103 de selec\u021bie mai diversificat\u0103.<\/p>\n<p style=\"text-align: justify;\">Reprezentantul Ligii Studen\u021bilor Economi\u0219ti (LSE)\u00a0 a sus\u021binut faptul c\u0103 asocia\u0163iile studen\u0163e\u015fti ar trebui s\u0103 fie implicate \u00een intermedierea facultate \u2013 angajator \u2013 student \u00een \u00eenv\u0103\u0163\u0103m\u00e2ntul universitar dual.<\/p>\n<p style=\"text-align: justify;\">Evenimentul a constituit un bun prilej de consolidare a rela\u0163iei dintre mediul academic universitar \u015fi mediul de afaceri, \u00een vederea adapt\u0103rii continue a ofertei academice la cerin\u021bele de pe pia\u021ba muncii.<\/p>\n<p style=\"text-align: justify;\">La finalul evenimentului, conducerea Facult\u0103\u021bii de Economie \u0219i Administrarea Afacerilor \u0219i-a exprimat dorin\u021ba de a consolida rela\u021bia cu angajatorii prezen\u0163i, ca parteneri pentru definirea viitoarelor programe de tip \u00eenv\u0103\u021b\u0103m\u00e2nt dual universitar de afaceri.<\/p>\n<p style=\"text-align: justify;\">\n<p style=\"text-align: justify;\">\n","protected":false},"excerpt":{"rendered":"<p>Universitatea \u201eAlexandru Ioan Cuza\u201d din Ia\u0219i (UAIC) \u2013 Facultatea de Economie \u015fi Administrarea Afacerilor (FEAA)&#8230; <a class=\"meta-more\" href=\"http:\/\/infois.ro\/?p=67183\">more <span class=\"meta-nav\">&raquo;<\/span><\/a><\/p>\n","protected":false},"author":2,"featured_media":24761,"comment_status":"closed","ping_status":"closed","sticky":false,"template":"","format":"standard","meta":{"footnotes":""},"categories":[12,41],"tags":[74,2507,40,4150,579,3112,6648],"aioseo_notices":[],"_links":{"self":[{"href":"http:\/\/infois.ro\/index.php?rest_route=\/wp\/v2\/posts\/67183"}],"collection":[{"href":"http:\/\/infois.ro\/index.php?rest_route=\/wp\/v2\/posts"}],"about":[{"href":"http:\/\/infois.ro\/index.php?rest_route=\/wp\/v2\/types\/post"}],"author":[{"embeddable":true,"href":"http:\/\/infois.ro\/index.php?rest_route=\/wp\/v2\/users\/2"}],"replies":[{"embeddable":true,"href":"http:\/\/infois.ro\/index.php?rest_route=%2Fwp%2Fv2%2Fcomments&post=67183"}],"version-history":[{"count":1,"href":"http:\/\/infois.ro\/index.php?rest_route=\/wp\/v2\/posts\/67183\/revisions"}],"predecessor-version":[{"id":67184,"href":"http:\/\/infois.ro\/index.php?rest_route=\/wp\/v2\/posts\/67183\/revisions\/67184"}],"wp:featuredmedia":[{"embeddable":true,"href":"http:\/\/infois.ro\/index.php?rest_route=\/wp\/v2\/media\/24761"}],"wp:attachment":[{"href":"http:\/\/infois.ro\/index.php?rest_route=%2Fwp%2Fv2%2Fmedia&parent=67183"}],"wp:term":[{"taxonomy":"category","embeddable":true,"href":"http:\/\/infois.ro\/index.php?rest_route=%2Fwp%2Fv2%2Fcategories&post=67183"},{"taxonomy":"post_tag","embeddable":true,"href":"http:\/\/infois.ro\/index.php?rest_route=%2Fwp%2Fv2%2Ftags&post=67183"}],"curies":[{"name":"wp","href":"https:\/\/api.w.org\/{rel}","templated":true}]}}