{"id":68434,"date":"2023-01-31T18:44:23","date_gmt":"2023-01-31T16:44:23","guid":{"rendered":"http:\/\/infois.ro\/?p=68434"},"modified":"2023-02-01T09:46:33","modified_gmt":"2023-02-01T07:46:33","slug":"primul-atelier-floral-sustenabil-din-zona-moldovei-infiintat-de-doi-absolventi-ai-universitatii-de-stiintele-vietii","status":"publish","type":"post","link":"http:\/\/infois.ro\/?p=68434","title":{"rendered":"Primul atelier floral sustenabil din zona Moldovei, \u00eenfiin\u0163at de doi absolven\u0163i ai Universit\u0103\u0163ii de \u015etiin\u0163ele Vie\u0163ii"},"content":{"rendered":"<p><img loading=\"lazy\" decoding=\"async\" class=\"size-medium wp-image-68435 alignleft\" src=\"http:\/\/infois.ro\/wp-content\/uploads\/2023\/02\/atelier-floral-sustenabil-390x187.jpg\" alt=\"\" width=\"390\" height=\"187\" srcset=\"http:\/\/infois.ro\/wp-content\/uploads\/2023\/02\/atelier-floral-sustenabil-390x187.jpg 390w, http:\/\/infois.ro\/wp-content\/uploads\/2023\/02\/atelier-floral-sustenabil.jpg 640w\" sizes=\"(max-width: 390px) 100vw, 390px\" \/><\/p>\n<p style=\"text-align: justify;\">Iosif \u0219i Cristina P\u0103duraru, absolven\u021bi ai Universit\u0103\u021bii de \u0218tiin\u021bele Vie\u021bii \u201eIon Ionescu de la Brad\u201d din Ia\u015fi (USV), ambii cu studii de licen\u021b\u0103 \u0219i de masterat \u00een Peisagistic\u0103, au \u00eenfiin\u021bat primul atelier floral sustenabil din zona Moldovei cu ajutorul fondurilor europene.<\/p>\n<p style=\"text-align: justify;\"><strong>\u00a0<\/strong><\/p>\n<p style=\"text-align: justify;\">Buretele floral din roc\u0103 bazaltic\u0103 natural\u0103, evitarea ambalajelor, colaborarea cu produc\u0103torii \u0219i cultivatori locali sunt principiile pe care le au tinerii absolven\u021bi care militeaz\u0103 pentru o comunitate educat\u0103 \u00een direc\u021bii sustenabile \u0219i responsabile, prin arta florilor.<\/p>\n<p style=\"text-align: justify;\">\n<p style=\"text-align: justify;\">\u201eNe-am integrat \u00een breasla inginerilor peisagi\u0219ti din Ia\u0219i \u00eenc\u0103 de la finalizarea celor patru ani de facultate lucr\u00e2nd la o firma de design peisager unde ne ocup\u0103m de proiectare 3D prin care redam spa\u021biilor nefunc\u021bionale noi \u00eensu\u0219iri practice \u0219i un design estetic pl\u0103cut. Visul unui business \u00een lumea florilor a luat na\u0219tere recunosc, \u00een inima so\u021biei, \u0219i dup\u0103 cum zice principiul &lt;happy wife- happy life&gt;, adevenit imediat visul nostru, \u0219i iat\u0103-ne ast\u0103zi aici, cu ajutorul &lt;fondurilor POCU-preg\u0103tit pentru viitor&gt;, am reu\u0219it\u201d, afirm\u0103 Iosif P\u0103duraru.<\/p>\n<p style=\"text-align: justify;\">\n<p style=\"text-align: justify;\">Conform statisticilor, la nivel mondial, \u00een industria floriculturii sunt folosite anual aproximativ o sut\u0103 de mii de tone de plastic, din care doar aproximativ 30 de tone sunt reciclate.<\/p>\n<p style=\"text-align: justify;\">\n<p style=\"text-align: justify;\">\u201eOpt\u0103m mereu pentru practici c\u00e2t mai ecologice care s\u0103 permit\u0103 dezvoltarea continu\u0103 a afacerii pe termen lung f\u0103r\u0103 a afecta resursele sau mediul. Astfel, \u00eencerc\u0103m s\u0103 diminuam pe c\u00e2t posibil de\u0219eurile, reutiliz\u0103m ambalajele \u00een care florile sunt distribuite, materialele cu care lucr\u0103m sunt eco-friendly, bazate pe h\u00e2rtie, s\u00e2rma sau textile. La Everbloom folosim un tip de burete floral realizat din roca bazaltica natural\u0103 care are o multitudine de beneficii, cum ar fi absorb\u021bia rapid\u0103 a apei, ofer\u0103 un pH optim florilor \u0219i implicit o durat\u0103 de via\u021b\u0103 mai lung\u0103 a aranjamentelor, dar cea mai important\u0103 caracteristic\u0103 este faptul c\u0103 se poate reutiliza drept substrat, fie pentru cultivarea semin\u021belor sau buta\u0219ilor se poate pune ca o completare la solul din ghivecele cu plante de interior\u201d, a exemplificat Cristina P\u0103duraru.<\/p>\n<p style=\"text-align: justify;\">\n<p style=\"text-align: justify;\">Printre practicile sustenabile folosite mai men\u021bion\u0103m folosirea s\u00e2rmei pentru stabilizarea florilor \u00een vasele cu ap\u0103, colaborarea cu me\u0219terii populari pentru achizi\u021bionarea vaselor de lut realizate handmade \u00een zona Bucovinei, vase speciale care ofer\u0103 apa \u0219i umiditatea optim\u0103 plantelor la ghiveci reduc\u00e2nd consumul de ap\u0103.<\/p>\n<p style=\"text-align: justify;\">\n<p style=\"text-align: justify;\">\u201eDin echipa noastr\u0103 fac parte persoane care \u00een\u021beleg tainele plantelor de interior \u0219i frumuse\u021bea florilor t\u0103iate, care au cuno\u0219tin\u021be despre nevoile fiziologice \u0219i climatice, care cunosc genurile \u0219i soiurile de plante sau flori, dar mai presus de toate, iubesc plantele. Everbloom Sustainable Floral Design este locul unde pute\u021bi g\u0103si aranjamente \u0219i crea\u021bii florale realizate cu drag \u0219i pasiune \u0219i totodat\u0103 responsabil. Ne dorim ca oamenii s\u0103 nu plece la fel cum au venit, dup\u0103 o vizita \u00een flor\u0103ria noastr\u0103, ci s\u0103-i molipsim cu grija noastr\u0103 pentru flori \u0219i mediu\u201d, a mai spus Cristina P\u0103duraru.<\/p>\n<p style=\"text-align: justify;\">\n","protected":false},"excerpt":{"rendered":"<p>Iosif \u0219i Cristina P\u0103duraru, absolven\u021bi ai Universit\u0103\u021bii de \u0218tiin\u021bele Vie\u021bii \u201eIon Ionescu de la Brad\u201d&#8230; <a class=\"meta-more\" href=\"http:\/\/infois.ro\/?p=68434\">more <span class=\"meta-nav\">&raquo;<\/span><\/a><\/p>\n","protected":false},"author":2,"featured_media":68435,"comment_status":"closed","ping_status":"closed","sticky":false,"template":"","format":"standard","meta":{"footnotes":""},"categories":[12,41],"tags":[74,16177,16179,40,16178],"aioseo_notices":[],"_links":{"self":[{"href":"http:\/\/infois.ro\/index.php?rest_route=\/wp\/v2\/posts\/68434"}],"collection":[{"href":"http:\/\/infois.ro\/index.php?rest_route=\/wp\/v2\/posts"}],"about":[{"href":"http:\/\/infois.ro\/index.php?rest_route=\/wp\/v2\/types\/post"}],"author":[{"embeddable":true,"href":"http:\/\/infois.ro\/index.php?rest_route=\/wp\/v2\/users\/2"}],"replies":[{"embeddable":true,"href":"http:\/\/infois.ro\/index.php?rest_route=%2Fwp%2Fv2%2Fcomments&post=68434"}],"version-history":[{"count":1,"href":"http:\/\/infois.ro\/index.php?rest_route=\/wp\/v2\/posts\/68434\/revisions"}],"predecessor-version":[{"id":68436,"href":"http:\/\/infois.ro\/index.php?rest_route=\/wp\/v2\/posts\/68434\/revisions\/68436"}],"wp:featuredmedia":[{"embeddable":true,"href":"http:\/\/infois.ro\/index.php?rest_route=\/wp\/v2\/media\/68435"}],"wp:attachment":[{"href":"http:\/\/infois.ro\/index.php?rest_route=%2Fwp%2Fv2%2Fmedia&parent=68434"}],"wp:term":[{"taxonomy":"category","embeddable":true,"href":"http:\/\/infois.ro\/index.php?rest_route=%2Fwp%2Fv2%2Fcategories&post=68434"},{"taxonomy":"post_tag","embeddable":true,"href":"http:\/\/infois.ro\/index.php?rest_route=%2Fwp%2Fv2%2Ftags&post=68434"}],"curies":[{"name":"wp","href":"https:\/\/api.w.org\/{rel}","templated":true}]}}