{"id":68910,"date":"2023-02-22T18:48:28","date_gmt":"2023-02-22T16:48:28","guid":{"rendered":"http:\/\/infois.ro\/?p=68910"},"modified":"2023-02-23T08:53:27","modified_gmt":"2023-02-23T06:53:27","slug":"primarul-mihai-chirica-prezent-la-lucrarile-forumului-economic-de-la-chisinau","status":"publish","type":"post","link":"http:\/\/infois.ro\/?p=68910","title":{"rendered":"Primarul Mihai Chirica, prezent la lucr\u0103rile Forumului Economic de la Chi\u015fin\u0103u"},"content":{"rendered":"<p><img loading=\"lazy\" decoding=\"async\" class=\"size-medium wp-image-68911 alignleft\" src=\"http:\/\/infois.ro\/wp-content\/uploads\/2023\/02\/forum-chisinau5-390x219.jpg\" alt=\"\" width=\"390\" height=\"219\" srcset=\"http:\/\/infois.ro\/wp-content\/uploads\/2023\/02\/forum-chisinau5-390x219.jpg 390w, http:\/\/infois.ro\/wp-content\/uploads\/2023\/02\/forum-chisinau5-140x80.jpg 140w, http:\/\/infois.ro\/wp-content\/uploads\/2023\/02\/forum-chisinau5.jpg 640w\" sizes=\"(max-width: 390px) 100vw, 390px\" \/><\/p>\n<p style=\"text-align: justify;\">\u00cen perioada 22-23 februarie, la Chi\u015fin\u0103u se desf\u0103\u015foar\u0103 Forumul Economnic \u201eInvesti\u021bii\/Dezvoltare\/Integrare European\u0103\u201d, eveniment organizat sub auspiciile Familiei Regale a Rom\u00e2niei \u0219i a Ambasadei Rom\u00e2niei \u00een Republica Moldova, la care particip\u0103 oameni de afaceri, mini\u0219tri, ambasadori \u0219i primari din Rom\u00e2nia, Germania, Italia, Polonia \u015fi Republica Moldova.<\/p>\n<p style=\"text-align: justify;\">\n<p style=\"text-align: justify;\">La forum sunt prezen\u0163i peste 200 de reprezentan\u021bi de companii rom\u00e2ne\u0219ti, moldovene \u0219i str\u0103ine, interesa\u021bi de colaborarea economic\u0103 cu Republica Moldova. Casa Regal\u0103 a Rom\u00e2niei este reprezentat\u0103 de Alte\u0163a Sa Regal\u0103 Radu, Principele-Consort al Majest\u0103\u0163ii Sale Margareta, Custodele Casei Regale a Rom\u00e2niei. De asemenea, la lucr\u0103rile forumului sunt prezen\u0163i primarul municipiului Ia\u015fi, Mihai Chirica, \u015fi\u00a0 pre\u015fedintele Camerei de Comer\u0163 \u015fi Industrie Ia\u015fi, Paul Butnariu.<\/p>\n<p style=\"text-align: justify;\"><img loading=\"lazy\" decoding=\"async\" class=\"size-medium wp-image-68912 alignright\" src=\"http:\/\/infois.ro\/wp-content\/uploads\/2023\/02\/forum-chisinau1-390x293.jpg\" alt=\"\" width=\"390\" height=\"293\" srcset=\"http:\/\/infois.ro\/wp-content\/uploads\/2023\/02\/forum-chisinau1-390x293.jpg 390w, http:\/\/infois.ro\/wp-content\/uploads\/2023\/02\/forum-chisinau1.jpg 640w\" sizes=\"(max-width: 390px) 100vw, 390px\" \/><\/p>\n<p style=\"text-align: justify;\">La deschiderea oficial\u0103 a evenimentului, care a avut loc miercuri, 22 februarie, la Complexul Expozi\u0163ional &#8220;Digital Park&#8221;, au fost prezen\u0163i Dorin Recean, premierul Republicii Moldova, Igor Grosu, pre\u0219edintele Parlamentului Republicii Moldova, mini\u015ftri \u015fi reprezentan\u0163i ai mediului de afaceri .<\/p>\n<p style=\"text-align: justify;\">\u00cen cuv\u00e2ntul s\u0103u, premierul Dorin Recean a declarat c\u0103 Republica Moldova reprezint\u0103 un mediu propice pentru oamenii de afaceri, care sunt a\u015ftepta\u0163i s\u0103 investeasc\u0103 masiv \u00een \u0163ar\u0103. \u00cen acest context, \u015feful Executivului de la Chi\u015fin\u0103u a enumerat motivele care stau la baza atragerii firmelor str\u0103ine pentru a investi \u00een Republica Moldova. Printre acestea, a spus Dorin Recean, o legisla\u0163ie &#8220;prietenoas\u0103&#8221; cu mediul de afaceri, accesul la pia\u0163a de capital, accesul la resursele umane, accesul la finan\u0163are, digitalizarea \u015fi, nu \u00een ultimul r\u00e2nd, proiecte multiple \u00een domeniul infrastructurii rutiere \u015fi energetice.\u00a0 <img loading=\"lazy\" decoding=\"async\" class=\"size-medium wp-image-68913 alignleft\" src=\"http:\/\/infois.ro\/wp-content\/uploads\/2023\/02\/forum-chisinau2-390x293.jpg\" alt=\"\" width=\"390\" height=\"293\" srcset=\"http:\/\/infois.ro\/wp-content\/uploads\/2023\/02\/forum-chisinau2-390x293.jpg 390w, http:\/\/infois.ro\/wp-content\/uploads\/2023\/02\/forum-chisinau2.jpg 640w\" sizes=\"(max-width: 390px) 100vw, 390px\" \/><\/p>\n<p style=\"text-align: justify;\">La r\u00e2ndul s\u0103u, primarul municipiului Ia\u015fi, Mihai Chirica, a subliniat necesitatea ca oamenii de afaceri din Rom\u00e2nia s\u0103 investeasc\u0103 cu mai mult\u0103 \u00eencredere \u00een st\u00e2nga Prutului \u015fi s\u0103 \u00eemp\u0103rt\u0103\u015feasc\u0103 din experien\u0163a lor colegilor din Republica Moldova. &#8220;Trebuie s\u0103 r\u0103m\u00e2nem aproape de Basarabia, trebuie ajuta\u021bi s\u0103 intre \u00een Comunitatea European\u0103, trebuie s\u0103 \u00eenve\u021be din gre\u0219elile noastre, trebuie s\u0103 sprijinim \u0219i s\u0103 acceler\u0103m acest proces!&#8221;, a afirmat primarul Ia\u015fului, Mihai Chirica.<\/p>\n<p><img loading=\"lazy\" decoding=\"async\" class=\"alignnone size-medium wp-image-68914\" src=\"http:\/\/infois.ro\/wp-content\/uploads\/2023\/02\/forum-chisinau3-293x390.jpg\" alt=\"\" width=\"293\" height=\"390\" srcset=\"http:\/\/infois.ro\/wp-content\/uploads\/2023\/02\/forum-chisinau3-293x390.jpg 293w, http:\/\/infois.ro\/wp-content\/uploads\/2023\/02\/forum-chisinau3.jpg 640w\" sizes=\"(max-width: 293px) 100vw, 293px\" \/><\/p>\n<p><img loading=\"lazy\" decoding=\"async\" class=\"alignnone size-medium wp-image-68915\" src=\"http:\/\/infois.ro\/wp-content\/uploads\/2023\/02\/forum-chisinau4-390x259.jpg\" alt=\"\" width=\"390\" height=\"259\" srcset=\"http:\/\/infois.ro\/wp-content\/uploads\/2023\/02\/forum-chisinau4-390x259.jpg 390w, http:\/\/infois.ro\/wp-content\/uploads\/2023\/02\/forum-chisinau4.jpg 640w\" sizes=\"(max-width: 390px) 100vw, 390px\" \/><\/p>\n","protected":false},"excerpt":{"rendered":"<p>\u00cen perioada 22-23 februarie, la Chi\u015fin\u0103u se desf\u0103\u015foar\u0103 Forumul Economnic \u201eInvesti\u021bii\/Dezvoltare\/Integrare European\u0103\u201d, eveniment organizat sub&#8230; <a class=\"meta-more\" href=\"http:\/\/infois.ro\/?p=68910\">more <span class=\"meta-nav\">&raquo;<\/span><\/a><\/p>\n","protected":false},"author":2,"featured_media":68913,"comment_status":"closed","ping_status":"closed","sticky":false,"template":"","format":"standard","meta":{"footnotes":""},"categories":[1,41],"tags":[74,16261,9130,1126,1822,40,1583],"aioseo_notices":[],"_links":{"self":[{"href":"http:\/\/infois.ro\/index.php?rest_route=\/wp\/v2\/posts\/68910"}],"collection":[{"href":"http:\/\/infois.ro\/index.php?rest_route=\/wp\/v2\/posts"}],"about":[{"href":"http:\/\/infois.ro\/index.php?rest_route=\/wp\/v2\/types\/post"}],"author":[{"embeddable":true,"href":"http:\/\/infois.ro\/index.php?rest_route=\/wp\/v2\/users\/2"}],"replies":[{"embeddable":true,"href":"http:\/\/infois.ro\/index.php?rest_route=%2Fwp%2Fv2%2Fcomments&post=68910"}],"version-history":[{"count":1,"href":"http:\/\/infois.ro\/index.php?rest_route=\/wp\/v2\/posts\/68910\/revisions"}],"predecessor-version":[{"id":68916,"href":"http:\/\/infois.ro\/index.php?rest_route=\/wp\/v2\/posts\/68910\/revisions\/68916"}],"wp:featuredmedia":[{"embeddable":true,"href":"http:\/\/infois.ro\/index.php?rest_route=\/wp\/v2\/media\/68913"}],"wp:attachment":[{"href":"http:\/\/infois.ro\/index.php?rest_route=%2Fwp%2Fv2%2Fmedia&parent=68910"}],"wp:term":[{"taxonomy":"category","embeddable":true,"href":"http:\/\/infois.ro\/index.php?rest_route=%2Fwp%2Fv2%2Fcategories&post=68910"},{"taxonomy":"post_tag","embeddable":true,"href":"http:\/\/infois.ro\/index.php?rest_route=%2Fwp%2Fv2%2Ftags&post=68910"}],"curies":[{"name":"wp","href":"https:\/\/api.w.org\/{rel}","templated":true}]}}