{"id":68922,"date":"2023-02-22T19:00:21","date_gmt":"2023-02-22T17:00:21","guid":{"rendered":"http:\/\/infois.ro\/?p=68922"},"modified":"2023-02-23T09:02:07","modified_gmt":"2023-02-23T07:02:07","slug":"universitatea-alexandru-ioan-cuza-a-preluat-oficial-in-administrare-centrul-de-conferinte-bradet","status":"publish","type":"post","link":"http:\/\/infois.ro\/?p=68922","title":{"rendered":"Universitatea &#8220;Alexandru Ioan Cuza&#8221; a preluat oficial \u00een administrare Centrul de conferin\u0163e &#8220;Br\u0103de\u0163&#8221;"},"content":{"rendered":"<p><img loading=\"lazy\" decoding=\"async\" class=\"size-medium wp-image-68923 alignleft\" src=\"http:\/\/infois.ro\/wp-content\/uploads\/2023\/02\/bradet-preluat-390x293.jpg\" alt=\"\" width=\"390\" height=\"293\" srcset=\"http:\/\/infois.ro\/wp-content\/uploads\/2023\/02\/bradet-preluat-390x293.jpg 390w, http:\/\/infois.ro\/wp-content\/uploads\/2023\/02\/bradet-preluat.jpg 640w\" sizes=\"(max-width: 390px) 100vw, 390px\" \/><\/p>\n<p style=\"text-align: justify;\">Universitatea \u201eAlexandru Ioan Cuza\u201d din Ia\u0219i a preluat oficial miercuri, 22 februarie, Centrul de conferin\u021be &#8220;Br\u0103de\u021b&#8221; din localitatea G\u0103l\u0103ne\u0219ti (jude\u021bul Suceava). Reamintim c\u0103, prin Hot\u0103r\u00e2rea de Guvern Nr. 76\/26.01.2023, Executivul a aprobat transferul cu titlu gratuit a Centrului de Crea\u021bie &#8220;Br\u0103de\u021b&#8221; din localitatea G\u0103l\u0103ne\u0219ti din administrarea Academiei Rom\u00e2ne &#8211; Filiala la\u0219i c\u0103tre Universitatea \u201eAlexandru Ioan Cuza\u201d din Ia\u0219i. av\u00e2nd ca destina\u0163ie organizarea de activit\u0103\u0163i didactice, culturale \u015fi recreative pentru studen\u0163i \u015fi profesori. Potrivit reprezentan\u0163ilor Universit\u0103\u0163ii &#8220;Alexandru Ioan Cuza&#8221;, Centrul de conferin\u0163e &#8220;Br\u0103de\u021b&#8221; este constituit dintr-o cl\u0103dire cu dou\u0103 niveluri, cu o suprafa\u021b\u0103 construit\u0103 desf\u0103\u0219urat\u0103 de 1.034 metri p\u0103tra\u021bi \u0219i 11.003 metri p\u0103tra\u021bi de teren, fiind dat \u00een folosin\u021b\u0103 \u00een anul 1989. Odat\u0103 cu prelaurea \u00een administrare a Centrului Br\u0103de\u0163, num\u0103rul sta\u0163iunilor de cercetare didactic\u0103 pentru studen\u0163i aflate \u00een patrimoniul institu\u0163iei ie\u015fene de \u00eenv\u0103\u0163\u0103m\u00e2nt superior a ajuns \u00een acest moment la 12.<\/p>\n","protected":false},"excerpt":{"rendered":"<p>Universitatea \u201eAlexandru Ioan Cuza\u201d din Ia\u0219i a preluat oficial miercuri, 22 februarie, Centrul de conferin\u021be&#8230; <a class=\"meta-more\" href=\"http:\/\/infois.ro\/?p=68922\">more <span class=\"meta-nav\">&raquo;<\/span><\/a><\/p>\n","protected":false},"author":2,"featured_media":68923,"comment_status":"closed","ping_status":"closed","sticky":false,"template":"","format":"standard","meta":{"footnotes":""},"categories":[12,41],"tags":[74,16265,16264,40,6648],"aioseo_notices":[],"_links":{"self":[{"href":"http:\/\/infois.ro\/index.php?rest_route=\/wp\/v2\/posts\/68922"}],"collection":[{"href":"http:\/\/infois.ro\/index.php?rest_route=\/wp\/v2\/posts"}],"about":[{"href":"http:\/\/infois.ro\/index.php?rest_route=\/wp\/v2\/types\/post"}],"author":[{"embeddable":true,"href":"http:\/\/infois.ro\/index.php?rest_route=\/wp\/v2\/users\/2"}],"replies":[{"embeddable":true,"href":"http:\/\/infois.ro\/index.php?rest_route=%2Fwp%2Fv2%2Fcomments&post=68922"}],"version-history":[{"count":1,"href":"http:\/\/infois.ro\/index.php?rest_route=\/wp\/v2\/posts\/68922\/revisions"}],"predecessor-version":[{"id":68924,"href":"http:\/\/infois.ro\/index.php?rest_route=\/wp\/v2\/posts\/68922\/revisions\/68924"}],"wp:featuredmedia":[{"embeddable":true,"href":"http:\/\/infois.ro\/index.php?rest_route=\/wp\/v2\/media\/68923"}],"wp:attachment":[{"href":"http:\/\/infois.ro\/index.php?rest_route=%2Fwp%2Fv2%2Fmedia&parent=68922"}],"wp:term":[{"taxonomy":"category","embeddable":true,"href":"http:\/\/infois.ro\/index.php?rest_route=%2Fwp%2Fv2%2Fcategories&post=68922"},{"taxonomy":"post_tag","embeddable":true,"href":"http:\/\/infois.ro\/index.php?rest_route=%2Fwp%2Fv2%2Ftags&post=68922"}],"curies":[{"name":"wp","href":"https:\/\/api.w.org\/{rel}","templated":true}]}}