{"id":69010,"date":"2023-02-23T19:43:31","date_gmt":"2023-02-23T17:43:31","guid":{"rendered":"http:\/\/infois.ro\/?p=69010"},"modified":"2023-02-27T09:45:53","modified_gmt":"2023-02-27T07:45:53","slug":"a-fost-aprobat-bugetul-aeroportului-iasi-investitiile-se-ridica-in-acest-an-la-jumatate-de-miliard-de-lei","status":"publish","type":"post","link":"http:\/\/infois.ro\/?p=69010","title":{"rendered":"A fost aprobat bugetul Aeroportului Ia\u015fi. Investi\u0163iile se ridic\u0103 \u00een acest an la jum\u0103tate de miliard de lei"},"content":{"rendered":"<p><img loading=\"lazy\" decoding=\"async\" class=\"size-medium wp-image-69011 alignleft\" src=\"http:\/\/infois.ro\/wp-content\/uploads\/2023\/02\/romeo-vatra-si-aeroportul-390x219.jpg\" alt=\"\" width=\"390\" height=\"219\" srcset=\"http:\/\/infois.ro\/wp-content\/uploads\/2023\/02\/romeo-vatra-si-aeroportul-390x219.jpg 390w, http:\/\/infois.ro\/wp-content\/uploads\/2023\/02\/romeo-vatra-si-aeroportul-140x80.jpg 140w, http:\/\/infois.ro\/wp-content\/uploads\/2023\/02\/romeo-vatra-si-aeroportul.jpg 640w\" sizes=\"(max-width: 390px) 100vw, 390px\" \/><\/p>\n<p style=\"text-align: justify;\">\u00centruni\u0163i \u00een \u015fedin\u0163\u0103 ordinar\u0103, consilierii jude\u0163eni au aprobat joi, 23 februarie, bugetul Aeroportului Ia\u015fi. Potrivit proiectului de hot\u0103r\u00e2re, \u00een anul 2023, veniturile aeroportului ie\u015fean sunt prognozate la 45 milioane de lei \u015fi un profit de 2,2 milioane de lei. Totalul investitiilor din acest an este de aproximativ 474 de miloane lei, din care 470 milioane de lei reprezint\u0103 investi\u0163ii din fonduri europene. &#8220;Anul financiar 2022 l-am inchis cu venituri de aproximativ 40 de milioane de lei \u015fi am reu\u015fit s\u0103 avem un profit de dou\u0103 milioane de lei. Valoarea investi\u0163iilor din acest an, de aproape jum\u0103tate de miliard de lei, este cea mai mare din istoria aeroportului. Poate p\u0103rea mult, dar este jum\u0103tate din necesarul de inves\u0163ii pe care va trebui s\u0103 le facem pentru a finaliza planul de modernizare a aeroportului&#8221;, a declarat Romeo Vatr\u0103, Directorul General al Aeroportului Ia\u015fi.<\/p>\n","protected":false},"excerpt":{"rendered":"<p>\u00centruni\u0163i \u00een \u015fedin\u0163\u0103 ordinar\u0103, consilierii jude\u0163eni au aprobat joi, 23 februarie, bugetul Aeroportului Ia\u015fi. Potrivit&#8230; <a class=\"meta-more\" href=\"http:\/\/infois.ro\/?p=69010\">more <span class=\"meta-nav\">&raquo;<\/span><\/a><\/p>\n","protected":false},"author":2,"featured_media":69011,"comment_status":"closed","ping_status":"closed","sticky":false,"template":"","format":"standard","meta":{"footnotes":""},"categories":[6,41],"tags":[74,1394,1553,40,1583],"aioseo_notices":[],"_links":{"self":[{"href":"http:\/\/infois.ro\/index.php?rest_route=\/wp\/v2\/posts\/69010"}],"collection":[{"href":"http:\/\/infois.ro\/index.php?rest_route=\/wp\/v2\/posts"}],"about":[{"href":"http:\/\/infois.ro\/index.php?rest_route=\/wp\/v2\/types\/post"}],"author":[{"embeddable":true,"href":"http:\/\/infois.ro\/index.php?rest_route=\/wp\/v2\/users\/2"}],"replies":[{"embeddable":true,"href":"http:\/\/infois.ro\/index.php?rest_route=%2Fwp%2Fv2%2Fcomments&post=69010"}],"version-history":[{"count":1,"href":"http:\/\/infois.ro\/index.php?rest_route=\/wp\/v2\/posts\/69010\/revisions"}],"predecessor-version":[{"id":69012,"href":"http:\/\/infois.ro\/index.php?rest_route=\/wp\/v2\/posts\/69010\/revisions\/69012"}],"wp:featuredmedia":[{"embeddable":true,"href":"http:\/\/infois.ro\/index.php?rest_route=\/wp\/v2\/media\/69011"}],"wp:attachment":[{"href":"http:\/\/infois.ro\/index.php?rest_route=%2Fwp%2Fv2%2Fmedia&parent=69010"}],"wp:term":[{"taxonomy":"category","embeddable":true,"href":"http:\/\/infois.ro\/index.php?rest_route=%2Fwp%2Fv2%2Fcategories&post=69010"},{"taxonomy":"post_tag","embeddable":true,"href":"http:\/\/infois.ro\/index.php?rest_route=%2Fwp%2Fv2%2Ftags&post=69010"}],"curies":[{"name":"wp","href":"https:\/\/api.w.org\/{rel}","templated":true}]}}