{"id":70107,"date":"2023-04-04T17:40:06","date_gmt":"2023-04-04T14:40:06","guid":{"rendered":"http:\/\/infois.ro\/?p=70107"},"modified":"2023-04-05T08:42:09","modified_gmt":"2023-04-05T05:42:09","slug":"probleme-din-cauza-vremii-pe-aeroportul-din-iasi-mai-multe-zboruri-au-fost-rerutate","status":"publish","type":"post","link":"http:\/\/infois.ro\/?p=70107","title":{"rendered":"Probleme din cauza vremii pe Aeroportul din Ia\u015fi. Mai multe zboruri au fost rerutate"},"content":{"rendered":"<p><img loading=\"lazy\" decoding=\"async\" class=\"size-medium wp-image-70108 alignleft\" src=\"http:\/\/infois.ro\/wp-content\/uploads\/2023\/04\/aeroportul-iasi-vreme-rea-390x327.jpg\" alt=\"\" width=\"390\" height=\"327\" srcset=\"http:\/\/infois.ro\/wp-content\/uploads\/2023\/04\/aeroportul-iasi-vreme-rea-390x327.jpg 390w, http:\/\/infois.ro\/wp-content\/uploads\/2023\/04\/aeroportul-iasi-vreme-rea.jpg 640w\" sizes=\"(max-width: 390px) 100vw, 390px\" \/><\/p>\n<p style=\"text-align: justify;\">Vremea nefavorabil\u0103 (lapovi\u0163\u0103, ninsoare \u015fi v\u00e2nt puternic), dublat\u0103 de defectarea instala\u0163iei de dirijare a aeronavelor la sol \u00een condi\u0163ii meteo dificile ILS (Instrument Landing System), au f\u0103cut ca mai multe curse care trebuiau s\u0103 aterizeze mar\u0163i, 4 aprilie, pe Aeroportul din Ia\u015fi s\u0103 fie rerutate c\u0103tre alte aeroporturi din \u0163ar\u0103. Totodat\u0103, din cauza opera\u0163iunilor de degrivare a aeronavelor aflate la sol, unele curse care urmau s\u0103 decoleze de pe aeroportul din Ia\u015fi au avut \u00eent\u00e2rzieri. Potrivit reprezentan\u0163ilor Aeroportului Ia\u015fi, printre cursele care urmau s\u0103 aterizeze la Ia\u015fi \u015fi au fost rerutate c\u0103tre alte aeroporturi se num\u0103r\u0103 cele de la Charleroi (Belgia), Bergamo (Italia), Luton (Anglia) \u015fi Otopeni (Bucure\u015fti). &#8220;Din cauza unei probleme tehnice temporare a ILS (Instrument Landing System), f\u0103r\u0103 de care nu se poate opera \u00een siguran\u021b\u0103 \u00een condi\u021bii de vreme rea, au fost afectate urm\u0103toarele zboruri pe Sosiri: 13.15 Wizz \/ Charleroi \u2013 rerutat la SV, 13.40 Ryanair \/ Bergamo \u2013 rerutat pe Otopeni, ulterior s-a \u00eentors la Iasi, dar a ratat aterizarea (cel mai probabil din cauza plafonului de nori jos) \u0219i pilotul a decis s\u0103 se \u00eentoarca la Bergamo (f\u0103r\u0103 pasageri), 13.55 Wizz \/ Luton &#8211; rerutat la SV, 14.00 Tarom\/ Otopeni \u2013 rerutat la SV, dar s-a \u00eentors la scurt timp la IAS \u0219i a decolat f\u0103r\u0103 probleme spre Otopeni&#8221;, se arat\u0103 \u00eentr-un comunicat remis redac\u0163iei \u00een aceast\u0103 dup\u0103 amiaz\u0103.<\/p>\n","protected":false},"excerpt":{"rendered":"<p>Vremea nefavorabil\u0103 (lapovi\u0163\u0103, ninsoare \u015fi v\u00e2nt puternic), dublat\u0103 de defectarea instala\u0163iei de dirijare a aeronavelor&#8230; <a class=\"meta-more\" href=\"http:\/\/infois.ro\/?p=70107\">more <span class=\"meta-nav\">&raquo;<\/span><\/a><\/p>\n","protected":false},"author":2,"featured_media":70108,"comment_status":"closed","ping_status":"closed","sticky":false,"template":"","format":"standard","meta":{"footnotes":""},"categories":[6,41],"tags":[74,1394,16448,40,3984,16447],"aioseo_notices":[],"_links":{"self":[{"href":"http:\/\/infois.ro\/index.php?rest_route=\/wp\/v2\/posts\/70107"}],"collection":[{"href":"http:\/\/infois.ro\/index.php?rest_route=\/wp\/v2\/posts"}],"about":[{"href":"http:\/\/infois.ro\/index.php?rest_route=\/wp\/v2\/types\/post"}],"author":[{"embeddable":true,"href":"http:\/\/infois.ro\/index.php?rest_route=\/wp\/v2\/users\/2"}],"replies":[{"embeddable":true,"href":"http:\/\/infois.ro\/index.php?rest_route=%2Fwp%2Fv2%2Fcomments&post=70107"}],"version-history":[{"count":1,"href":"http:\/\/infois.ro\/index.php?rest_route=\/wp\/v2\/posts\/70107\/revisions"}],"predecessor-version":[{"id":70109,"href":"http:\/\/infois.ro\/index.php?rest_route=\/wp\/v2\/posts\/70107\/revisions\/70109"}],"wp:featuredmedia":[{"embeddable":true,"href":"http:\/\/infois.ro\/index.php?rest_route=\/wp\/v2\/media\/70108"}],"wp:attachment":[{"href":"http:\/\/infois.ro\/index.php?rest_route=%2Fwp%2Fv2%2Fmedia&parent=70107"}],"wp:term":[{"taxonomy":"category","embeddable":true,"href":"http:\/\/infois.ro\/index.php?rest_route=%2Fwp%2Fv2%2Fcategories&post=70107"},{"taxonomy":"post_tag","embeddable":true,"href":"http:\/\/infois.ro\/index.php?rest_route=%2Fwp%2Fv2%2Ftags&post=70107"}],"curies":[{"name":"wp","href":"https:\/\/api.w.org\/{rel}","templated":true}]}}