{"id":70170,"date":"2023-04-05T17:12:33","date_gmt":"2023-04-05T14:12:33","guid":{"rendered":"https:\/\/infois.ro\/?p=70170"},"modified":"2023-04-06T09:14:29","modified_gmt":"2023-04-06T06:14:29","slug":"elevii-ieseni-intra-mai-devreme-in-vacanta-din-cauza-vremii-nefavorabile-cursurile-au-fost-suspendate-joi","status":"publish","type":"post","link":"http:\/\/infois.ro\/?p=70170","title":{"rendered":"Elevii ie\u015feni intr\u0103 mai devreme \u00een vacan\u0163\u0103. Din cauza vremii nefavorabile, cursurile au fost suspendate joi"},"content":{"rendered":"<p><img loading=\"lazy\" decoding=\"async\" class=\" wp-image-9338 alignleft\" src=\"http:\/\/infois.ro\/wp-content\/uploads\/2014\/01\/elevi3-300x184.jpg\" alt=\"\" width=\"370\" height=\"227\" srcset=\"http:\/\/infois.ro\/wp-content\/uploads\/2014\/01\/elevi3-300x184.jpg 300w, http:\/\/infois.ro\/wp-content\/uploads\/2014\/01\/elevi3.jpg 600w\" sizes=\"(max-width: 370px) 100vw, 370px\" \/><\/p>\n<p style=\"text-align: justify;\">Vremea nefavorabil\u0103 din ultimele zile creaz\u0103 probleme nu numai \u00een ceea ce prive\u015fte circula\u0163ia autovehiculelor, ci \u015fi \u00een desf\u0103\u015furarea \u00een condi\u0163ii optime a activit\u0103\u0163ii didactice. Din cauza ninsorii abundente \u015fi a viscolului, care au f\u0103cut impracticabile majoritatea drumurilor din jude\u0163, autorit\u0103\u0163ile locale au decis suspendarea cursurilor joi, 6 aprilie, \u00een toate unit\u0103\u0163ile de \u00eenv\u0103\u0163\u0103m\u00e2nt preuniversitar. Hot\u0103r\u00e2rea a fost luat\u0103 \u00een cadrul \u015fedin\u0163ei extraordinare a Comitetului Jude\u0163ean pentru Situa\u0163ii de Urgen\u0163\u0103 (CJSU) , desf\u0103\u015furat\u0103 miercuri la Prefectur\u0103.<\/p>\n<p style=\"text-align: justify;\">\n<p style=\"text-align: justify;\">\u201dSunt probleme foarte mari at\u00e2t \u00een mediul urban, dar \u00een special \u00een mediul rural. Utilajele de desz\u0103pezire nu fac fa\u021b\u0103 cantit\u0103\u021bilor mari de z\u0103pad\u0103 spulberat\u0103. Meteorologii ne-au anun\u021bat c\u0103 ninsorile vor continua, iar z\u0103pada va fi viscolit\u0103, exist\u00e2nd riscul ca drumurile s\u0103 fie blocate. Trebuie s\u0103 ne g\u00e2ndim \u00een primul r\u00e2nd la siguran\u021ba cet\u0103\u021benilor. De aceea, s-a luat decizia ca \u0219colile s\u0103 se \u00eenchid\u0103. \u00cen plus, vor fi \u00eenchise \u0219i acele tronsoane de drum unde exist\u0103 riscul ca oamenii s\u0103 r\u0103m\u00e2n\u0103 bloca\u021bi. Toate utilajele disponibile vor interveni astfel \u00eenc\u00e2t s\u0103 men\u021binem drumurile deschise, dar dac\u0103 acest lucru nu este posibil, se va lua decizia de \u00eenchidere, urm\u00e2nd s\u0103 se deschid\u0103 dup\u0103 ce vor interveni drumarii. Am cerut s\u0103 se acorde o aten\u021bie sporit\u0103 pentru cazurile medicale. Sunt oameni care trebuie s\u0103 ajung\u0103 la spitale, au nevoie de dializ\u0103, de alte servicii medicale. Aceste situa\u021bii vor fi priorit\u0103\u021bile tuturor institu\u021biilor \u00een aceast\u0103 perioad\u0103\u201d, a declarat Bogdan Cojocaru, prefectul jude\u021bului Ia\u0219i, la finalul \u015fedin\u0163ei.<\/p>\n<p style=\"text-align: justify;\">\n<p style=\"text-align: justify;\">Cel mai probabil, \u015fcolile vor r\u0103m\u00e2ne \u00eenchise \u015fi vineri, 7 aprilie, av\u00e2nd \u00een vedere avertizarea cod ro\u015fu de viscol pentru jude\u0163ul Ia\u015fi emis\u0103 de meteorologi. \u00cen aceste condi\u0163ii, elevii vor intra \u00een vacan\u0163a de prim\u0103var\u0103 cu o zi mai devreme, urm\u00e2nd s\u0103 se re\u00eentoarc\u0103 la cursuri pe 19 aprilie. Reamintim c\u0103 miercuri, prin hot\u0103r\u00e2re a consiliilor de administra\u0163ie, 36 de unit\u0103\u0163i de \u00eenv\u0103\u0163\u0103m\u00e2nt din jude\u0163 anun\u0163aser\u0103 deja decizia de suspendare total\u0103 sau par\u0163ial\u0103 a cursurilor din cauza vremii, cele mai multe dintre acestea fiind situate \u00een zonele \u00eendep\u0103rtate ale jude\u0163ului, dup\u0103 cum a declarat Antonina Blior\u0163, purt\u0103torul de cuv\u00e2nt al Inspectoratului \u015ecolar Jude\u0163ean Ia\u015fi.<\/p>\n<p style=\"text-align: justify;\">\n<p style=\"text-align: justify;\">\n","protected":false},"excerpt":{"rendered":"<p>Vremea nefavorabil\u0103 din ultimele zile creaz\u0103 probleme nu numai \u00een ceea ce prive\u015fte circula\u0163ia autovehiculelor,&#8230; <a class=\"meta-more\" href=\"http:\/\/infois.ro\/?p=70170\">more <span class=\"meta-nav\">&raquo;<\/span><\/a><\/p>\n","protected":false},"author":2,"featured_media":9338,"comment_status":"closed","ping_status":"closed","sticky":false,"template":"","format":"standard","meta":{"footnotes":""},"categories":[12,41],"tags":[74,14076,40,338],"aioseo_notices":[],"_links":{"self":[{"href":"http:\/\/infois.ro\/index.php?rest_route=\/wp\/v2\/posts\/70170"}],"collection":[{"href":"http:\/\/infois.ro\/index.php?rest_route=\/wp\/v2\/posts"}],"about":[{"href":"http:\/\/infois.ro\/index.php?rest_route=\/wp\/v2\/types\/post"}],"author":[{"embeddable":true,"href":"http:\/\/infois.ro\/index.php?rest_route=\/wp\/v2\/users\/2"}],"replies":[{"embeddable":true,"href":"http:\/\/infois.ro\/index.php?rest_route=%2Fwp%2Fv2%2Fcomments&post=70170"}],"version-history":[{"count":1,"href":"http:\/\/infois.ro\/index.php?rest_route=\/wp\/v2\/posts\/70170\/revisions"}],"predecessor-version":[{"id":70171,"href":"http:\/\/infois.ro\/index.php?rest_route=\/wp\/v2\/posts\/70170\/revisions\/70171"}],"wp:featuredmedia":[{"embeddable":true,"href":"http:\/\/infois.ro\/index.php?rest_route=\/wp\/v2\/media\/9338"}],"wp:attachment":[{"href":"http:\/\/infois.ro\/index.php?rest_route=%2Fwp%2Fv2%2Fmedia&parent=70170"}],"wp:term":[{"taxonomy":"category","embeddable":true,"href":"http:\/\/infois.ro\/index.php?rest_route=%2Fwp%2Fv2%2Fcategories&post=70170"},{"taxonomy":"post_tag","embeddable":true,"href":"http:\/\/infois.ro\/index.php?rest_route=%2Fwp%2Fv2%2Ftags&post=70170"}],"curies":[{"name":"wp","href":"https:\/\/api.w.org\/{rel}","templated":true}]}}