{"id":70179,"date":"2023-04-05T13:20:32","date_gmt":"2023-04-05T10:20:32","guid":{"rendered":"https:\/\/infois.ro\/?p=70179"},"modified":"2023-04-06T09:22:41","modified_gmt":"2023-04-06T06:22:41","slug":"cum-poti-economisi-anual-pana-la-1-300-de-lei-la-factura-de-gaze-naturale","status":"publish","type":"post","link":"http:\/\/infois.ro\/?p=70179","title":{"rendered":"Cum po\u0163i economisi anual p\u00e2n\u0103 la 1.300 de lei la factura de gaze naturale"},"content":{"rendered":"<p><img loading=\"lazy\" decoding=\"async\" class=\"size-medium wp-image-70180 alignleft\" src=\"http:\/\/infois.ro\/wp-content\/uploads\/2023\/04\/economie-la-factura-390x204.jpg\" alt=\"\" width=\"390\" height=\"204\" srcset=\"http:\/\/infois.ro\/wp-content\/uploads\/2023\/04\/economie-la-factura-390x204.jpg 390w, http:\/\/infois.ro\/wp-content\/uploads\/2023\/04\/economie-la-factura.jpg 640w\" sizes=\"(max-width: 390px) 100vw, 390px\" \/><\/p>\n<p style=\"text-align: justify;\">\u00cenc\u0103lzirea locuin\u021bei \u00een sezonul rece presupune un consum de energie semnificativ: mai mult de dou\u0103 treimi din energia consumat\u0103 \u00een casele \u0219i apartamentele noastre este folosit\u0103 \u00een acest scop. Dormitorul este una dintre cele mai importante dintre \u00eenc\u0103perile unei locuin\u021be, pentru c\u0103 acolo ne petrecem cam o treime din timp.<\/p>\n<p style=\"text-align: justify;\">\n<p style=\"text-align: justify;\">Dintre to\u0163i europenii, rom\u00e2nii \u0163in cel mai mult la gradele ridicate din dormitor, 94% dintre cei chestiona\u0163i \u00een cadrul unui studiu* realizat de E.ON \u0219i Kantar recunosc\u00e2nd c\u0103 dorm cel mai bine la temperaturi de 20\u00b0C sau peste. De cealalt\u0103 parte, germanii \u0219i francezii prefer\u0103 ca \u00eenc\u0103perile lor de dormit s\u0103 fie mult mai r\u0103coroase, de aceea seteaz\u0103 temperatura sub 20\u00b0C. \u00cens\u0103 dormitoare cu adev\u0103rat reci, cu temperaturi de 15\u00b0C sau mai pu\u021bin, se g\u0103sesc \u00een Marea Britanie, relev\u0103 studiul citat.<\/p>\n<p style=\"text-align: justify;\">\n<p style=\"text-align: justify;\">Temperatura medie pentru \u00eenc\u0103lzirea locuin\u021belor din Uniunea European\u0103 este de 22\u00b0C, dar sunt persoane care se simt confortabil \u0219i la 19\u00b0C sau 20\u00b0C, arat\u0103 un studiu al International Energy Agency (IEA).<\/p>\n<p style=\"text-align: justify;\">\n<p style=\"text-align: justify;\">Cu fiecare grad mai pu\u021bin setat la termostat se reduce consumul de gaze naturalecu aproximativ 6%. Dac\u0103opt\u0103m pentru ferestre cu geam termopan, folosim termostatul \u0219i sc\u0103dem temperatura din dormitor cu doar 1\u00b0C,putem reduce consumul anual cu 3.330 kWh \u2013 \u00een cazul unui apartament de 85mp sau chiar cu 4.380 kWh \u2013 pentru o cas\u0103 individual\u0103 de 120mp. Acest lucru\u00eenseamn\u0103 oeconomie la bugetul familiei de 1.032,3 lei, respectivde 1.357,8 lei**.<\/p>\n<p style=\"text-align: justify;\">\n<p style=\"text-align: justify;\">Recomand\u0103ri pentru reducerea consumului de gaz \u00een sezonul rece:<\/p>\n<p style=\"text-align: justify;\">\n<p style=\"text-align: justify;\">seteaz\u0103 temperatura la aproximativ 18\u00b0C dac\u0103 pleci de acas\u0103 c\u00e2teva ore \u0219i la 15\u00b0C dac\u0103 urmeaz\u0103 s\u0103 pleci pentru o perioad\u0103 mai lung\u0103 de timp sau pe timp de noapte, \u00een camerele pe care nu le folose\u0219ti;<\/p>\n<p style=\"text-align: justify;\">nu opri niciodat\u0103 complet \u00eenc\u0103lzirea;<\/p>\n<p style=\"text-align: justify;\">asigur\u0103-te c\u0103 \u00een fa\u021ba caloriferelor nu exist\u0103 mobilier \u0219i aerise\u0219te caloriferele \u00een mod regulat;<\/p>\n<p style=\"text-align: justify;\">nu pune rufele la uscat pe calorifere \u0219i nu obtura caloriferele cu draperii;<\/p>\n<p style=\"text-align: justify;\">aerise\u0219te \u00een mod regulat \u00eenc\u0103perile \u0219i deschide complet ferestrele timp de 5-7 minute;<\/p>\n<p style=\"text-align: justify;\">opre\u0219te caloriferele din camer\u0103 sau termostatul c\u00e2nd aerise\u0219ti;<\/p>\n<p style=\"text-align: justify;\">trage jaluzelele exterioare sau draperiile pe timpul nop\u021bii, pentru a p\u0103stra c\u0103ldura.<\/p>\n<p style=\"text-align: justify;\">\n<p style=\"text-align: justify;\">Acestea sunt c\u00e2teva dintre recomand\u0103rile care ne pot ajuta s\u0103 evit\u0103m risipa de energie \u0219i, bine\u00een\u021beles, facturile foarte mari.<\/p>\n<p style=\"text-align: justify;\">\n<p style=\"text-align: justify;\">*S<em>tudiul \u201cTr\u0103ind \u00een Europa, 2018\u201d, \u00een cadrul c\u0103ruia E.ON \u0219i Kantar EMNID au chestionat circa 10.000 de oameni din Danemarca, Fran\u0163a, Germania, Italia, Marea Britanie, Republica Ceh\u0103, Rom\u00e2nia, Suedia, Turcia \u0219i Ungaria.<\/em><\/p>\n<p style=\"text-align: justify;\">\n<p style=\"text-align: justify;\"><em>**Consumurile men\u021bionate se bazeaz\u0103 pe datele actuale ale Asocia\u021biei Federale<\/em><\/p>\n<p style=\"text-align: justify;\"><em>a Industriei Energiei \u0219i Apei (BDEW) \u0219i pe studiile International Energy Agency (IEA).<\/em><\/p>\n<p style=\"text-align: justify;\"><em>Economiile \u00een lei sunt calculate la pre\u021burile plafonate conform Ordonan\u021bei de Urgen\u021b\u0103 nr 119\/2022, respectiv 0,31 lei kWh pentru gaze naturale \u0219i 0,80 lei kWh pentru energie electric\u0103, la un consum mediu lunar de 100,01-300 kWh.<\/em><\/p>\n<p style=\"text-align: justify;\"><em>\u00a0<\/em><\/p>\n<p style=\"text-align: justify;\">\n","protected":false},"excerpt":{"rendered":"<p>\u00cenc\u0103lzirea locuin\u021bei \u00een sezonul rece presupune un consum de energie semnificativ: mai mult de dou\u0103&#8230; <a class=\"meta-more\" href=\"http:\/\/infois.ro\/?p=70179\">more <span class=\"meta-nav\">&raquo;<\/span><\/a><\/p>\n","protected":false},"author":2,"featured_media":70180,"comment_status":"closed","ping_status":"closed","sticky":false,"template":"","format":"standard","meta":{"footnotes":""},"categories":[6,41],"tags":[74,4246,16456,411,40],"aioseo_notices":[],"_links":{"self":[{"href":"http:\/\/infois.ro\/index.php?rest_route=\/wp\/v2\/posts\/70179"}],"collection":[{"href":"http:\/\/infois.ro\/index.php?rest_route=\/wp\/v2\/posts"}],"about":[{"href":"http:\/\/infois.ro\/index.php?rest_route=\/wp\/v2\/types\/post"}],"author":[{"embeddable":true,"href":"http:\/\/infois.ro\/index.php?rest_route=\/wp\/v2\/users\/2"}],"replies":[{"embeddable":true,"href":"http:\/\/infois.ro\/index.php?rest_route=%2Fwp%2Fv2%2Fcomments&post=70179"}],"version-history":[{"count":1,"href":"http:\/\/infois.ro\/index.php?rest_route=\/wp\/v2\/posts\/70179\/revisions"}],"predecessor-version":[{"id":70181,"href":"http:\/\/infois.ro\/index.php?rest_route=\/wp\/v2\/posts\/70179\/revisions\/70181"}],"wp:featuredmedia":[{"embeddable":true,"href":"http:\/\/infois.ro\/index.php?rest_route=\/wp\/v2\/media\/70180"}],"wp:attachment":[{"href":"http:\/\/infois.ro\/index.php?rest_route=%2Fwp%2Fv2%2Fmedia&parent=70179"}],"wp:term":[{"taxonomy":"category","embeddable":true,"href":"http:\/\/infois.ro\/index.php?rest_route=%2Fwp%2Fv2%2Fcategories&post=70179"},{"taxonomy":"post_tag","embeddable":true,"href":"http:\/\/infois.ro\/index.php?rest_route=%2Fwp%2Fv2%2Ftags&post=70179"}],"curies":[{"name":"wp","href":"https:\/\/api.w.org\/{rel}","templated":true}]}}