{"id":70192,"date":"2023-04-06T14:18:45","date_gmt":"2023-04-06T11:18:45","guid":{"rendered":"https:\/\/infois.ro\/?p=70192"},"modified":"2023-04-06T14:18:45","modified_gmt":"2023-04-06T11:18:45","slug":"antibiotice-iasi-premiata-la-gala-companiilor-sustenabile-din-romania","status":"publish","type":"post","link":"http:\/\/infois.ro\/?p=70192","title":{"rendered":"Antibiotice Ia\u0219i premiat\u0103 la Gala Companiilor Sustenabile din Rom\u00e2nia"},"content":{"rendered":"<p><img loading=\"lazy\" decoding=\"async\" class=\"size-medium wp-image-70193 alignleft\" src=\"http:\/\/infois.ro\/wp-content\/uploads\/2023\/04\/Poza-premii-CSR-390x251.jpg\" alt=\"\" width=\"390\" height=\"251\" srcset=\"http:\/\/infois.ro\/wp-content\/uploads\/2023\/04\/Poza-premii-CSR-390x251.jpg 390w, http:\/\/infois.ro\/wp-content\/uploads\/2023\/04\/Poza-premii-CSR.jpg 640w\" sizes=\"(max-width: 390px) 100vw, 390px\" \/><\/p>\n<p style=\"text-align: justify;\">Compania Antibiotice Ia\u0219i a ob\u021binut dou\u0103 premii \u00een cadrul celei de-a XI-a edi\u021bii a competi\u021biei <em>Romanian CSR Awards \u2013 Gala Companiilor Sustenabile organizat\u0103 <\/em>\u00een data de 5 aprilie,<em> la Bucure\u0219ti. La acest eveniment, unicul din Rom\u00e2nia ce premiaz\u0103 anual cele mai bune proiecte de sustenabilitate \u0219i responsabilitate social\u0103 <\/em>care au contribuit la \u00eembun\u0103t\u0103\u021birea calit\u0103\u021bii vie\u021bii comunit\u0103\u021bilor din \u021bara noastr\u0103, <em>au participat 250 de companii ce au aliniat \u00een competi\u021bie 300 de proiecte.<\/em><\/p>\n<p style=\"text-align: justify;\">Orientarea companiei Antibiotice spre un comportament etic \u0219i responsabil at\u00e2t fa\u021b\u0103 de comunitate c\u00e2t \u0219i fa\u021b\u0103 de proprii angaja\u021bi a fost apreciat\u0103 \u0219i recunoscut\u0103 astfel, prin acordarea a dou\u0103 premii pentru campaniile desf\u0103\u0219urate \u00een anul 2022: <em>\u201cSolidaritate f\u0103r\u0103 grani<\/em><em>\u021b<\/em><em>e<\/em><em>\u201d<\/em> (premiul III-categoria Parteneriat Intersectorial) \u0219i <em>\u201cPlus pentru via\u021b\u0103!\u201d<\/em>(men\u021biune \u2013 categoria Sus\u021binerea angaja\u021bilor).<\/p>\n<p style=\"text-align: justify;\">Accesul la medicamente pentru popula\u021bia aflat\u0103 \u00een dificultate ca urmare a conflictului din Ucraina a fost principalul obiectiv al proiectului <em>\u201eSolidaritate f\u0103r\u0103 grani\u021be\u201d<\/em>. De asemenea, dorin\u021ba angaja\u021bilor companiei de a se implica \u00een criza umanitar\u0103 generat\u0103 de acest r\u0103zboi, a determinat ca prin intermediul organiza\u021biei Crucea Ro\u0219ie Rom\u00e2n\u0103, s\u0103 fie donate alimente \u0219i bunuri pentru refugia\u021bi \u0219i de asemenea, au fost sus\u021binute centre de sprijin pentru mame ucrainene singure, aflate \u00een dificultate. \u00cen total 5000 de persoane au beneficiat de medicamente \u00een spitalele din Ucraina, iar 1000 de persoane au beneficiat de ajutoarele distribuite prin Crucea Ro\u0219ie Rom\u00e2n\u0103.<\/p>\n<p style=\"text-align: justify;\">\u00cen ceea ce prive\u0219te sus\u021binerea angaja\u021bilor, Antibiotice a implementat o serie de programe care au avut ca scop men\u021binerea unei st\u0103ri de siguran\u021b\u0103 a angaja\u021bilor at\u00e2t la locul de munc\u0103, c\u00e2t \u0219i \u00een afara orelor de program. Astfel, compania a organizat \u00een anul 2022 cel de-al treilea curs de prim ajutor pentru proprii angaja\u021bi. Totodat\u0103, lu\u00e2nd \u00een considerare recom\u0103nd\u0103rile Consilului European de Resuscitare pentru preg\u0103tirea tinerei genera\u021bii, viitori adul\u021bi care au nevoie de educa\u021bie civic\u0103 privind acordarea de prim ajutor, \u00een edi\u021bia din anul 2022, a fost sus\u021binut, pentru prima dat\u0103, un curs special de prim ajutor adaptat at\u00e2t pentru angaja\u021bi c\u00e2t \u0219i pentru copiii acestora cu v\u00e2rsta de peste 12 ani. Astfel, 100 de angaja\u021bi \u0219i copiii acestora \u0219i-au \u00eensu\u0219it m\u0103suri de prim ajutor \u00een caz de stop cardio respirator, dar \u0219i cum s\u0103 vin\u0103 \u00een sprijinul semenilor, s\u0103 reac\u021bioneze corect \u00een situa\u021bii de urgen\u021b\u0103 precum accident, traum\u0103 sau obstruc\u021bie de c\u0103i respiratorii. Suplimentar, 400 de angaja\u021bi au fost instrui\u021bi pentru acordarea primului ajutor utiliz\u00e2nd un defibrilator automat.<\/p>\n<p style=\"text-align: justify;\">\u00cen ultimii 6 ani consecutivi, compania Antibiotice Ia\u0219i a primit, \u00een cadrul competi\u021biei <em>Romanian CSR Awards, <\/em>onorante premii pentru implicarea \u00een dezvoltarea de programe care vin \u00een sprijinul comunit\u0103\u021bilor, a mediului \u00eenconjur\u0103tor \u0219i al propriilor angaja\u021bi.<\/p>\n","protected":false},"excerpt":{"rendered":"<p>Compania Antibiotice Ia\u0219i a ob\u021binut dou\u0103 premii \u00een cadrul celei de-a XI-a edi\u021bii a competi\u021biei&#8230; <a class=\"meta-more\" href=\"http:\/\/infois.ro\/?p=70192\">more <span class=\"meta-nav\">&raquo;<\/span><\/a><\/p>\n","protected":false},"author":2,"featured_media":70193,"comment_status":"closed","ping_status":"closed","sticky":false,"template":"","format":"standard","meta":{"footnotes":""},"categories":[6,41],"tags":[74,1771,16458,40,3737],"aioseo_notices":[],"_links":{"self":[{"href":"http:\/\/infois.ro\/index.php?rest_route=\/wp\/v2\/posts\/70192"}],"collection":[{"href":"http:\/\/infois.ro\/index.php?rest_route=\/wp\/v2\/posts"}],"about":[{"href":"http:\/\/infois.ro\/index.php?rest_route=\/wp\/v2\/types\/post"}],"author":[{"embeddable":true,"href":"http:\/\/infois.ro\/index.php?rest_route=\/wp\/v2\/users\/2"}],"replies":[{"embeddable":true,"href":"http:\/\/infois.ro\/index.php?rest_route=%2Fwp%2Fv2%2Fcomments&post=70192"}],"version-history":[{"count":1,"href":"http:\/\/infois.ro\/index.php?rest_route=\/wp\/v2\/posts\/70192\/revisions"}],"predecessor-version":[{"id":70194,"href":"http:\/\/infois.ro\/index.php?rest_route=\/wp\/v2\/posts\/70192\/revisions\/70194"}],"wp:featuredmedia":[{"embeddable":true,"href":"http:\/\/infois.ro\/index.php?rest_route=\/wp\/v2\/media\/70193"}],"wp:attachment":[{"href":"http:\/\/infois.ro\/index.php?rest_route=%2Fwp%2Fv2%2Fmedia&parent=70192"}],"wp:term":[{"taxonomy":"category","embeddable":true,"href":"http:\/\/infois.ro\/index.php?rest_route=%2Fwp%2Fv2%2Fcategories&post=70192"},{"taxonomy":"post_tag","embeddable":true,"href":"http:\/\/infois.ro\/index.php?rest_route=%2Fwp%2Fv2%2Ftags&post=70192"}],"curies":[{"name":"wp","href":"https:\/\/api.w.org\/{rel}","templated":true}]}}