{"id":70373,"date":"2023-04-15T09:42:21","date_gmt":"2023-04-15T06:42:21","guid":{"rendered":"https:\/\/infois.ro\/?p=70373"},"modified":"2023-04-18T09:47:13","modified_gmt":"2023-04-18T06:47:13","slug":"rezultate-de-exceptie-obtinute-de-elevii-ieseni-la-olimpiada-nationala-de-geografie","status":"publish","type":"post","link":"http:\/\/infois.ro\/?p=70373","title":{"rendered":"Rezultate de excep\u021bie ob\u0163inute de elevii ie\u015feni la Olimpiada Na\u0163ional\u0103 de Geografie"},"content":{"rendered":"<p><img loading=\"lazy\" decoding=\"async\" class=\"size-medium wp-image-70374 alignleft\" src=\"http:\/\/infois.ro\/wp-content\/uploads\/2023\/04\/geografi-cu-premii-1-390x293.jpg\" alt=\"\" width=\"390\" height=\"293\" srcset=\"http:\/\/infois.ro\/wp-content\/uploads\/2023\/04\/geografi-cu-premii-1-390x293.jpg 390w, http:\/\/infois.ro\/wp-content\/uploads\/2023\/04\/geografi-cu-premii-1.jpg 640w\" sizes=\"(max-width: 390px) 100vw, 390px\" \/><\/p>\n<p style=\"text-align: justify;\">Rezultate excep\u0163ionale ob\u0163inute de elevii ie\u015feni la Olimpiada Na\u0163ional\u0103 de Geografie, desf\u0103\u015furat\u0103 \u00een perioada 9 &#8211; 14 aprilie la Pite\u015fti, ace\u015ftia \u00eentorc\u00e2ndu-se acas\u0103 cu nu mai pu\u0163in de 17 premii \u0219i men\u021biuni.<\/p>\n<p style=\"text-align: justify;\">Participan\u021bii \u0219i-au demonstrat cuno\u0219tin\u021bele \u0219i abilit\u0103\u021bile geografice pe parcursul a dou\u0103 probe, cea teoretic\u0103 \u0219i cea practic\u0103 de teren, iar cei mai destoinici au participat \u0219i la proba de baraj, \u00een vederea calific\u0103rii \u00een loturile Rom\u00e2niei pentru etapele interna\u021bionale, Olimpiada Interna\u021bional\u0103 de Geografie din Indonezia \u0219i Balcaniada de Geografie de la Belgrad.<\/p>\n<p style=\"text-align: justify;\">La competi\u0163ia care a avut loc la Pite\u015fti au participat peste 300 de elevi din toat\u0103 \u021bara, jude\u021bul Ia\u0219i fiind reprezentat de 23 de competitori.<img loading=\"lazy\" decoding=\"async\" class=\"size-medium wp-image-70375 alignright\" src=\"http:\/\/infois.ro\/wp-content\/uploads\/2023\/04\/geografi-cu-premii-2-390x261.jpg\" alt=\"\" width=\"390\" height=\"261\" srcset=\"http:\/\/infois.ro\/wp-content\/uploads\/2023\/04\/geografi-cu-premii-2-390x261.jpg 390w, http:\/\/infois.ro\/wp-content\/uploads\/2023\/04\/geografi-cu-premii-2.jpg 640w\" sizes=\"(max-width: 390px) 100vw, 390px\" \/><\/p>\n<p style=\"text-align: justify;\"><strong><em>Premiile ob\u0163inute de elevii ie\u015feni: <\/em><\/strong><\/p>\n<p style=\"text-align: justify;\"><strong>HANGANU DANIEL-NICOLAE<\/strong>, clasa a XI-a, Colegiul National Ia\u0219i, profesor Fiscutean Cornelia Mihaela, <strong>Premiul II \u0219i calificare la Olimpiada Interna\u021bional\u0103 de Geografie, Indonezia 2023.<\/strong><\/p>\n<p style=\"text-align: justify;\"><strong>OLARIU TUDOR<\/strong>, clasa a XI-a, Colegiul Na\u021bional &#8220;Costache Negruzzi&#8221; Ia\u0219i, profesor Iancu Florin, <strong>Men\u021biune M.E. \u0219i calificare la Olimpiada Interna\u021bional\u0103 de Geografie, Indonezia 2023<\/strong>.<\/p>\n<p style=\"text-align: justify;\"><strong>BALAN IUSTIN,<\/strong> clasa a IX-a,\u00a0 Colegiul National &#8220;Garabet Ibr\u0103ileanu&#8221; Ia\u0219i, profesor Dumitra\u0219cu Bogdan, <strong>Premiul III \u0219i calificare \u00een lotul pentru Balcaniada de Geografie, la Belgrad 2023.<\/strong><\/p>\n<p style=\"text-align: justify;\"><strong>ARAM\u0102 ANDREEA<\/strong>, clasa\u00a0\u00a0\u00a0 a XII-a,\u00a0 Colegiul National Ia\u0219i, profesor \u0218ipoteanu Anca-Iuliana,\u00a0 <strong>Premiul III.<\/strong><\/p>\n<p style=\"text-align: justify;\"><strong>STECLARU OCTAVIAN<\/strong>, clasa a X-a, Colegiul National &#8220;\u0218tefan cel Mare&#8221; H\u00e2rl\u0103u, profesor Olenic Alina Elena,\u00a0 <strong>Men\u021biune M.E.<\/strong><\/p>\n<p style=\"text-align: justify;\"><strong>MOGA ANDREI-IOAN<\/strong>, clasa a X-a, Colegiul Na\u021bional &#8220;Garabet Ibr\u0103ileanu&#8221; Ia\u0219i, profesor Dumitra\u0219cu Bogdan,\u00a0 <strong>Premiu special al SGR \u0219i Diploma de Excelenta UAIC.<\/strong><\/p>\n<p style=\"text-align: justify;\"><strong>JALBA ANDRADA<\/strong>, clasa a X-a,\u00a0 Colegiul Na\u021bional &#8220;Mihai Eminescu&#8221; Ia\u0219i, profesor Negrea-Vacari\u021ba Monica, <strong>Premiu special al SGR \u0219i Diploma de Excalen\u021ba UAIC.<\/strong><\/p>\n<p style=\"text-align: justify;\"><strong>MACSIM MIHAI<\/strong>, clasa a VIII-a,\u00a0 Colegiul Na\u021bional &#8220;Costache Negruzzi&#8221; Ia\u0219i, profesor Iancu Simona, <strong>Premiu Special al SGR \u0219i Diploma de Excelen\u021b\u0103 UAIC.<\/strong><\/p>\n<p style=\"text-align: justify;\"><strong>LUPA\u0218CU TUDOR-ALEXANDRU<\/strong>, clasa a VIII-a, \u00a0\u00a0\u00a0 Colegiul Na\u021bional &#8220;Emil Racovi\u021b\u0103&#8221;, Ia\u0219i, profesor Bogdan Denisa-\u0218tefania, <strong>Premiu special al SGR.<\/strong><\/p>\n<p style=\"text-align: justify;\"><strong>ONOFREI MIRUNA<\/strong>, clasa a IX-a,\u00a0 Colegiul Na\u021bional Ia\u0219i, profesor Fiscutean Dorin,\u00a0 <strong>Premiu special al SGR.<\/strong><\/p>\n<p style=\"text-align: justify;\"><strong>CIOBANU ILINCA, clasa<\/strong>\u00a0\u00a0\u00a0\u00a0 a IX-a, la Colegiul Na\u021bional Ia\u0219i, profesor Fiscutean Dorin, <strong>Premiu special al SGR.<\/strong><\/p>\n<p style=\"text-align: justify;\"><strong>ARGHIR OLIVIA, clasa<\/strong>\u00a0\u00a0\u00a0\u00a0\u00a0\u00a0 a X-a, Colegiul Na\u021bional &#8220;Costache Negruzzi&#8221; Ia\u0219i, profesor Iancu Simona, <strong>Premiu special al SGR.<\/strong><\/p>\n<p style=\"text-align: justify;\"><strong>NEM\u021aEANU VICTOR,<\/strong> clasa a X-a, Colegiul Na\u021bional &#8220;Emil Racovi\u021b\u0103&#8221;, Ia\u0219i, profesor Fo\u0219al\u0103u Cristian-Manuel, <strong>Premiu special al SGR.<\/strong><\/p>\n<p style=\"text-align: justify;\"><strong>BULGARIU ANDREI<\/strong>, clasa\u00a0 a XI-a, Colegiul Na\u021bional Ia\u0219i, profesor Fiscutean Cornelia Mihaela, <strong>Premiu special al SGR.<\/strong><\/p>\n<p style=\"text-align: justify;\"><strong>\u021aIFREA ANDREI<\/strong> clasa a XI-a, Colegiul Na\u021bional Ia\u0219i, profesor Fiscutean Cornelia Mihaela, <strong>Premiu special al SGR.<\/strong><\/p>\n<p style=\"text-align: justify;\"><strong>FEDORENCIUC ANDREI,<\/strong> clasa a XII-a, Colegiul Na\u021bional &#8220;Costache Negruzzi&#8221; Ia\u0219i, profesor Iancu Simona, <strong>Premiu special al SGR.<\/strong><\/p>\n<p style=\"text-align: justify;\"><strong>BUCATARIU DENISA \u2013FLORENTINA,<\/strong> clasa\u00a0 a XII-a, Colegiul Na\u021bional &#8220;\u0218tefan cel Mare&#8221; H\u00e2rl\u0103u, profesor Olenic Alina Elena,\u00a0 <strong>Premiu special al SGR.<\/strong><\/p>\n<p style=\"text-align: justify;\"><img loading=\"lazy\" decoding=\"async\" class=\"size-medium wp-image-70376 alignleft\" src=\"http:\/\/infois.ro\/wp-content\/uploads\/2023\/04\/geografi-cu-premii-3-390x260.jpg\" alt=\"\" width=\"390\" height=\"260\" srcset=\"http:\/\/infois.ro\/wp-content\/uploads\/2023\/04\/geografi-cu-premii-3-390x260.jpg 390w, http:\/\/infois.ro\/wp-content\/uploads\/2023\/04\/geografi-cu-premii-3.jpg 640w\" sizes=\"(max-width: 390px) 100vw, 390px\" \/>Au mai participat:<\/p>\n<p style=\"text-align: justify;\"><strong>MITOCARU IAN,<\/strong> clasa a X-a, Colegiul Na\u021bional Ia\u0219i, profesor Fiscutean Dorin,<\/p>\n<p style=\"text-align: justify;\"><strong>CARNARIU SERAFIM IUSTIN<\/strong> ,clasa a X-a, Colegiul Na\u021bional &#8220;Costache Negruzzi&#8221; Ia\u0219i, profesor Iancu Simona,<\/p>\n<p style=\"text-align: justify;\"><strong>\u021aU\u021aUEANU IOANA \u0219i MURARIU ALEXANDRA &#8211; ELENA,<\/strong> clasa a XII-a,\u00a0 Colegiul Na\u021bional &#8220;\u0218tefan cel Mare&#8221; H\u00e2rl\u0103u, profesor Olenic Alina Elena,<\/p>\n<p style=\"text-align: justify;\"><strong>CIORNEI COSMIN GABRIEL,<\/strong> clasa a XII-a, Liceul Tehnologic Economic de Turism Ia\u0219i, profesor Alb\u0103stroiu Elena Simona.<\/p>\n<p style=\"text-align: justify;\"><strong>EN\u0102CHESCU TEODORA<\/strong>, clasa a VIII-a, Colegiul Na\u021bional &#8220;Garabet Ibr\u0103ileanu&#8221; Ia\u0219i, profesor Dumitra\u0219cu Bogdan.<\/p>\n<p style=\"text-align: justify;\">Felicit\u0103ri tuturor, elevi \u0219i profesori coordonatori, pentru rezultatele de excep\u021bie ale Geografiei ie\u0219ene la Olimpiada Na\u021bional\u0103 din acest an! Felicit\u0103ri familiilor care au sus\u021binut ace\u0219ti copii \u00een drumul lor c\u0103tre performan\u021b\u0103!<\/p>\n<p style=\"text-align: justify;\">Mult succes elevului <strong>BALAN IUSTIN<\/strong>\u00a0 la Balcaniada de Geografie,\u00a0 Belgrad 2023, \u0219i elevilor <strong>HANGANU DANIEL &#8211; NICOLAE \u0219i OLARIU TUDOR<\/strong> la Olimpiada Interna\u021bional\u0103 de Geografie, The INTERNATIONAL GEOGRAPHY OLYMPIAD (iGeo) 8-14 august, Bandung, Indonesia 2023.<\/p>\n<p style=\"text-align: justify;\">Lotul Rom\u00e2niei, pentru cea mai prestigioas\u0103 competi\u021bie geografic\u0103 interna\u021bional\u0103, format din patru elevi rom\u00e2ni, dintre care doi ie\u0219eni, se va preg\u0103ti la Ia\u0219i, timp de dou\u0103 s\u0103pt\u0103m\u00e2ni, \u00een luna iunie 2023.<\/p>\n","protected":false},"excerpt":{"rendered":"<p>Rezultate excep\u0163ionale ob\u0163inute de elevii ie\u015feni la Olimpiada Na\u0163ional\u0103 de Geografie, desf\u0103\u015furat\u0103 \u00een perioada 9&#8230; <a class=\"meta-more\" href=\"http:\/\/infois.ro\/?p=70373\">more <span class=\"meta-nav\">&raquo;<\/span><\/a><\/p>\n","protected":false},"author":2,"featured_media":70374,"comment_status":"closed","ping_status":"closed","sticky":false,"template":"","format":"standard","meta":{"footnotes":""},"categories":[12,41],"tags":[74,89,40,16476,321],"aioseo_notices":[],"_links":{"self":[{"href":"http:\/\/infois.ro\/index.php?rest_route=\/wp\/v2\/posts\/70373"}],"collection":[{"href":"http:\/\/infois.ro\/index.php?rest_route=\/wp\/v2\/posts"}],"about":[{"href":"http:\/\/infois.ro\/index.php?rest_route=\/wp\/v2\/types\/post"}],"author":[{"embeddable":true,"href":"http:\/\/infois.ro\/index.php?rest_route=\/wp\/v2\/users\/2"}],"replies":[{"embeddable":true,"href":"http:\/\/infois.ro\/index.php?rest_route=%2Fwp%2Fv2%2Fcomments&post=70373"}],"version-history":[{"count":1,"href":"http:\/\/infois.ro\/index.php?rest_route=\/wp\/v2\/posts\/70373\/revisions"}],"predecessor-version":[{"id":70377,"href":"http:\/\/infois.ro\/index.php?rest_route=\/wp\/v2\/posts\/70373\/revisions\/70377"}],"wp:featuredmedia":[{"embeddable":true,"href":"http:\/\/infois.ro\/index.php?rest_route=\/wp\/v2\/media\/70374"}],"wp:attachment":[{"href":"http:\/\/infois.ro\/index.php?rest_route=%2Fwp%2Fv2%2Fmedia&parent=70373"}],"wp:term":[{"taxonomy":"category","embeddable":true,"href":"http:\/\/infois.ro\/index.php?rest_route=%2Fwp%2Fv2%2Fcategories&post=70373"},{"taxonomy":"post_tag","embeddable":true,"href":"http:\/\/infois.ro\/index.php?rest_route=%2Fwp%2Fv2%2Ftags&post=70373"}],"curies":[{"name":"wp","href":"https:\/\/api.w.org\/{rel}","templated":true}]}}