{"id":70472,"date":"2023-04-22T10:49:41","date_gmt":"2023-04-22T07:49:41","guid":{"rendered":"https:\/\/infois.ro\/?p=70472"},"modified":"2023-04-24T10:50:56","modified_gmt":"2023-04-24T07:50:56","slug":"aeroportul-iasi-locul-doi-in-topul-aeroporturilor-regionale-din-romania-in-privinta-tranzitului-de-calatori","status":"publish","type":"post","link":"http:\/\/infois.ro\/?p=70472","title":{"rendered":"Aeroportul Ia\u015fi, locul doi \u00een topul aeroporturilor regionale din Rom\u00e2nia \u00een privin\u0163a tranzitului de c\u0103l\u0103tori"},"content":{"rendered":"<p><img loading=\"lazy\" decoding=\"async\" class=\"size-medium wp-image-69184 alignleft\" src=\"http:\/\/infois.ro\/wp-content\/uploads\/2023\/03\/trafic-aeroportul-iasi-390x261.jpg\" alt=\"\" width=\"390\" height=\"261\" srcset=\"http:\/\/infois.ro\/wp-content\/uploads\/2023\/03\/trafic-aeroportul-iasi-390x261.jpg 390w, http:\/\/infois.ro\/wp-content\/uploads\/2023\/03\/trafic-aeroportul-iasi.jpg 640w\" sizes=\"(max-width: 390px) 100vw, 390px\" \/><\/p>\n<p style=\"text-align: justify;\">Aeroportul Ia\u015fi \u015fi-a consolidat \u00een luna martie locul doi \u00een topul aeroporturilor regionale la capitolul tranzit de c\u0103l\u0103tori, dup\u0103 Aeroportul din Cluj-Napoca \u0219i \u00eenaintea celui din Timi\u0219oara. Astfel, conform datelor publicate de Asocia\u0163ia Aeroporturilor din Rom\u00e2nia (AAR), \u00een luna martie, Aeroportul din Ia\u0219i a fost tranzitat de 140.017 de pasageri (\u00eembarca\u021bi \u0219i debarca\u021bi), cre\u0219terea fiind de 17,27% fa\u021b\u0103 de aceea\u0219i perioad\u0103 a anului 2022, c\u00e2nd au fost \u00eenregistra\u021bi 119.387 de pasageri, \u0219i cu 46,76% fa\u021b\u0103 de luna martie 2019, c\u00e2nd au c\u0103l\u0103torit 95.405 de persoane. Potrivit acelora\u015fi date, comparativ cu traficul aferent lunii februarie din acest an, c\u00e2nd pe Aeroportul din Ia\u015fi au fost \u00eenregistra\u0163i 98.945 de pasageri, \u00een luna martie, avansaul a fost de 41,50%.<\/p>\n","protected":false},"excerpt":{"rendered":"<p>Aeroportul Ia\u015fi \u015fi-a consolidat \u00een luna martie locul doi \u00een topul aeroporturilor regionale la capitolul&#8230; <a class=\"meta-more\" href=\"http:\/\/infois.ro\/?p=70472\">more <span class=\"meta-nav\">&raquo;<\/span><\/a><\/p>\n","protected":false},"author":2,"featured_media":67896,"comment_status":"closed","ping_status":"closed","sticky":false,"template":"","format":"standard","meta":{"footnotes":""},"categories":[6,41],"tags":[74,1394,3855,40,3877],"aioseo_notices":[],"_links":{"self":[{"href":"http:\/\/infois.ro\/index.php?rest_route=\/wp\/v2\/posts\/70472"}],"collection":[{"href":"http:\/\/infois.ro\/index.php?rest_route=\/wp\/v2\/posts"}],"about":[{"href":"http:\/\/infois.ro\/index.php?rest_route=\/wp\/v2\/types\/post"}],"author":[{"embeddable":true,"href":"http:\/\/infois.ro\/index.php?rest_route=\/wp\/v2\/users\/2"}],"replies":[{"embeddable":true,"href":"http:\/\/infois.ro\/index.php?rest_route=%2Fwp%2Fv2%2Fcomments&post=70472"}],"version-history":[{"count":1,"href":"http:\/\/infois.ro\/index.php?rest_route=\/wp\/v2\/posts\/70472\/revisions"}],"predecessor-version":[{"id":70473,"href":"http:\/\/infois.ro\/index.php?rest_route=\/wp\/v2\/posts\/70472\/revisions\/70473"}],"wp:featuredmedia":[{"embeddable":true,"href":"http:\/\/infois.ro\/index.php?rest_route=\/wp\/v2\/media\/67896"}],"wp:attachment":[{"href":"http:\/\/infois.ro\/index.php?rest_route=%2Fwp%2Fv2%2Fmedia&parent=70472"}],"wp:term":[{"taxonomy":"category","embeddable":true,"href":"http:\/\/infois.ro\/index.php?rest_route=%2Fwp%2Fv2%2Fcategories&post=70472"},{"taxonomy":"post_tag","embeddable":true,"href":"http:\/\/infois.ro\/index.php?rest_route=%2Fwp%2Fv2%2Ftags&post=70472"}],"curies":[{"name":"wp","href":"https:\/\/api.w.org\/{rel}","templated":true}]}}