{"id":70772,"date":"2023-05-09T11:40:28","date_gmt":"2023-05-09T08:40:28","guid":{"rendered":"http:\/\/infois.ro\/?p=70772"},"modified":"2023-05-09T11:40:28","modified_gmt":"2023-05-09T08:40:28","slug":"planul-noii-parcari-din-fata-terminalului-t4-prezentat-in-premiera-de-conducerea-aeroportului","status":"publish","type":"post","link":"http:\/\/infois.ro\/?p=70772","title":{"rendered":"Planul noii parc\u0103ri din fa\u0163a terminalului T4, prezentat \u00een premier\u0103 de conducerea Aeroportului"},"content":{"rendered":"<p><img loading=\"lazy\" decoding=\"async\" class=\"size-medium wp-image-70773 alignleft\" src=\"http:\/\/infois.ro\/wp-content\/uploads\/2023\/05\/parcare-aeroport-390x132.jpg\" alt=\"\" width=\"390\" height=\"132\" srcset=\"http:\/\/infois.ro\/wp-content\/uploads\/2023\/05\/parcare-aeroport-390x132.jpg 390w, http:\/\/infois.ro\/wp-content\/uploads\/2023\/05\/parcare-aeroport.jpg 640w\" sizes=\"(max-width: 390px) 100vw, 390px\" \/><\/p>\n<p style=\"text-align: justify;\">Conducerea Aeroportul Ia\u015fi a prezentat, \u00een premier\u0103, planul noii parc\u0103ri a aeroportului, a c\u0103rei lucr\u0103ri au \u00eenceput \u00een aceast\u0103 s\u0103pt\u0103m\u00e2n\u0103. Potrivit directorului general al aeroportului, Romeo Vatr\u0103, \u00een acest an, pe l\u00e2ng\u0103 parcare, vor fi finalizate \u015fi lucr\u0103rile la noul terminal T4, precum \u015fi la parcul fotovoltaic de 1MWh. Anul viitor, urmeaz\u0103 s\u0103 fie finalizat\u0103 noua parcare de lunga durat\u0103 de 250 locuri, s\u0103 fie reamenajat \u015fi extins terminalul T3, \u00een timp ce terminalul T2 va fi transformat \u00een terminal cargo. Totodat\u0103 va fi reconfigurat \u015fi terminalul T1 pentru spa\u0163ii de office \u015fi va fi modernizat balizajul cu LED.<\/p>\n<p style=\"text-align: justify;\">Trecem prin cel mai complex proces de modernizare a aeroportului din istoria lui. Le mul\u0163umim celor care \u00eenteleg efortul nostru \u015fi \u00eel apreciaz\u0103, le mul\u0163umim \u015fi celor care nu vor s\u0103 \u00een\u0163eleag\u0103 \u015fi ne critic\u0103, pentru c\u0103 vrem s\u0103 fim din ce \u00een ce mai buni. Progresul se ob\u0163ine doar dac\u0103 trecem printr-un proces continuu de \u00eenv\u0103\u0163are \u015fi adaptare. Dac\u0103 ne dorim dezvoltare, trebuie s\u0103 vizualiz\u0103m foarte clar ce vrem, s\u0103 nu ne \u00eenchist\u0103m \u00een trecut, cli\u015fee, temeri \u015fi prejudec\u0103\u0163i, s\u0103 avem curajul de a p\u0103\u015fi \u00een fa\u0163\u0103, de a ne asuma riscuri, s\u0103 avem voin\u0163a \u015fi puterea de a modela viitorul a\u015fa cum ni-l dorim, a scris Romeo Vatr\u0103 pe Facebook. .<\/p>\n<p style=\"text-align: justify;\">Lucr\u0103rile la noua parcare din fa\u0163a terminalului T4, care au demarat \u00eena ceast\u0103 s\u0103pt\u0103m\u00e2n\u0103, sunt estimate a dura circa trei luni, perioad\u0103 \u00een care pasagerii care vin la aeroport pot folosi parc\u0103rile terasate de la Ciric, de unde vor beneficia apoi de transport public cu o frecven\u0163\u0103 de 30 minute p\u00e2n\u0103 la aerogar\u0103.<\/p>\n<p style=\"text-align: justify;\">Reamintim c\u0103 lucr\u0103rile de extindere a parc\u0103rii reprezint\u0103 o component\u0103 important\u0103 a proiectului de dezvoltare a aeroportului, finan\u0163at cu fonduri europene, \u00een valoare de 80 milioane euro, care include un nou terminal de 31.000 de metri p\u0103tra\u0163i, o parcare cu o capacitatre de 600 de locuri \u015fi un parc fotovoltaic \u00eentins pe o suprafa\u0163\u0103 de 10.000 de metri p\u0103tra\u0163i, cu o putere instalat\u0103 de 1MWh.<\/p>\n","protected":false},"excerpt":{"rendered":"<p>Conducerea Aeroportul Ia\u015fi a prezentat, \u00een premier\u0103, planul noii parc\u0103ri a aeroportului, a c\u0103rei lucr\u0103ri&#8230; <a class=\"meta-more\" href=\"http:\/\/infois.ro\/?p=70772\">more <span class=\"meta-nav\">&raquo;<\/span><\/a><\/p>\n","protected":false},"author":2,"featured_media":70773,"comment_status":"closed","ping_status":"closed","sticky":false,"template":"","format":"standard","meta":{"footnotes":""},"categories":[6,41],"tags":[74,1394,40,2476],"aioseo_notices":[],"_links":{"self":[{"href":"http:\/\/infois.ro\/index.php?rest_route=\/wp\/v2\/posts\/70772"}],"collection":[{"href":"http:\/\/infois.ro\/index.php?rest_route=\/wp\/v2\/posts"}],"about":[{"href":"http:\/\/infois.ro\/index.php?rest_route=\/wp\/v2\/types\/post"}],"author":[{"embeddable":true,"href":"http:\/\/infois.ro\/index.php?rest_route=\/wp\/v2\/users\/2"}],"replies":[{"embeddable":true,"href":"http:\/\/infois.ro\/index.php?rest_route=%2Fwp%2Fv2%2Fcomments&post=70772"}],"version-history":[{"count":1,"href":"http:\/\/infois.ro\/index.php?rest_route=\/wp\/v2\/posts\/70772\/revisions"}],"predecessor-version":[{"id":70774,"href":"http:\/\/infois.ro\/index.php?rest_route=\/wp\/v2\/posts\/70772\/revisions\/70774"}],"wp:featuredmedia":[{"embeddable":true,"href":"http:\/\/infois.ro\/index.php?rest_route=\/wp\/v2\/media\/70773"}],"wp:attachment":[{"href":"http:\/\/infois.ro\/index.php?rest_route=%2Fwp%2Fv2%2Fmedia&parent=70772"}],"wp:term":[{"taxonomy":"category","embeddable":true,"href":"http:\/\/infois.ro\/index.php?rest_route=%2Fwp%2Fv2%2Fcategories&post=70772"},{"taxonomy":"post_tag","embeddable":true,"href":"http:\/\/infois.ro\/index.php?rest_route=%2Fwp%2Fv2%2Ftags&post=70772"}],"curies":[{"name":"wp","href":"https:\/\/api.w.org\/{rel}","templated":true}]}}