{"id":70879,"date":"2023-05-11T19:32:27","date_gmt":"2023-05-11T16:32:27","guid":{"rendered":"http:\/\/infois.ro\/?p=70879"},"modified":"2023-05-12T09:40:35","modified_gmt":"2023-05-12T06:40:35","slug":"berarium-tankeria-ursus-un-concept-in-premiera-bere-la-tank-adusa-direct-din-linia-de-productie-a-fabricii-concert-timpuri-noi-in-acest-weekend","status":"publish","type":"post","link":"http:\/\/infois.ro\/?p=70879","title":{"rendered":"Berarium Tankeria Ursus, un concept \u00een premier\u0103: bere la Tank adus\u0103 direct din linia de produc\u021bie a fabricii. Concert Timpuri Noi, \u00een acest weekend"},"content":{"rendered":"<p><img loading=\"lazy\" decoding=\"async\" class=\"size-medium wp-image-70880 alignleft\" src=\"http:\/\/infois.ro\/wp-content\/uploads\/2023\/05\/berarium1-390x260.jpg\" alt=\"\" width=\"390\" height=\"260\" srcset=\"http:\/\/infois.ro\/wp-content\/uploads\/2023\/05\/berarium1-390x260.jpg 390w, http:\/\/infois.ro\/wp-content\/uploads\/2023\/05\/berarium1.jpg 640w\" sizes=\"(max-width: 390px) 100vw, 390px\" \/><\/p>\n<p class=\"yiv6124424794MsoNormal\" style=\"text-align: justify;\"><b><i>O nou\u0103 loca\u021bie, cu un concept unic \u00een regiunea de Nord-Est a Rom\u00e2niei, s-a deschis \u00een Ansamblul Palas \u2013 Berarium Tankeria Ursus. Ie\u0219enii se pot bucura de acum de berea Ursus nepasteurizat\u0103 la Tank, care este adus\u0103 direct din fabrica produc\u0103torului, \u00een maximum 24 de ore de la fabricare. BERARIUM este locul \u00een care distrac\u021bia \u0219i savoarea se \u00eent\u00e2lnesc, prietenii se reunesc, iar muzica live \u0219i berea sunt vedetele serilor de var\u0103 \u0219i nu numai. Inaugurarea oficial\u0103 a loca\u021biei a adunat aproximativ 1.200 de ie\u0219eni care, timp de trei zile, au participat la concerte sus\u021binute de arti\u0219ti na\u021bionali, precum: Damian Dr\u0103ghici &amp; Brothers, Iris \u0219i Pepe. Evenimentele continu\u0103 la Berarium, iar \u00een acest weekend, c\u00e2nd trupa Timpuri Noi va c\u00e2nta live.<\/i><\/b><\/p>\n<p class=\"yiv6124424794MsoNormal\" style=\"text-align: justify;\"><b><i> <img loading=\"lazy\" decoding=\"async\" class=\"size-medium wp-image-70881 alignright\" src=\"http:\/\/infois.ro\/wp-content\/uploads\/2023\/05\/berarium2-390x260.jpg\" alt=\"\" width=\"390\" height=\"260\" srcset=\"http:\/\/infois.ro\/wp-content\/uploads\/2023\/05\/berarium2-390x260.jpg 390w, http:\/\/infois.ro\/wp-content\/uploads\/2023\/05\/berarium2.jpg 640w\" sizes=\"(max-width: 390px) 100vw, 390px\" \/><\/i><\/b><\/p>\n<p class=\"yiv6124424794MsoNormal\" style=\"text-align: justify;\"><b>Berarium Tankeria Ursus\u00a0<\/b>a fost inaugurat\u0103 de cur\u00e2nd \u00een Ansamblul Palas, iar la evenimentele de inaugurare au participat aproximativ 1.200 de ie\u0219eni. Noua loca\u021bie este o premier\u0103 \u00een regiune, aici put\u00e2nd fi consumat\u0103 bere la Tank. Acest tip de bere este special\u0103 deoarece este adus\u0103, \u00een maximum 24 de ore, direct din linia de produc\u021bie a fabricii Ursus, cu Tankuri speciale pentru transport \u0219i nu este expus\u0103 la lumin\u0103, nici \u00een timpul transportului \u0219i nici la depozitare. \u00cen loca\u021bia din Palas sunt trei Tankuri a c\u00e2te 250 de litri dispuse deasupra barului, la care se mai adaug\u0103 \u00eenc\u0103 un Tank \u00een spatele barului, ce a fost adus special de la Cluj din cadrul festivalului Untold.<\/p>\n<p class=\"yiv6124424794MsoNormal\" style=\"text-align: justify;\">\n<p class=\"yiv6124424794MsoNormal\" style=\"text-align: justify;\">\u201e<b><i>Weekend-ul trecut s-a deschis Berarium Tankeria Ursus. \u00centr-o atmosfer\u0103 incendiar\u0103, cu 1.000 de litri de bere Ursus la Tank \u0219i multe bun\u0103t\u0103\u021bi preg\u0103tite de Chef Cezar Munteanu am petrecut momente memorabile. Ursus la Tank va fi cu siguran\u021b\u0103 vedeta verii la Ia\u0219i \u0219i va \u00abconcerta\u00bb \u00een fiecare zi la BERARIUM<\/i><\/b>\u201d, a declarat\u00a0<b>Luiza Barariu &#8211; Territory Trade Marketing Manager Ursus Breweries SA.<\/b><\/p>\n<p class=\"yiv6124424794MsoNormal\" style=\"text-align: justify;\"><img loading=\"lazy\" decoding=\"async\" class=\"size-medium wp-image-70882 alignleft\" src=\"http:\/\/infois.ro\/wp-content\/uploads\/2023\/05\/berarium3-390x260.jpg\" alt=\"\" width=\"390\" height=\"260\" srcset=\"http:\/\/infois.ro\/wp-content\/uploads\/2023\/05\/berarium3-390x260.jpg 390w, http:\/\/infois.ro\/wp-content\/uploads\/2023\/05\/berarium3.jpg 640w\" sizes=\"(max-width: 390px) 100vw, 390px\" \/><\/p>\n<p class=\"yiv6124424794MsoNormal\" style=\"text-align: justify;\"><b>S\u00e2mb\u0103t\u0103<\/b>,\u00a0<b>13 mai<\/b>,\u00a0<b>de la ora 21.00<\/b>, la Berarium va avea loc un nou concert, sus\u021binut de\u00a0<b>trupa Timpuri Noi<\/b>. Biletele sunt limitate \u0219i pot fi achizi\u021bionate de pe site-ul\u00a0<a href=\"https:\/\/m.iabilet.ro\/bilete-iasi-concert-timpuri-noi-berarium-tankeria-ursus-85856?fbclid=IwAR2feiKldW0KooM9YW_nDFFzrgp9_Bf1zl4-TXw8pLnKnIoIerWE6k0PsCA\" target=\"_blank\" rel=\"nofollow noopener noreferrer\">iabilet.ro<\/a>. Ca s\u0103 fii mereu la curent cu evenimentele ce vor avea loc \u00een loca\u021bie, urm\u0103re\u0219te pagina de Facebook\u00a0<a href=\"https:\/\/www.facebook.com\/berarium.tankeria.ursus\/\" target=\"_blank\" rel=\"nofollow noopener noreferrer\">Berarium Tankeria Ursus<\/a>.<\/p>\n<p class=\"yiv6124424794MsoNormal\" style=\"text-align: justify;\">\n<p class=\"yiv6124424794MsoNormal\" style=\"text-align: justify;\"><b>\u201e<i>Povestea Berarium abia \u00eencepe. Promitem s\u0103 recuper\u0103m tot ce a lipsit \u00een anii din pandemie: bucuria de a \u00eemp\u0103r\u021bi o bere proasp\u0103t\u0103, de a r\u00e2de cu prietenii la un stand-up \u0219i entuziasmul concertelor live. Dup\u0103 Timpuri Noi, urc\u0103 pe scena noastr\u0103 \u0219i Proconsul, Bere Gratis, Pavel Stratan, Simion Bogdan \u0219i L\u0103utarii de M\u0103tase \u0219i mul\u021bi al\u021bi arti\u0219ti<\/i><\/b><i>\u201d<\/i>, ne-a \u00eemp\u0103rt\u0103\u0219it\u00a0<b>Cristi Ardelean &#8211; Manager Dezvoltare MOO the Group<\/b>.<\/p>\n<p class=\"yiv6124424794MsoNormal\" style=\"text-align: justify;\">\n<p class=\"yiv6124424794MsoNormal\" style=\"text-align: justify;\">Dar surprizele sunt mult mai multe, iar calendarul celor de la Berarium este plin de evenimente. Timpul trece repede \u00een atmosfera vie de pe terasa cu vedere c\u0103tre Palatul Culturii, dar \u0219i \u00een interiorul plin de personalitate, cu detalii moderne \u0219i totu\u0219i extrem de prietenos.<\/p>\n<p class=\"yiv6124424794MsoNormal\" style=\"text-align: justify;\">\n<p class=\"yiv6124424794MsoNormal\" style=\"text-align: justify;\"><b><i>\u201eNimic nu e a\u0219ezat \u00eent\u00e2mpl\u0103tor la noi \u00een ber\u0103rie. Tankurile sunt spectaculoase \u0219i mereu pline cu bere proasp\u0103t\u0103, dar aten\u021bia va fi, inevitabil, pe scen\u0103. \u0218i amintirile pe care le vom construi \u00eempreun\u0103 cu ie\u0219enii aici vor fi de neuitat. Credem c\u0103 Berarium va fi cel mai iubit punct de \u00eent\u00e2lnire \u00een aceast\u0103 var\u0103\u201d<\/i><\/b>, ne-a mai spus Cristi Ardelean.<\/p>\n<p class=\"yiv6124424794MsoNormal\" style=\"text-align: justify;\"><img loading=\"lazy\" decoding=\"async\" class=\"size-medium wp-image-70883 alignright\" src=\"http:\/\/infois.ro\/wp-content\/uploads\/2023\/05\/berarium4-390x260.jpg\" alt=\"\" width=\"390\" height=\"260\" srcset=\"http:\/\/infois.ro\/wp-content\/uploads\/2023\/05\/berarium4-390x260.jpg 390w, http:\/\/infois.ro\/wp-content\/uploads\/2023\/05\/berarium4.jpg 640w\" sizes=\"(max-width: 390px) 100vw, 390px\" \/><\/p>\n<p class=\"yiv6124424794MsoNormal\" style=\"text-align: justify;\">Pentru o experien\u021b\u0103 complet\u0103, la cel mai \u00eenalt nivel, Berarium are \u0219i un meniu g\u00e2ndit de Chef Cezar Munteanu, care propune o incursiune modern\u0103 \u00een buc\u0103t\u0103ria tradi\u021bional\u0103 rom\u00e2neasc\u0103. \u00cen acela\u0219i timp, pentru fiecare fel de m\u00e2ncare un specialist Ursus a venit cu o propunere de beri asociate, care complimenteaz\u0103 preparatele culinare.<\/p>\n<p class=\"yiv6124424794MsoNormal\" style=\"text-align: justify;\">\n<p class=\"yiv6124424794MsoNormal\" style=\"text-align: justify;\"><b>\u201e<i>Ie\u0219enii sunt oameni inimo\u0219i, sprinteni \u0219i vorb\u0103re\u021bi. A fost o \u00eenc\u00e2ntare s\u0103 creez un meniu de voie bun\u0103, pentru a\u0219a oameni faini. Am pornit de la iubirea de r\u0103d\u0103cini, cu preparate tradi\u021bionale, dar am inclus \u0219i preparate \u00eembr\u0103\u021bi\u0219ate cu mare drag de rom\u00e2ni cum sunt pastele, pizza \u0219i burgerii<\/i>\u201d,\u00a0<\/b>ne-a spus<b>\u00a0Chef Cezar Munteanu\u00a0<\/b>despre colaborarea cu Berarium<b>.<\/b><\/p>\n<p class=\"yiv6124424794MsoNormal\" style=\"text-align: justify;\"><img loading=\"lazy\" decoding=\"async\" class=\"size-medium wp-image-70884 alignleft\" src=\"http:\/\/infois.ro\/wp-content\/uploads\/2023\/05\/berarium5-390x260.jpg\" alt=\"\" width=\"390\" height=\"260\" srcset=\"http:\/\/infois.ro\/wp-content\/uploads\/2023\/05\/berarium5-390x260.jpg 390w, http:\/\/infois.ro\/wp-content\/uploads\/2023\/05\/berarium5.jpg 640w\" sizes=\"(max-width: 390px) 100vw, 390px\" \/><\/p>\n<p class=\"yiv6124424794MsoNormal\" style=\"text-align: justify;\">Descoper\u0103 berea Ursus la Tank, la BERARIUM Tankeria Ursus din Palas!<\/p>\n<p><img loading=\"lazy\" decoding=\"async\" class=\"alignnone size-medium wp-image-70888\" src=\"http:\/\/infois.ro\/wp-content\/uploads\/2023\/05\/berarium9-390x260.jpg\" alt=\"\" width=\"390\" height=\"260\" srcset=\"http:\/\/infois.ro\/wp-content\/uploads\/2023\/05\/berarium9-390x260.jpg 390w, http:\/\/infois.ro\/wp-content\/uploads\/2023\/05\/berarium9.jpg 640w\" sizes=\"(max-width: 390px) 100vw, 390px\" \/><\/p>\n<p><img loading=\"lazy\" decoding=\"async\" class=\"alignnone size-medium wp-image-70887\" src=\"http:\/\/infois.ro\/wp-content\/uploads\/2023\/05\/berarium8-390x260.jpg\" alt=\"\" width=\"390\" height=\"260\" srcset=\"http:\/\/infois.ro\/wp-content\/uploads\/2023\/05\/berarium8-390x260.jpg 390w, http:\/\/infois.ro\/wp-content\/uploads\/2023\/05\/berarium8.jpg 640w\" sizes=\"(max-width: 390px) 100vw, 390px\" \/><\/p>\n<p><img loading=\"lazy\" decoding=\"async\" class=\"alignnone size-medium wp-image-70886\" src=\"http:\/\/infois.ro\/wp-content\/uploads\/2023\/05\/berarium7-390x260.jpg\" alt=\"\" width=\"390\" height=\"260\" srcset=\"http:\/\/infois.ro\/wp-content\/uploads\/2023\/05\/berarium7-390x260.jpg 390w, http:\/\/infois.ro\/wp-content\/uploads\/2023\/05\/berarium7.jpg 640w\" sizes=\"(max-width: 390px) 100vw, 390px\" \/><\/p>\n<p><img loading=\"lazy\" decoding=\"async\" class=\"alignnone size-medium wp-image-70885\" src=\"http:\/\/infois.ro\/wp-content\/uploads\/2023\/05\/berarium6-390x260.jpg\" alt=\"\" width=\"390\" height=\"260\" srcset=\"http:\/\/infois.ro\/wp-content\/uploads\/2023\/05\/berarium6-390x260.jpg 390w, http:\/\/infois.ro\/wp-content\/uploads\/2023\/05\/berarium6.jpg 640w\" sizes=\"(max-width: 390px) 100vw, 390px\" \/><\/p>\n","protected":false},"excerpt":{"rendered":"<p>O nou\u0103 loca\u021bie, cu un concept unic \u00een regiunea de Nord-Est a Rom\u00e2niei, s-a deschis&#8230; <a class=\"meta-more\" href=\"http:\/\/infois.ro\/?p=70879\">more <span class=\"meta-nav\">&raquo;<\/span><\/a><\/p>\n","protected":false},"author":2,"featured_media":70880,"comment_status":"closed","ping_status":"closed","sticky":false,"template":"","format":"standard","meta":{"footnotes":""},"categories":[6,41],"tags":[74,16553,16554,40,100],"aioseo_notices":[],"_links":{"self":[{"href":"http:\/\/infois.ro\/index.php?rest_route=\/wp\/v2\/posts\/70879"}],"collection":[{"href":"http:\/\/infois.ro\/index.php?rest_route=\/wp\/v2\/posts"}],"about":[{"href":"http:\/\/infois.ro\/index.php?rest_route=\/wp\/v2\/types\/post"}],"author":[{"embeddable":true,"href":"http:\/\/infois.ro\/index.php?rest_route=\/wp\/v2\/users\/2"}],"replies":[{"embeddable":true,"href":"http:\/\/infois.ro\/index.php?rest_route=%2Fwp%2Fv2%2Fcomments&post=70879"}],"version-history":[{"count":1,"href":"http:\/\/infois.ro\/index.php?rest_route=\/wp\/v2\/posts\/70879\/revisions"}],"predecessor-version":[{"id":70889,"href":"http:\/\/infois.ro\/index.php?rest_route=\/wp\/v2\/posts\/70879\/revisions\/70889"}],"wp:featuredmedia":[{"embeddable":true,"href":"http:\/\/infois.ro\/index.php?rest_route=\/wp\/v2\/media\/70880"}],"wp:attachment":[{"href":"http:\/\/infois.ro\/index.php?rest_route=%2Fwp%2Fv2%2Fmedia&parent=70879"}],"wp:term":[{"taxonomy":"category","embeddable":true,"href":"http:\/\/infois.ro\/index.php?rest_route=%2Fwp%2Fv2%2Fcategories&post=70879"},{"taxonomy":"post_tag","embeddable":true,"href":"http:\/\/infois.ro\/index.php?rest_route=%2Fwp%2Fv2%2Ftags&post=70879"}],"curies":[{"name":"wp","href":"https:\/\/api.w.org\/{rel}","templated":true}]}}