{"id":70977,"date":"2023-05-15T13:53:11","date_gmt":"2023-05-15T10:53:11","guid":{"rendered":"http:\/\/infois.ro\/?p=70977"},"modified":"2023-05-15T13:53:11","modified_gmt":"2023-05-15T10:53:11","slug":"palas-campus-a-primit-distinctia-best-of-the-best-regional-office-development-of-the-year-in-cadrul-hall-of-fame-awards-2023-al-cij-din-praga","status":"publish","type":"post","link":"http:\/\/infois.ro\/?p=70977","title":{"rendered":"Palas Campus a primit distinc\u021bia Best of the Best Regional Office Development of the Year \u00een cadrul Hall of Fame Awards 2023 al CIJ, din Praga"},"content":{"rendered":"<p><img loading=\"lazy\" decoding=\"async\" class=\"size-medium wp-image-70978 alignleft\" src=\"http:\/\/infois.ro\/wp-content\/uploads\/2023\/05\/PALAS-CAMPUS-01-390x219.jpg\" alt=\"\" width=\"390\" height=\"219\" srcset=\"http:\/\/infois.ro\/wp-content\/uploads\/2023\/05\/PALAS-CAMPUS-01-390x219.jpg 390w, http:\/\/infois.ro\/wp-content\/uploads\/2023\/05\/PALAS-CAMPUS-01-140x80.jpg 140w, http:\/\/infois.ro\/wp-content\/uploads\/2023\/05\/PALAS-CAMPUS-01.jpg 640w\" sizes=\"(max-width: 390px) 100vw, 390px\" \/><\/p>\n<p class=\"yiv7855199961MsoNormal\" style=\"text-align: justify;\"><b><i>Gala Hall of Fame 2023, organizat\u0103 de Construction &amp; Investment Journal (CIJ), premiaz\u0103 anual performan\u021ba, inova\u021bia \u0219i dezvoltarea profesioni\u0219tilor care activeaz\u0103 \u00een pia\u021ba real-estate din Europa Central\u0103 \u0219i de Est. \u00cen cadrul acesteia, Palas Campus a primit distinc\u021bia Best of the Best Regional Office Development of the Year din Rom\u00e2nia pentru complexul proiect de regenerare urban\u0103 inaugurat recent \u00een centrul Ia\u0219ului. Este vorba despre cea mai mare cl\u0103dire de birouri din \u021bar\u0103, unde 13 companii de talie mondial\u0103 \u0219i-au stabilit sediile \u0219i care g\u0103zduie\u0219te la parter diverse facilit\u0103\u021bi, necesare at\u00e2t celor care utilizeaz\u0103 \u0219i \u00eensufle\u021besc acest nou spa\u021biu, c\u00e2t \u0219i celor care locuiesc \u00een proximitate.\u00a0<\/i><\/b><\/p>\n<p class=\"yiv7855199961MsoNormal\" style=\"text-align: justify;\"><b>\u00a0<\/b><\/p>\n<p class=\"yiv7855199961MsoNormal\" style=\"text-align: justify;\">Proiectul\u00a0<b>Palas Campus<\/b>, cea mai mare cl\u0103dire de birouri din Rom\u00e2nia, cu o\u00a0<b>suprafa\u021b\u0103 de 60.000 mp,\u00a0<\/b>este de\u021bin\u0103torul unui premiu interna\u021bional valoros, la categoria office:\u00a0<b>Best of the Best Regional Office Development of the Year.\u00a0<\/b>Distinc\u021bia a fost oferit\u0103 \u00een cadrul\u00a0<b>Galei Hall of Fame 2023\u00a0<\/b>din Praga, ce a avut loc la finalul lunii aprilie \u0219i care este organizat\u0103 anual de<b>\u00a0CIJ Europe.<\/b><\/p>\n<p class=\"yiv7855199961MsoNormal\" style=\"text-align: justify;\"><img loading=\"lazy\" decoding=\"async\" class=\"size-medium wp-image-70980 alignright\" src=\"http:\/\/infois.ro\/wp-content\/uploads\/2023\/05\/PALAS-CAMPUS-02-390x219.jpg\" alt=\"\" width=\"390\" height=\"219\" srcset=\"http:\/\/infois.ro\/wp-content\/uploads\/2023\/05\/PALAS-CAMPUS-02-390x219.jpg 390w, http:\/\/infois.ro\/wp-content\/uploads\/2023\/05\/PALAS-CAMPUS-02-140x80.jpg 140w, http:\/\/infois.ro\/wp-content\/uploads\/2023\/05\/PALAS-CAMPUS-02.jpg 640w\" sizes=\"(max-width: 390px) 100vw, 390px\" \/><\/p>\n<p class=\"yiv7855199961MsoNormal\" style=\"text-align: justify;\"><b>Palas Campus\u00a0<\/b>este o continuare a primului proiect mixed-use de regenerare urban\u0103 din Rom\u00e2nia &#8211;\u00a0<b>Palas Ia\u0219i<\/b>\u00a0&#8211; situat \u00een imediata vecin\u0103tate, beneficiind de multiplele func\u021biuni ale ansamblului. Investi\u021bia a fost de\u00a0<b>peste 120 milioane de euro<\/b>, iar construc\u021bia a durat mai pu\u021bin de trei ani, fiind \u00eenceput\u0103 \u00een plin\u0103 pandemie. Cl\u0103direa este \u00eenchiriat\u0103 integral \u015fi include companii multina\u0163ionale din domenii precum IT, automotive \u015fi asigur\u0103ri, care totalizeaz\u0103\u00a0<b>peste 5.000 de angaja\u0163i<\/b>. Printre ace\u0219tia se num\u0103r\u0103:\u00a0<b>Amazon, Microsoft, Cognizant Softvision, Visma<\/b>\u00a0etc. La parter, imobilul g\u0103zduie\u0219te cafenelele\u00a0<b>Tucano Coffee, Teo&#8217;s Cafe,<\/b>\u00a0centrul medical\u00a0<b>Emerald,\u00a0<\/b>laboratorul de analize<b>\u00a0Praxis,\u00a0<\/b>dar se vor inaugura \u0219i restaurante, alte loca\u021bii cu servicii, un supermarket \u0219i o sal\u0103 de fitness.\u00a0 Mai mult dec\u00e2t at\u00e2t,\u00a0<b>Palas Campus<\/b>\u00a0este unicul proiect din Rom\u00e2nia care se afl\u0103 \u00een dublu proces de certificare green:\u00a0<b>EDGE<\/b>\u00a0(Excellence in Design for Greater Efficiencies) din partea IFC, care confirm\u0103 atingerea unor parametri de economisire a resurselor \u0219i eficien\u021b\u0103 \u00een operare \u0219i\u00a0<b>LEED<\/b>\u00a0(Leadership in Energy and Environmental Design) al US Green Building Council, care certific\u0103 sustenabilitatea \u00een proiectare, construc\u021bie \u0219i operare.<\/p>\n<p class=\"yiv7855199961MsoNormal\" style=\"text-align: justify;\"><img loading=\"lazy\" decoding=\"async\" class=\"size-medium wp-image-70981 alignleft\" src=\"http:\/\/infois.ro\/wp-content\/uploads\/2023\/05\/PALAS-CAMPUS-03-390x219.jpg\" alt=\"\" width=\"390\" height=\"219\" srcset=\"http:\/\/infois.ro\/wp-content\/uploads\/2023\/05\/PALAS-CAMPUS-03-390x219.jpg 390w, http:\/\/infois.ro\/wp-content\/uploads\/2023\/05\/PALAS-CAMPUS-03-140x80.jpg 140w, http:\/\/infois.ro\/wp-content\/uploads\/2023\/05\/PALAS-CAMPUS-03.jpg 640w\" sizes=\"(max-width: 390px) 100vw, 390px\" \/><\/p>\n<p class=\"yiv7855199961MsoNormal\" style=\"text-align: justify;\">Astfel, hub-ul de business dezvoltat \u00een centrul Ia\u015fului de\u00a0<b>compania IULIUS<\/b>,\u00a0<b>Palas Campus<\/b>\u00a0\u0219i re\u021beaua\u00a0<b>United Business Center<\/b>\u00a0din cadrul\u00a0<b>Palas Ia\u0219i<\/b>, integreaz\u0103 \u00een total\u00a0<b>8 cl\u0103diri<\/b>\u00a0\u015fi\u00a0<b>130.000 mp<\/b>\u00a0<b>de birouri clasa A<\/b>, care g\u0103zduiesc\u00a0<b>peste 70 de companii<\/b>\u00a0din cele mai dinamice \u0219i creative sectoare, sporind atractivitatea Ia\u0219ului \u0219i pozi\u021bia sa de lider regional \u00een domeniul tehnologiei \u0219i inova\u021biei.<\/p>\n<p class=\"yiv7855199961MsoNormal\" style=\"text-align: justify;\">\n<p class=\"yiv7855199961MsoNormal\" style=\"text-align: justify;\"><b>\u201eAcest premiu reprezint\u0103 recunoa\u0219terea performan\u021belor IULIUS \u00een domeniul dezvolt\u0103rii \u0219i oper\u0103rii de ansambluri mixed-use \u0219i demonstreaz\u0103 din nou angajamentul companiei fa\u021b\u0103 de calitate, inova\u021bie \u0219i sustenabilitate \u00een toate proiectele sale\u201d,\u00a0<\/b>a spus\u00a0<b>Ionu\u021b Pavel, Office Buildings Manager United Business Center\u00a0<\/b>\u0219i\u00a0<b>Palas Campus.<\/b><b><\/b><\/p>\n<p class=\"yiv7855199961MsoNormal\" style=\"text-align: justify;\"><img loading=\"lazy\" decoding=\"async\" class=\"size-medium wp-image-70982 alignright\" src=\"http:\/\/infois.ro\/wp-content\/uploads\/2023\/05\/PALAS-CAMPUS-04-390x219.jpg\" alt=\"\" width=\"390\" height=\"219\" srcset=\"http:\/\/infois.ro\/wp-content\/uploads\/2023\/05\/PALAS-CAMPUS-04-390x219.jpg 390w, http:\/\/infois.ro\/wp-content\/uploads\/2023\/05\/PALAS-CAMPUS-04-140x80.jpg 140w, http:\/\/infois.ro\/wp-content\/uploads\/2023\/05\/PALAS-CAMPUS-04.jpg 640w\" sizes=\"(max-width: 390px) 100vw, 390px\" \/><\/p>\n<p class=\"yiv7855199961MsoNormal\" style=\"text-align: justify;\">Premiile\u00a0<b>CIJ\u00a0<\/b>sunt dedicate profesioni\u015ftilor din domeniul proiectelor real-estate din Europa Central\u0103 \u0219i de Est, iar juriul este format din speciali\u015fti de top care acoper\u0103 toate domeniile de activitate ale categoriilor de premii.<\/p>\n<p><img loading=\"lazy\" decoding=\"async\" class=\"alignnone size-medium wp-image-70983\" src=\"http:\/\/infois.ro\/wp-content\/uploads\/2023\/05\/PALAS-CAMPUS-05-390x219.jpg\" alt=\"\" width=\"390\" height=\"219\" srcset=\"http:\/\/infois.ro\/wp-content\/uploads\/2023\/05\/PALAS-CAMPUS-05-390x219.jpg 390w, http:\/\/infois.ro\/wp-content\/uploads\/2023\/05\/PALAS-CAMPUS-05-140x80.jpg 140w, http:\/\/infois.ro\/wp-content\/uploads\/2023\/05\/PALAS-CAMPUS-05.jpg 640w\" sizes=\"(max-width: 390px) 100vw, 390px\" \/><\/p>\n","protected":false},"excerpt":{"rendered":"<p>Gala Hall of Fame 2023, organizat\u0103 de Construction &amp; Investment Journal (CIJ), premiaz\u0103 anual performan\u021ba,&#8230; <a class=\"meta-more\" href=\"http:\/\/infois.ro\/?p=70977\">more <span class=\"meta-nav\">&raquo;<\/span><\/a><\/p>\n","protected":false},"author":2,"featured_media":70981,"comment_status":"closed","ping_status":"closed","sticky":false,"template":"","format":"standard","meta":{"footnotes":""},"categories":[6,41],"tags":[74,16562,16563,40,100],"aioseo_notices":[],"_links":{"self":[{"href":"http:\/\/infois.ro\/index.php?rest_route=\/wp\/v2\/posts\/70977"}],"collection":[{"href":"http:\/\/infois.ro\/index.php?rest_route=\/wp\/v2\/posts"}],"about":[{"href":"http:\/\/infois.ro\/index.php?rest_route=\/wp\/v2\/types\/post"}],"author":[{"embeddable":true,"href":"http:\/\/infois.ro\/index.php?rest_route=\/wp\/v2\/users\/2"}],"replies":[{"embeddable":true,"href":"http:\/\/infois.ro\/index.php?rest_route=%2Fwp%2Fv2%2Fcomments&post=70977"}],"version-history":[{"count":1,"href":"http:\/\/infois.ro\/index.php?rest_route=\/wp\/v2\/posts\/70977\/revisions"}],"predecessor-version":[{"id":70984,"href":"http:\/\/infois.ro\/index.php?rest_route=\/wp\/v2\/posts\/70977\/revisions\/70984"}],"wp:featuredmedia":[{"embeddable":true,"href":"http:\/\/infois.ro\/index.php?rest_route=\/wp\/v2\/media\/70981"}],"wp:attachment":[{"href":"http:\/\/infois.ro\/index.php?rest_route=%2Fwp%2Fv2%2Fmedia&parent=70977"}],"wp:term":[{"taxonomy":"category","embeddable":true,"href":"http:\/\/infois.ro\/index.php?rest_route=%2Fwp%2Fv2%2Fcategories&post=70977"},{"taxonomy":"post_tag","embeddable":true,"href":"http:\/\/infois.ro\/index.php?rest_route=%2Fwp%2Fv2%2Ftags&post=70977"}],"curies":[{"name":"wp","href":"https:\/\/api.w.org\/{rel}","templated":true}]}}