{"id":71005,"date":"2023-05-15T22:44:09","date_gmt":"2023-05-15T19:44:09","guid":{"rendered":"http:\/\/infois.ro\/?p=71005"},"modified":"2023-05-16T08:45:47","modified_gmt":"2023-05-16T05:45:47","slug":"a-crescut-numarul-cazurilor-de-scarlatina-in-judetul-iasi","status":"publish","type":"post","link":"http:\/\/infois.ro\/?p=71005","title":{"rendered":"A crescut num\u0103rul cazurilor de scarlatin\u0103 \u00een jude\u0163ul Ia\u015fi"},"content":{"rendered":"<p><img loading=\"lazy\" decoding=\"async\" class=\"size-medium wp-image-64919 alignleft\" src=\"http:\/\/infois.ro\/wp-content\/uploads\/2022\/08\/fatita-cu-scarlatina-300x300.jpg\" alt=\"\" width=\"300\" height=\"300\" srcset=\"http:\/\/infois.ro\/wp-content\/uploads\/2022\/08\/fatita-cu-scarlatina-300x300.jpg 300w, http:\/\/infois.ro\/wp-content\/uploads\/2022\/08\/fatita-cu-scarlatina-150x150.jpg 150w, http:\/\/infois.ro\/wp-content\/uploads\/2022\/08\/fatita-cu-scarlatina-80x80.jpg 80w, http:\/\/infois.ro\/wp-content\/uploads\/2022\/08\/fatita-cu-scarlatina-100x100.jpg 100w, http:\/\/infois.ro\/wp-content\/uploads\/2022\/08\/fatita-cu-scarlatina.jpg 640w\" sizes=\"(max-width: 300px) 100vw, 300px\" \/><\/p>\n<p style=\"text-align: justify;\">Potrivit reprezentan\u0163ilor Direc\u0163iei de S\u0103n\u0103tate Public\u0103 (DSP), \u00een perioada 1- 15 mai, \u00een jude\u0163ul Ia\u015fi au fost \u00eenregistrate 56 de cazuri de scarlatin\u0103, 23 dintre acestea necesit\u00e2nd internarea la Spitalul de Boli Infec\u0163ioase. \u00centr-un comunicat remis redac\u0163iei de DSP se precizeaz\u0103 c\u0103, \u00een acest moment, mai sunt dou\u0103 cazuri care neecesit\u0103 internarea. \u00cen ultima perioad\u0103, num\u0103rul cazurilor de infectare cu streptococul de tip A (cel care conduce la apari\u0163ia scarlatinei la copii) este \u00een cre\u015ftere, speciali\u015ftii pun\u00e2nd acest lucru pe seama perioadei lungi de carantin\u0103 cauzat\u0103 de pandemia de coronavirus, urmat\u0103 de o oarecare explozie a infec\u0163iilor virale. Scarlatina este o boal\u0103 infecto-contagioas\u0103 specific\u0103 sezonului rece care afecteaz\u0103 \u00een mod special copii cu v\u00e2rsta cuprins\u0103 \u00eentre 5 \u015fi 10 ani, afla\u0163i \u00een colectivit\u0103\u0163i. Boala se transmite pe calea aerului, respectiv prin str\u0103nut, tu\u015fit sau vorbit \u015fi mai rar prin atingferea unor suprafe\u0163e contaminate sau prin contactul direct cu leziunile cutanate ale persoanei infectate cu streptococul de tip A. Boala se manifest\u0103 prin apari\u0163ia pe corp a unor erup\u0163ii ro\u015fii, inclusiv la nivelul fe\u0163ei. Simptome: stare general\u0103 influen\u0163at\u0103, febr\u0103, disfagie, dureri abdominale, grea\u0163\u0103 \u015fi v\u0103rs\u0103turi. Tratamentul const\u0103 \u00een administrarea de antibiotice \u015fi antitermice.<\/p>\n","protected":false},"excerpt":{"rendered":"<p>Potrivit reprezentan\u0163ilor Direc\u0163iei de S\u0103n\u0103tate Public\u0103 (DSP), \u00een perioada 1- 15 mai, \u00een jude\u0163ul Ia\u015fi&#8230; <a class=\"meta-more\" href=\"http:\/\/infois.ro\/?p=71005\">more <span class=\"meta-nav\">&raquo;<\/span><\/a><\/p>\n","protected":false},"author":2,"featured_media":64919,"comment_status":"closed","ping_status":"closed","sticky":false,"template":"","format":"standard","meta":{"footnotes":""},"categories":[41,24],"tags":[74,279,16567,40,15687],"aioseo_notices":[],"_links":{"self":[{"href":"http:\/\/infois.ro\/index.php?rest_route=\/wp\/v2\/posts\/71005"}],"collection":[{"href":"http:\/\/infois.ro\/index.php?rest_route=\/wp\/v2\/posts"}],"about":[{"href":"http:\/\/infois.ro\/index.php?rest_route=\/wp\/v2\/types\/post"}],"author":[{"embeddable":true,"href":"http:\/\/infois.ro\/index.php?rest_route=\/wp\/v2\/users\/2"}],"replies":[{"embeddable":true,"href":"http:\/\/infois.ro\/index.php?rest_route=%2Fwp%2Fv2%2Fcomments&post=71005"}],"version-history":[{"count":1,"href":"http:\/\/infois.ro\/index.php?rest_route=\/wp\/v2\/posts\/71005\/revisions"}],"predecessor-version":[{"id":71006,"href":"http:\/\/infois.ro\/index.php?rest_route=\/wp\/v2\/posts\/71005\/revisions\/71006"}],"wp:featuredmedia":[{"embeddable":true,"href":"http:\/\/infois.ro\/index.php?rest_route=\/wp\/v2\/media\/64919"}],"wp:attachment":[{"href":"http:\/\/infois.ro\/index.php?rest_route=%2Fwp%2Fv2%2Fmedia&parent=71005"}],"wp:term":[{"taxonomy":"category","embeddable":true,"href":"http:\/\/infois.ro\/index.php?rest_route=%2Fwp%2Fv2%2Fcategories&post=71005"},{"taxonomy":"post_tag","embeddable":true,"href":"http:\/\/infois.ro\/index.php?rest_route=%2Fwp%2Fv2%2Ftags&post=71005"}],"curies":[{"name":"wp","href":"https:\/\/api.w.org\/{rel}","templated":true}]}}